{"id":79537,"date":"2025-10-21T09:46:50","date_gmt":"2025-10-21T07:46:50","guid":{"rendered":"https:\/\/miradordeatarfe.es\/?p=79537"},"modified":"2025-10-20T17:06:17","modified_gmt":"2025-10-20T15:06:17","slug":"el-gobierno-propone-a-la-ue-acabar-definitivamente-con-el-cambio-de-hora","status":"publish","type":"post","link":"https:\/\/miradordeatarfe.es\/?p=79537","title":{"rendered":"El Gobierno propone a la UE acabar definitivamente con el cambio de hora"},"content":{"rendered":"<div class=\"text-base desktop:text-xl text-pretty text-neutral-gray-800 dark:text-cold-gray-200 mb-5 desktop:mb-7 [&amp;_ul]:list-disc desktop:[&amp;_ul]:ml-3 [&amp;_li]:marker:text-publico [&amp;_li]:mb-2 [&amp;_a]:text-link-normal dark:[&amp;_a]:text-link-dark [&amp;_a]:underline [&amp;_a:hover]:text-link-hover [&amp;_a:hover]:no-underline [&amp;_a:hover]:dark:text-link-dark-hover\" data-original-text-size=\"text-lg:text-xl\">\n<h3>S\u00e1nchez tacha el cambio horario de \u00abmedida obsoleta\u00bb, dado que la mayor\u00eda de los ciudadanos reclaman que no se haga y tampoco supone ya un ahorro energ\u00e9tico.<\/h3>\n<\/div>\n<div id=\"body-modules\" class=\"body-modules w-full\">\n<p class=\"paragraph text-xl pb-7 w-full text-pretty [&amp;_a]:text-link-normal dark:[&amp;_a]:text-link-dark [&amp;_a]:decoration-1 [&amp;_a:hover]:underline [&amp;_a:hover]:text-link-hover [&amp;_a:hover]:decoration-2 [&amp;_b_a]:text-link-normal dark:[&amp;_b_a]:text-link-dark [&amp;_b_a]:decoration-1 [&amp;_b_a:hover]:underline [&amp;_b_a:hover]:text-link-hover desktop:leading-relaxed break-words font-serif\" data-original-text-size=\"text-xl\">El presidente del Gobierno, Pedro S\u00e1nchez, ha anunciado que Espa\u00f1a propondr\u00e1 este lunes a la Uni\u00f3n Europea <b>acabar definitivamente con el cambio de hora en Europa.<\/b><\/p>\n<p class=\"paragraph text-xl pb-7 w-full text-pretty [&amp;_a]:text-link-normal dark:[&amp;_a]:text-link-dark [&amp;_a]:decoration-1 [&amp;_a:hover]:underline [&amp;_a:hover]:text-link-hover [&amp;_a:hover]:decoration-2 [&amp;_b_a]:text-link-normal dark:[&amp;_b_a]:text-link-dark [&amp;_b_a]:decoration-1 [&amp;_b_a:hover]:underline [&amp;_b_a:hover]:text-link-hover desktop:leading-relaxed break-words font-serif\" data-original-text-size=\"text-xl\">S\u00e1nchez ha avanzado esta propuesta en un v\u00eddeo en redes sociales en la semana en la que, como viene siendo pr\u00e1ctica habitual, <a title=\"Cambio de hora en octubre: a qu\u00e9 hora amanecer\u00e1, cu\u00e1ndo anochecer\u00e1 y cu\u00e1l ser\u00e1 el d\u00eda con menos luz\" href=\"https:\/\/www.publico.es\/sociedad\/cambio-hora-octubre-hora-amanecera-anochecera-sera-dia-luz.html\">habr\u00e1 que cambiar en la UE al horario de invierno.<\/a><\/p>\n<div>\u00a0<\/div>\n<div class=\"text-center mb-7\">\n<div class=\"social social-x flex justify-center\">\n<div class=\"twitter-tweet twitter-tweet-rendered\"><iframe id=\"twitter-widget-0\" class=\"\" title=\"X Post\" src=\"https:\/\/platform.twitter.com\/embed\/Tweet.html?dnt=false&amp;embedId=twitter-widget-0&amp;features=eyJ0ZndfdGltZWxpbmVfbGlzdCI6eyJidWNrZXQiOltdLCJ2ZXJzaW9uIjpudWxsfSwidGZ3X2ZvbGxvd2VyX2NvdW50X3N1bnNldCI6eyJidWNrZXQiOnRydWUsInZlcnNpb24iOm51bGx9LCJ0ZndfdHdlZXRfZWRpdF9iYWNrZW5kIjp7ImJ1Y2tldCI6Im9uIiwidmVyc2lvbiI6bnVsbH0sInRmd19yZWZzcmNfc2Vzc2lvbiI6eyJidWNrZXQiOiJvbiIsInZlcnNpb24iOm51bGx9LCJ0ZndfZm9zbnJfc29mdF9pbnRlcnZlbnRpb25zX2VuYWJsZWQiOnsiYnVja2V0Ijoib24iLCJ2ZXJzaW9uIjpudWxsfSwidGZ3X21peGVkX21lZGlhXzE1ODk3Ijp7ImJ1Y2tldCI6InRyZWF0bWVudCIsInZlcnNpb24iOm51bGx9LCJ0ZndfZXhwZXJpbWVudHNfY29va2llX2V4cGlyYXRpb24iOnsiYnVja2V0IjoxMjA5NjAwLCJ2ZXJzaW9uIjpudWxsfSwidGZ3X3Nob3dfYmlyZHdhdGNoX3Bpdm90c19lbmFibGVkIjp7ImJ1Y2tldCI6Im9uIiwidmVyc2lvbiI6bnVsbH0sInRmd19kdXBsaWNhdGVfc2NyaWJlc190b19zZXR0aW5ncyI6eyJidWNrZXQiOiJvbiIsInZlcnNpb24iOm51bGx9LCJ0ZndfdXNlX3Byb2ZpbGVfaW1hZ2Vfc2hhcGVfZW5hYmxlZCI6eyJidWNrZXQiOiJvbiIsInZlcnNpb24iOm51bGx9LCJ0ZndfdmlkZW9faGxzX2R5bmFtaWNfbWFuaWZlc3RzXzE1MDgyIjp7ImJ1Y2tldCI6InRydWVfYml0cmF0ZSIsInZlcnNpb24iOm51bGx9LCJ0ZndfbGVnYWN5X3RpbWVsaW5lX3N1bnNldCI6eyJidWNrZXQiOnRydWUsInZlcnNpb24iOm51bGx9LCJ0ZndfdHdlZXRfZWRpdF9mcm9udGVuZCI6eyJidWNrZXQiOiJvbiIsInZlcnNpb24iOm51bGx9fQ%3D%3D&amp;frame=false&amp;hideCard=false&amp;hideThread=false&amp;id=1980151947807055966&amp;lang=es&amp;origin=https%3A%2F%2Fwww.publico.es%2Fpolitica%2Fgobierno-propone-ue-acabar-definitivamente-cambio-hora.html&amp;sessionId=8ff773f88c9357b0318cd282b643180593e6d340&amp;siteScreenName=publico_es&amp;theme=light&amp;widgetsVersion=2615f7e52b7e0%3A1702314776716&amp;width=550px\" frameborder=\"0\" scrolling=\"no\" allowfullscreen=\"allowfullscreen\" data-tweet-id=\"1980151947807055966\" data-mce-fragment=\"1\"><\/iframe><\/div>\n<\/div>\n<\/div>\n<p class=\"paragraph text-xl pb-7 w-full text-pretty [&amp;_a]:text-link-normal dark:[&amp;_a]:text-link-dark [&amp;_a]:decoration-1 [&amp;_a:hover]:underline [&amp;_a:hover]:text-link-hover [&amp;_a:hover]:decoration-2 [&amp;_b_a]:text-link-normal dark:[&amp;_b_a]:text-link-dark [&amp;_b_a]:decoration-1 [&amp;_b_a:hover]:underline [&amp;_b_a:hover]:text-link-hover desktop:leading-relaxed break-words font-serif\" data-original-text-size=\"text-xl\">Para el jefe del Ejecutivo, este cambio horario <b>ya no tiene sentido,<\/b> de forma mayoritaria los ciudadanos reclaman en las encuestas que no se haga, y la ciencia dice que <b>ya no supone un ahorro energ\u00e9tico <\/b>y trastoca los ritmos biol\u00f3gicos dos veces al a\u00f1o.<\/p>\n<p class=\"paragraph text-xl pb-7 w-full text-pretty [&amp;_a]:text-link-normal dark:[&amp;_a]:text-link-dark [&amp;_a]:decoration-1 [&amp;_a:hover]:underline [&amp;_a:hover]:text-link-hover [&amp;_a:hover]:decoration-2 [&amp;_b_a]:text-link-normal dark:[&amp;_b_a]:text-link-dark [&amp;_b_a]:decoration-1 [&amp;_b_a:hover]:underline [&amp;_b_a:hover]:text-link-hover desktop:leading-relaxed break-words font-serif\" data-original-text-size=\"text-xl\">Tras recordar que el<b> Parlamento Europeo<\/b> vot\u00f3 hace seis a\u00f1os acabar con esa pr\u00e1ctica, subraya que la pol\u00edtica \u00fatil es la que escucha a los <b>ciudadanos y a la ciencia<\/b> y lo lleva a su legislaci\u00f3n.<\/p>\n<p class=\"paragraph text-xl pb-7 w-full text-pretty [&amp;_a]:text-link-normal dark:[&amp;_a]:text-link-dark [&amp;_a]:decoration-1 [&amp;_a:hover]:underline [&amp;_a:hover]:text-link-hover [&amp;_a:hover]:decoration-2 [&amp;_b_a]:text-link-normal dark:[&amp;_b_a]:text-link-dark [&amp;_b_a]:decoration-1 [&amp;_b_a:hover]:underline [&amp;_b_a:hover]:text-link-hover desktop:leading-relaxed break-words font-serif\" data-original-text-size=\"text-xl\">La petici\u00f3n de acabar con el cambio horario se plantear\u00e1 formalmente este lunes en la reuni\u00f3n del <b>Consejo de Transporte,<\/b> <b>Telecomunicaciones y Energ\u00eda <\/b>a la que asisten los ministros con estas competencias de los Veintisiete.<\/p>\n<p class=\"paragraph text-xl pb-7 w-full text-pretty [&amp;_a]:text-link-normal dark:[&amp;_a]:text-link-dark [&amp;_a]:decoration-1 [&amp;_a:hover]:underline [&amp;_a:hover]:text-link-hover [&amp;_a:hover]:decoration-2 [&amp;_b_a]:text-link-normal dark:[&amp;_b_a]:text-link-dark [&amp;_b_a]:decoration-1 [&amp;_b_a:hover]:underline [&amp;_b_a:hover]:text-link-hover desktop:leading-relaxed break-words font-serif\" data-original-text-size=\"text-xl\">Fuentes del Gobierno han reiterado los argumentos expuestos por S\u00e1nchez para que no haya cambio de hora en la Uni\u00f3n Europea y han subrayado que<b> en Espa\u00f1a el 66% de la poblaci\u00f3n est\u00e1 a favor de ello.<\/b><\/p>\n<p class=\"paragraph text-xl pb-7 w-full text-pretty [&amp;_a]:text-link-normal dark:[&amp;_a]:text-link-dark [&amp;_a]:decoration-1 [&amp;_a:hover]:underline [&amp;_a:hover]:text-link-hover [&amp;_a:hover]:decoration-2 [&amp;_b_a]:text-link-normal dark:[&amp;_b_a]:text-link-dark [&amp;_b_a]:decoration-1 [&amp;_b_a:hover]:underline [&amp;_b_a:hover]:text-link-hover desktop:leading-relaxed break-words font-serif\" data-original-text-size=\"text-xl\">La planificaci\u00f3n actual de la Uni\u00f3n Europea respecto a este cambio<b> finaliza este a\u00f1o 2026<\/b>, por lo que el Gobierno considera que es una oportunidad para <b>volver a plantear el fin de esta pr\u00e1ctica.<\/b><\/p>\n<p class=\"paragraph text-xl pb-7 w-full text-pretty [&amp;_a]:text-link-normal dark:[&amp;_a]:text-link-dark [&amp;_a]:decoration-1 [&amp;_a:hover]:underline [&amp;_a:hover]:text-link-hover [&amp;_a:hover]:decoration-2 [&amp;_b_a]:text-link-normal dark:[&amp;_b_a]:text-link-dark [&amp;_b_a]:decoration-1 [&amp;_b_a:hover]:underline [&amp;_b_a:hover]:text-link-hover desktop:leading-relaxed break-words font-serif\" data-original-text-size=\"text-xl\">Adem\u00e1s del <strong>Parlamento Europeo en 2019,<\/strong> recuerdan que tambi\u00e9n la Comisi\u00f3n hizo esa propuesta un a\u00f1o antes tras una consulta ciudadana en la que participaron<b> 4,6 millones de personas,<\/b> con un <b>84% a favor de terminar con los cambios.<\/b><\/p>\n<p class=\"paragraph text-xl pb-7 w-full text-pretty [&amp;_a]:text-link-normal dark:[&amp;_a]:text-link-dark [&amp;_a]:decoration-1 [&amp;_a:hover]:underline [&amp;_a:hover]:text-link-hover [&amp;_a:hover]:decoration-2 [&amp;_b_a]:text-link-normal dark:[&amp;_b_a]:text-link-dark [&amp;_b_a]:decoration-1 [&amp;_b_a:hover]:underline [&amp;_b_a:hover]:text-link-hover desktop:leading-relaxed break-words font-serif\" data-original-text-size=\"text-xl\">Sin embargo, la decisi\u00f3n qued\u00f3 paralizada por la<b> falta de consenso <\/b>entre los Estados, ya que es necesaria una <b>mayor\u00eda cualificada <\/b>en el Consejo para que salga adelante.<\/p>\n<p class=\"paragraph text-xl pb-7 w-full text-pretty [&amp;_a]:text-link-normal dark:[&amp;_a]:text-link-dark [&amp;_a]:decoration-1 [&amp;_a:hover]:underline [&amp;_a:hover]:text-link-hover [&amp;_a:hover]:decoration-2 [&amp;_b_a]:text-link-normal dark:[&amp;_b_a]:text-link-dark [&amp;_b_a]:decoration-1 [&amp;_b_a:hover]:underline [&amp;_b_a:hover]:text-link-hover desktop:leading-relaxed break-words font-serif\" data-original-text-size=\"text-xl\">Despu\u00e9s de que en 1980 la entonces <b>Comunidad Econ\u00f3mica Europea <\/b>empezase a coordinar los horarios de verano e invierno de los pa\u00edses miembros para <b>aprovechar m\u00e1s las horas de luz para reducir el consumo energ\u00e9tico,<\/b> y armonizar el funcionamiento del mercado com\u00fan, el Gobierno entiende que la evoluci\u00f3n de la econom\u00eda, la tecnolog\u00eda y los h\u00e1bitos sociales han dejado <b>obsoleta esta medida. <\/b>Adem\u00e1s de recalcar que\u00a0sigue teniendo importantes<b> impactos en el bienestar de la poblaci\u00f3n.<\/b><\/p>\n<p class=\"paragraph text-xl pb-7 w-full text-pretty [&amp;_a]:text-link-normal dark:[&amp;_a]:text-link-dark [&amp;_a]:decoration-1 [&amp;_a:hover]:underline [&amp;_a:hover]:text-link-hover [&amp;_a:hover]:decoration-2 [&amp;_b_a]:text-link-normal dark:[&amp;_b_a]:text-link-dark [&amp;_b_a]:decoration-1 [&amp;_b_a:hover]:underline [&amp;_b_a:hover]:text-link-hover desktop:leading-relaxed break-words font-serif\" data-original-text-size=\"text-xl\">Con esta decisi\u00f3n, el Ejecutivo explica que Espa\u00f1a manda un mensaje claro de que los Estados miembros <b>deben escuchar a la ciudadan\u00eda<\/b>, atender la<b> evidencia cient\u00edfica<\/b> y demostrar que son capaces de <b>actualizar sus pol\u00edticas al ritmo de los tiempos.<\/b><\/p>\n<h1 id=\"article-title\" class=\"article-title text-balance desktop:text-pretty leading-tight mb-7 desktop:mb-5 font-serif text-xl8 desktop:text-xxxl\" data-original-text-size=\"text-xl8:text-xxxl\">EFE<\/h1>\n<p>FOTO: <span class=\"image-description\" title=\"Pedro S\u00e1nchez en la sesi\u00f3n del control al ejecutivo celebrada este mi\u00e9rcoles.\">Pedro S\u00e1nchez en la sesi\u00f3n del control al ejecutivo celebrada este mi\u00e9rcoles.<\/span><strong class=\"author ml-1.5\" title=\"EFE \/ Javier Liz\u00f3n\">EFE \/ Javier Liz\u00f3n<\/strong><\/p>\n<p>https:\/\/www.publico.es\/politica\/gobierno-propone-ue-acabar-definitivamente-cambio-hora.html<\/p>\n<\/div>\n","protected":false},"excerpt":{"rendered":"<p>S\u00e1nchez tacha el cambio horario de \u00abmedida obsoleta\u00bb, dado que la mayor\u00eda de los ciudadanos&#8230;<\/p>\n","protected":false},"author":1,"featured_media":79538,"comment_status":"closed","ping_status":"closed","sticky":false,"template":"","format":"standard","meta":{"_coblocks_attr":"","_coblocks_dimensions":"","_coblocks_responsive_height":"","_coblocks_accordion_ie_support":"","jetpack_post_was_ever_published":false,"_jetpack_newsletter_access":"","_jetpack_dont_email_post_to_subs":false,"_jetpack_newsletter_tier_id":0,"_jetpack_memberships_contains_paywalled_content":false,"_jetpack_memberships_contains_paid_content":false,"footnotes":"","jetpack_publicize_message":"","jetpack_publicize_feature_enabled":true,"jetpack_social_post_already_shared":true,"jetpack_social_options":{"image_generator_settings":{"template":"highway","default_image_id":0,"enabled":false},"version":2}},"categories":[10797,1161,44],"tags":[],"class_list":["post-79537","post","type-post","status-publish","format-standard","has-post-thumbnail","hentry","category-ciencia","category-ciudadania","category-noticias-de-hoy"],"jetpack_publicize_connections":[],"jetpack_featured_media_url":"https:\/\/i0.wp.com\/miradordeatarfe.es\/wp-content\/uploads\/2025\/10\/68f5deaf4775c.jpeg?fit=990%2C557&ssl=1","jetpack_likes_enabled":true,"jetpack_sharing_enabled":true,"_links":{"self":[{"href":"https:\/\/miradordeatarfe.es\/index.php?rest_route=\/wp\/v2\/posts\/79537","targetHints":{"allow":["GET"]}}],"collection":[{"href":"https:\/\/miradordeatarfe.es\/index.php?rest_route=\/wp\/v2\/posts"}],"about":[{"href":"https:\/\/miradordeatarfe.es\/index.php?rest_route=\/wp\/v2\/types\/post"}],"author":[{"embeddable":true,"href":"https:\/\/miradordeatarfe.es\/index.php?rest_route=\/wp\/v2\/users\/1"}],"replies":[{"embeddable":true,"href":"https:\/\/miradordeatarfe.es\/index.php?rest_route=%2Fwp%2Fv2%2Fcomments&post=79537"}],"version-history":[{"count":1,"href":"https:\/\/miradordeatarfe.es\/index.php?rest_route=\/wp\/v2\/posts\/79537\/revisions"}],"predecessor-version":[{"id":79539,"href":"https:\/\/miradordeatarfe.es\/index.php?rest_route=\/wp\/v2\/posts\/79537\/revisions\/79539"}],"wp:featuredmedia":[{"embeddable":true,"href":"https:\/\/miradordeatarfe.es\/index.php?rest_route=\/wp\/v2\/media\/79538"}],"wp:attachment":[{"href":"https:\/\/miradordeatarfe.es\/index.php?rest_route=%2Fwp%2Fv2%2Fmedia&parent=79537"}],"wp:term":[{"taxonomy":"category","embeddable":true,"href":"https:\/\/miradordeatarfe.es\/index.php?rest_route=%2Fwp%2Fv2%2Fcategories&post=79537"},{"taxonomy":"post_tag","embeddable":true,"href":"https:\/\/miradordeatarfe.es\/index.php?rest_route=%2Fwp%2Fv2%2Ftags&post=79537"}],"curies":[{"name":"wp","href":"https:\/\/api.w.org\/{rel}","templated":true}]}}