{"id":7955,"date":"2016-04-04T07:30:50","date_gmt":"2016-04-04T07:30:50","guid":{"rendered":"http:\/\/miradordeatarfe.es\/?p=7955"},"modified":"2016-04-04T07:42:40","modified_gmt":"2016-04-04T07:42:40","slug":"japon-cumple-su-desafio-internacional-con-la-caza-de-mas-de-330-ballenas-en-tres-meses","status":"publish","type":"post","link":"https:\/\/miradordeatarfe.es\/?p=7955","title":{"rendered":"Jap\u00f3n cumple su desaf\u00edo internacional con la caza de m\u00e1s de 330 ballenas en tres meses"},"content":{"rendered":"<p style=\"text-align: justify;\">Del total de ejemplares capturados, unos 230 eran hembras y el 90% estaban embarazadas, seg\u00fan el informe de la Agencia Pesquera de Jap\u00f3n.La expedici\u00f3n, formada por cuatro barcos, es el principio de una iniciativa por la que Jap\u00f3n tiene previsto matar a m\u00e1s de 4.000 ballenas <em>minke<\/em> en los pr\u00f3ximos 12 a\u00f1os<!--more-->Una flota de pesqueros japoneses ha regresado ayer jueves a puerto tras dar muerte, durante los \u00faltimos tres meses, a un total 333 ballenas <em>minke<\/em> en su primera cacer\u00eda por el Ant\u00e1rtico desde que la Corte Internacional Justicia (CIJ) fallara hace dos a\u00f1os en contra de este tipo de pr\u00e1cticas.<\/p>\n<p>Del total de ballenas cazadas, unas 230 eran hembras y el 90 por ciento estaban embarazadas, seg\u00fan el informe de la Agencia Pesquera de Jap\u00f3n, recogido por la cadena CNN.<\/p>\n<p>La agencia ha anunciado el retorno de la flota \u00abtras cumplir con la cuota anual\u00bb de piezas tras reiterar que la misi\u00f3n cumpl\u00eda \u00abun objetivo cient\u00edfico\u00bb para \u00abestudiar las ballenas\u00bb. La expedici\u00f3n, formada por cuatro barcos, es el principio de una iniciativa por la que Jap\u00f3n tiene previsto matar a m\u00e1s de 4.000 ballenas minke en los pr\u00f3ximos 12 a\u00f1os<\/p>\n<p style=\"text-align: justify;\">En realidad , lo que ha hecho Jap\u00f3n, seg\u00fan numerosas ONG pro medioambientales, es aprovecharse de un extra\u00f1o argumento legal: una exenci\u00f3n a una prohibici\u00f3n de la caza de ballenas internacional de 1986. En virtud de dicha exenci\u00f3n, se permitir\u00eda la caza si hay \u00abintenciones cient\u00edficas\u00bb.<\/p>\n<p>Jap\u00f3n y Australia llevan 30 a\u00f1os recurriendo a este objeto legal para justificar sus cacer\u00edas. Concretamente, Jap\u00f3n argumenta que estas operaciones tiene la intenci\u00f3n de \u00abcontrolar la poblaci\u00f3n de ballenas en el Ant\u00e1rtico\u00bb, algo que para asociaciones como Greenpeace se trata de una simple excusa.<\/p>\n<p style=\"text-align: justify;\">\n<p style=\"text-align: justify;\">1<\/p>\n","protected":false},"excerpt":{"rendered":"<p>Del total de ejemplares capturados, unos 230 eran hembras y el 90% estaban embarazadas, seg\u00fan&#8230;<\/p>\n","protected":false},"author":1,"featured_media":7956,"comment_status":"closed","ping_status":"closed","sticky":false,"template":"","format":"standard","meta":{"_coblocks_attr":"","_coblocks_dimensions":"","_coblocks_responsive_height":"","_coblocks_accordion_ie_support":"","jetpack_post_was_ever_published":false,"_jetpack_newsletter_access":"","_jetpack_dont_email_post_to_subs":false,"_jetpack_newsletter_tier_id":0,"_jetpack_memberships_contains_paywalled_content":false,"_jetpack_memberships_contains_paid_content":false,"footnotes":"","jetpack_publicize_message":"","jetpack_publicize_feature_enabled":true,"jetpack_social_post_already_shared":false,"jetpack_social_options":{"image_generator_settings":{"template":"highway","default_image_id":0,"enabled":false},"version":2}},"categories":[44,15],"tags":[124,2420,99,2421],"class_list":["post-7955","post","type-post","status-publish","format-standard","has-post-thumbnail","hentry","category-noticias-de-hoy","category-ultimas-noticias","tag-facebook","tag-japon","tag-medio-ambiente","tag-pesca-animales"],"jetpack_publicize_connections":[],"jetpack_featured_media_url":"https:\/\/i0.wp.com\/miradordeatarfe.es\/wp-content\/uploads\/2016\/03\/balle_655af2d4.jpg?fit=467%2C270&ssl=1","jetpack_likes_enabled":true,"jetpack_sharing_enabled":true,"_links":{"self":[{"href":"https:\/\/miradordeatarfe.es\/index.php?rest_route=\/wp\/v2\/posts\/7955","targetHints":{"allow":["GET"]}}],"collection":[{"href":"https:\/\/miradordeatarfe.es\/index.php?rest_route=\/wp\/v2\/posts"}],"about":[{"href":"https:\/\/miradordeatarfe.es\/index.php?rest_route=\/wp\/v2\/types\/post"}],"author":[{"embeddable":true,"href":"https:\/\/miradordeatarfe.es\/index.php?rest_route=\/wp\/v2\/users\/1"}],"replies":[{"embeddable":true,"href":"https:\/\/miradordeatarfe.es\/index.php?rest_route=%2Fwp%2Fv2%2Fcomments&post=7955"}],"version-history":[{"count":1,"href":"https:\/\/miradordeatarfe.es\/index.php?rest_route=\/wp\/v2\/posts\/7955\/revisions"}],"predecessor-version":[{"id":7957,"href":"https:\/\/miradordeatarfe.es\/index.php?rest_route=\/wp\/v2\/posts\/7955\/revisions\/7957"}],"wp:featuredmedia":[{"embeddable":true,"href":"https:\/\/miradordeatarfe.es\/index.php?rest_route=\/wp\/v2\/media\/7956"}],"wp:attachment":[{"href":"https:\/\/miradordeatarfe.es\/index.php?rest_route=%2Fwp%2Fv2%2Fmedia&parent=7955"}],"wp:term":[{"taxonomy":"category","embeddable":true,"href":"https:\/\/miradordeatarfe.es\/index.php?rest_route=%2Fwp%2Fv2%2Fcategories&post=7955"},{"taxonomy":"post_tag","embeddable":true,"href":"https:\/\/miradordeatarfe.es\/index.php?rest_route=%2Fwp%2Fv2%2Ftags&post=7955"}],"curies":[{"name":"wp","href":"https:\/\/api.w.org\/{rel}","templated":true}]}}