{"id":79566,"date":"2025-10-24T11:00:39","date_gmt":"2025-10-24T09:00:39","guid":{"rendered":"https:\/\/miradordeatarfe.es\/?p=79566"},"modified":"2025-10-22T12:35:15","modified_gmt":"2025-10-22T10:35:15","slug":"conferencia-actuada-1936-los-protagonistas-de-la-guerra","status":"publish","type":"post","link":"https:\/\/miradordeatarfe.es\/?p=79566","title":{"rendered":"ATAREF: Conferencia Actuada: \u201c1936. Los protagonistas de la guerra\u201d"},"content":{"rendered":"<h3>Un narrador repasa cronol\u00f3gicamente los sucesos esenciales de la guerra desde el golpe de estado del 18 de julio de 1936.<\/h3>\n<p>La narraci\u00f3n estar\u00e1 ilustrada por los discursos y testimonios de dos de sus protagonistas: el general Franco, l\u00edder de los sublevados, y Manuel Aza\u00f1a, presidente de la segunda rep\u00fablica.<\/p>\n<p>El actor Paco Ochoa ejerce de narrador. El actor Juan Vinuesa representa a Francisco Franco y la actriz Mar\u00eda Morales representa a don Manuel Aza\u00f1a. Este di\u00e1logo imposible con los lideres de cada bando pretende hacer de la conferencia un evento teatral did\u00e1ctico.<\/p>\n<p><em>\u00abEs importante conocer c\u00f3mo fuimos en el 36 para saber c\u00f3mo somos hoy d\u00eda, y c\u00f3mo seremos en el futuro\u00bb<\/em><\/p>\n<p>En el recital dramatizado y a trav\u00e9s del montaje teatral conoceremos detalles sobre las batallas, sobre la vida cotidiana durante la guerra, sobre los puntos de vista de otros protagonistas del conflicto, sobre el nacimiento del fascismo en nuestro pa\u00eds, sobre la revoluci\u00f3n social, sobre la intervenci\u00f3n y la no intervenci\u00f3n internacional y sobre las causas y consecuencias del suceso m\u00e1s tr\u00e1gico e importante en nuestro pa\u00eds, y de sus ecos hoy.<\/p>\n<p>En castellano.<\/p>\n<p>Duraci\u00f3n aproximada:\u00a060 min. (recital) + 60 min. (encuentro entre int\u00e9rpretes y p\u00fablico asistente)<\/p>\n<div class=\"oKdM2c ZZyype\">\n<div id=\"h.6a22ba65b5e63e36_399\" class=\"hJDwNd-AhqUyc-OwsYgb Ft7HRd-AhqUyc-OwsYgb jXK9ad D2fZ2 zu5uec wHaque g5GTcb\">\n<div class=\"jXK9ad-SmKAyb\">\n<div class=\"tyJCtd mGzaTb Depvyb baZpAe\">\n<p class=\"zfr3Q CDt4Ke \" dir=\"ltr\"><strong><span class=\"C9DxTc \">&#x1f4c5; <\/span><span class=\"C9DxTc \">Mi\u00e9rcoles, 29 de octubre<\/span><span class=\"C9DxTc \"><br \/>\n<\/span><span class=\"C9DxTc \">&#x1f556; <\/span><span class=\"C9DxTc \">19:00 h<\/span><span class=\"C9DxTc \"><br \/>\n<\/span><span class=\"C9DxTc \">&#x1f4cd; <\/span><span class=\"C9DxTc \">Centro Cultural Medina Elvira<\/span><\/strong><\/p>\n<p class=\"zfr3Q CDt4Ke \" dir=\"ltr\"><span class=\"C9DxTc \">Una propuesta \u00fanica que combina historia y teatro para narrar los hechos esenciales de la Guerra Civil espa\u00f1ola desde una mirada humana, cr\u00edtica y did\u00e1ctica.<\/span><\/p>\n<p class=\"zfr3Q CDt4Ke \" dir=\"ltr\"><span class=\"C9DxTc \">Dirigida por <\/span><span class=\"C9DxTc \">Andr\u00e9s Lima<\/span><span class=\"C9DxTc \">, esta obra invita a reflexionar sobre c\u00f3mo los acontecimientos del pasado siguen resonando hoy en nuestra sociedad.<\/span><\/p>\n<p class=\"zfr3Q CDt4Ke \" dir=\"ltr\"><span class=\"C9DxTc \">&#x1f39f;&#xfe0f; <\/span><span class=\"C9DxTc \">Consigue ya tu invitaci\u00f3n en el Centro Cultural Medina Elvira.<\/span><\/p>\n<p class=\"zfr3Q CDt4Ke \" dir=\"ltr\"><span class=\"C9DxTc \"><br \/>\n<\/span><span class=\"C9DxTc \">No te pierdas este di\u00e1logo imposible entre Franco y Aza\u00f1a que cobra vida sobre el escenario.<\/span><\/p>\n<p dir=\"ltr\"><img data-recalc-dims=\"1\" loading=\"lazy\" decoding=\"async\" class=\"alignnone wp-image-79567 size-full\" src=\"https:\/\/i0.wp.com\/miradordeatarfe.es\/wp-content\/uploads\/2025\/10\/franco.jpg?resize=640%2C905&#038;ssl=1\" alt=\"\" width=\"640\" height=\"905\" srcset=\"https:\/\/i0.wp.com\/miradordeatarfe.es\/wp-content\/uploads\/2025\/10\/franco.jpg?w=1280&amp;ssl=1 1280w, https:\/\/i0.wp.com\/miradordeatarfe.es\/wp-content\/uploads\/2025\/10\/franco.jpg?resize=212%2C300&amp;ssl=1 212w, https:\/\/i0.wp.com\/miradordeatarfe.es\/wp-content\/uploads\/2025\/10\/franco.jpg?resize=724%2C1024&amp;ssl=1 724w, https:\/\/i0.wp.com\/miradordeatarfe.es\/wp-content\/uploads\/2025\/10\/franco.jpg?resize=768%2C1086&amp;ssl=1 768w, https:\/\/i0.wp.com\/miradordeatarfe.es\/wp-content\/uploads\/2025\/10\/franco.jpg?resize=1086%2C1536&amp;ssl=1 1086w, https:\/\/i0.wp.com\/miradordeatarfe.es\/wp-content\/uploads\/2025\/10\/franco.jpg?resize=1024%2C1448&amp;ssl=1 1024w\" sizes=\"auto, (max-width: 640px) 100vw, 640px\" \/><\/p>\n<\/div>\n<\/div>\n<\/div>\n<\/div>\n","protected":false},"excerpt":{"rendered":"<p>Un narrador repasa cronol\u00f3gicamente los sucesos esenciales de la guerra desde el golpe de estado&#8230;<\/p>\n","protected":false},"author":1,"featured_media":79568,"comment_status":"closed","ping_status":"closed","sticky":false,"template":"","format":"standard","meta":{"_coblocks_attr":"","_coblocks_dimensions":"","_coblocks_responsive_height":"","_coblocks_accordion_ie_support":"","jetpack_post_was_ever_published":false,"_jetpack_newsletter_access":"","_jetpack_dont_email_post_to_subs":false,"_jetpack_newsletter_tier_id":0,"_jetpack_memberships_contains_paywalled_content":false,"_jetpack_memberships_contains_paid_content":false,"footnotes":"","jetpack_publicize_message":"","jetpack_publicize_feature_enabled":true,"jetpack_social_post_already_shared":true,"jetpack_social_options":{"image_generator_settings":{"template":"highway","default_image_id":0,"enabled":false},"version":2}},"categories":[12,6916,44],"tags":[],"class_list":["post-79566","post","type-post","status-publish","format-standard","has-post-thumbnail","hentry","category-cultura","category-ayuntamiento-de-atarfe","category-noticias-de-hoy"],"jetpack_publicize_connections":[],"jetpack_featured_media_url":"https:\/\/i0.wp.com\/miradordeatarfe.es\/wp-content\/uploads\/2025\/10\/Screenshot-2025-10-21-at-13-08-55-Los-protagonistas-del-golpe-de-Estado-de-julio-de-1936-en-Espana.png?fit=146%2C353&ssl=1","jetpack_likes_enabled":true,"jetpack_sharing_enabled":true,"_links":{"self":[{"href":"https:\/\/miradordeatarfe.es\/index.php?rest_route=\/wp\/v2\/posts\/79566","targetHints":{"allow":["GET"]}}],"collection":[{"href":"https:\/\/miradordeatarfe.es\/index.php?rest_route=\/wp\/v2\/posts"}],"about":[{"href":"https:\/\/miradordeatarfe.es\/index.php?rest_route=\/wp\/v2\/types\/post"}],"author":[{"embeddable":true,"href":"https:\/\/miradordeatarfe.es\/index.php?rest_route=\/wp\/v2\/users\/1"}],"replies":[{"embeddable":true,"href":"https:\/\/miradordeatarfe.es\/index.php?rest_route=%2Fwp%2Fv2%2Fcomments&post=79566"}],"version-history":[{"count":2,"href":"https:\/\/miradordeatarfe.es\/index.php?rest_route=\/wp\/v2\/posts\/79566\/revisions"}],"predecessor-version":[{"id":79584,"href":"https:\/\/miradordeatarfe.es\/index.php?rest_route=\/wp\/v2\/posts\/79566\/revisions\/79584"}],"wp:featuredmedia":[{"embeddable":true,"href":"https:\/\/miradordeatarfe.es\/index.php?rest_route=\/wp\/v2\/media\/79568"}],"wp:attachment":[{"href":"https:\/\/miradordeatarfe.es\/index.php?rest_route=%2Fwp%2Fv2%2Fmedia&parent=79566"}],"wp:term":[{"taxonomy":"category","embeddable":true,"href":"https:\/\/miradordeatarfe.es\/index.php?rest_route=%2Fwp%2Fv2%2Fcategories&post=79566"},{"taxonomy":"post_tag","embeddable":true,"href":"https:\/\/miradordeatarfe.es\/index.php?rest_route=%2Fwp%2Fv2%2Ftags&post=79566"}],"curies":[{"name":"wp","href":"https:\/\/api.w.org\/{rel}","templated":true}]}}