{"id":79570,"date":"2025-10-25T11:12:53","date_gmt":"2025-10-25T09:12:53","guid":{"rendered":"https:\/\/miradordeatarfe.es\/?p=79570"},"modified":"2025-10-24T14:41:36","modified_gmt":"2025-10-24T12:41:36","slug":"actividades-de-participa-atarfe-para-esta-semana","status":"publish","type":"post","link":"https:\/\/miradordeatarfe.es\/?p=79570","title":{"rendered":"ACTIVIDADES DE PARTICIPA ATARFE PARA ESTA SEMANA"},"content":{"rendered":"<section id=\"h.7b639877ec84dadf_17\" class=\"yaqOZd\">\n<div class=\"mYVXT\">\n<div class=\"LS81yb VICjCf j5pSsc db35Fc\" tabindex=\"-1\">\n<div class=\"hJDwNd-AhqUyc-OwsYgb Ft7HRd-AhqUyc-OwsYgb purZT-AhqUyc-II5mzb ZcASvf-AhqUyc-II5mzb pSzOP-AhqUyc-qWD73c Ktthjf-AhqUyc-qWD73c JNdkSc SQVYQc yYI8W HQwdzb\">\n<div class=\"JNdkSc-SmKAyb LkDMRd\">\n<div class=\"\">\n<div class=\"oKdM2c ZZyype Kzv0Me\">\n<div id=\"h.7b639877ec84dadf_23\" class=\"hJDwNd-AhqUyc-OwsYgb Ft7HRd-AhqUyc-OwsYgb jXK9ad D2fZ2 zu5uec OjCsFc dmUFtb\">\n<div class=\"jXK9ad-SmKAyb\">\n<div class=\"tyJCtd mGzaTb Depvyb baZpAe\">\n<h3 dir=\"ltr\">27 DE OCTUBRE EN CENTRO C\u00cdVICO<\/h3>\n<p class=\"zfr3Q CDt4Ke \" dir=\"ltr\"><span class=\"puwcIf C9DxTc \">Charla: \u201cLa Coeducaci\u00f3n: Llave de aprendizaje hacia una vida libre de violencia contra las mujeres\u201d\u00a0<\/span><\/p>\n<p class=\"zfr3Q CDt4Ke \" dir=\"ltr\"><span class=\"C9DxTc \">La educaci\u00f3n en igualdad es el primer paso hacia una sociedad m\u00e1s justa y libre de violencia.\u00a0<\/span><span class=\"C9DxTc \">En esta charla contaremos con dos expertas en la materia:<\/span><\/p>\n<ul>\n<li class=\"zfr3Q CDt4Ke \" dir=\"ltr\"><span class=\"C9DxTc \">\u00a0Marian Moreno<\/span><span class=\"C9DxTc \">, Asesora de Coeducaci\u00f3n del Instituto Asturiano de la Mujer.<\/span><\/li>\n<li class=\"zfr3Q CDt4Ke \" dir=\"ltr\"><span class=\"C9DxTc \">\u00a0Carmen Ruiz<span class=\"C9DxTc \">, Profesora de Sociolog\u00eda de la Universidad de Granada.<\/span><\/span><\/li>\n<\/ul>\n<p class=\"zfr3Q CDt4Ke \" dir=\"ltr\"><span class=\"C9DxTc \">\u00a0Ambas \u00abPremio Menina\u00bb por su labor en la lucha contra la violencia de g\u00e9nero y la promoci\u00f3n de la igualdad.\u00a0\u00a0<\/span><span class=\"C9DxTc \">Un espacio de reflexi\u00f3n y aprendizaje para familias, docentes y toda la ciudadan\u00eda comprometida con la igualdad.\u00a0<\/span><\/p>\n<\/div>\n<\/div>\n<\/div>\n<\/div>\n<div class=\"oKdM2c ZZyype\">\n<div id=\"h.7b639877ec84dadf_25\" class=\"hJDwNd-AhqUyc-OwsYgb Ft7HRd-AhqUyc-OwsYgb jXK9ad D2fZ2 zu5uec wHaque g5GTcb\">\n<div class=\"jXK9ad-SmKAyb\">\n<div class=\"tyJCtd mGzaTb Depvyb baZpAe\">\n<p class=\"zfr3Q CDt4Ke \" dir=\"ltr\"><strong><span class=\"C9DxTc \">&#x1f4c5; <\/span><span class=\"C9DxTc \">Lunes, 27 de octubre<\/span><\/strong><\/p>\n<p class=\"zfr3Q CDt4Ke \" dir=\"ltr\"><strong><span class=\"C9DxTc \">&#x1f555; 18:00 h<\/span><\/strong><\/p>\n<p class=\"zfr3Q CDt4Ke \" dir=\"ltr\"><strong><span class=\"C9DxTc \">&#x1f4cd; Centro C\u00edvico<\/span><\/strong><\/p>\n<p class=\"zfr3Q CDt4Ke \" dir=\"ltr\"><span class=\"C9DxTc \">Organizan: \u00c1reas de Participaci\u00f3n Ciudadana, Educaci\u00f3n e Igualdad del Ayuntamiento de Atarfe.<\/span><\/p>\n<\/div>\n<p dir=\"ltr\"><img data-recalc-dims=\"1\" loading=\"lazy\" decoding=\"async\" class=\"alignnone wp-image-79571 size-full\" src=\"https:\/\/i0.wp.com\/miradordeatarfe.es\/wp-content\/uploads\/2025\/10\/COE.jpg?resize=640%2C800&#038;ssl=1\" alt=\"\" width=\"640\" height=\"800\" srcset=\"https:\/\/i0.wp.com\/miradordeatarfe.es\/wp-content\/uploads\/2025\/10\/COE.jpg?w=1080&amp;ssl=1 1080w, https:\/\/i0.wp.com\/miradordeatarfe.es\/wp-content\/uploads\/2025\/10\/COE.jpg?resize=240%2C300&amp;ssl=1 240w, https:\/\/i0.wp.com\/miradordeatarfe.es\/wp-content\/uploads\/2025\/10\/COE.jpg?resize=819%2C1024&amp;ssl=1 819w, https:\/\/i0.wp.com\/miradordeatarfe.es\/wp-content\/uploads\/2025\/10\/COE.jpg?resize=768%2C960&amp;ssl=1 768w, https:\/\/i0.wp.com\/miradordeatarfe.es\/wp-content\/uploads\/2025\/10\/COE.jpg?resize=1024%2C1280&amp;ssl=1 1024w\" sizes=\"auto, (max-width: 640px) 100vw, 640px\" \/><\/p>\n<div class=\"tyJCtd mGzaTb Depvyb baZpAe\">\u00a0<\/div>\n<\/div>\n<\/div>\n<\/div>\n<\/div>\n<\/div>\n<\/div>\n<\/div>\n<\/div>\n<\/section>\n<section id=\"h.c5a8489210e9a3_0\" class=\"yaqOZd\">\n<div class=\"mYVXT\">\n<div class=\"LS81yb VICjCf j5pSsc db35Fc\" tabindex=\"-1\">\n<div class=\"hJDwNd-AhqUyc-wNfPc Ft7HRd-AhqUyc-wNfPc purZT-AhqUyc-II5mzb ZcASvf-AhqUyc-II5mzb pSzOP-AhqUyc-wNfPc Ktthjf-AhqUyc-wNfPc JNdkSc SQVYQc\">\n<div class=\"JNdkSc-SmKAyb LkDMRd\">\n<div class=\"\">\n<div class=\"oKdM2c ZZyype Kzv0Me\">\n<div id=\"h.c5a8489210e9a3_3\" class=\"hJDwNd-AhqUyc-wNfPc Ft7HRd-AhqUyc-wNfPc pSzOP-AhqUyc-wNfPc Ktthjf-AhqUyc-wNfPc jXK9ad D2fZ2 zu5uec OjCsFc dmUFtb wHaque g5GTcb\">\n<div class=\"jXK9ad-SmKAyb\">\n<div class=\"tyJCtd baZpAe\">\n<div class=\"t3iYD\">\n<p><img decoding=\"async\" class=\"CENy8b\" role=\"img\" src=\"https:\/\/lh3.googleusercontent.com\/sitesv\/AICyYdYo5kuvDKZB2Tr-PF3uighP4DvAmOo3AZc59DY45jZkaeEkhQLfDL-7mRVtgXM9pTxR1f5NbW4JspFNuYJFlNhVANP0nUDB1fVN9Uy9SwyARfm5Dy08YvhuKLioyYAmFabJpE5IPPWbk5-NuUhFwRjEQ96AK5oSrCmcwwdQ2grg085RNtLntLr7DCt0dJ8t4-2kqxxn0iWZZuSo616YLDqVZvwv_sMj8nqBKOc=w1280\" \/><\/p>\n<div id=\"h.c5a8489210e9a3_6\" class=\"hJDwNd-AhqUyc-OwsYgb Ft7HRd-AhqUyc-OwsYgb jXK9ad D2fZ2 zu5uec OjCsFc dmUFtb\">\n<div class=\"jXK9ad-SmKAyb\">\n<div class=\"tyJCtd mGzaTb Depvyb baZpAe\">\n<h2 class=\"zfr3Q CDt4Ke \" dir=\"ltr\"><span class=\"puwcIf C9DxTc \">Programa de Apoyo a la Salud Mental para Familias y Adolescentes\u00a0<\/span><\/h2>\n<p class=\"zfr3Q CDt4Ke \" dir=\"ltr\"><span class=\"C9DxTc \">Sesi\u00f3n del Programa \u00abSer t\u00fa no es el problema. Conocerte es la clave\u00bb. Dirigido a j\u00f3venes y adultos de 14 a 30 a\u00f1os que buscan conocerse mejor, reforzar su autoestima y aprender a gestionar sus emociones.<\/span><span class=\"C9DxTc \">\u00a0Taller: \u00abCuando la rabia nos habla: Entender y sanar el trauma\u00bb<\/span><\/p>\n<p class=\"zfr3Q CDt4Ke \" dir=\"ltr\"><span class=\"C9DxTc \">\u00a0Imparte: <strong>Eva Jim\u00e9nez Mantas, psic\u00f3loga<\/strong><\/span><\/p>\n<p class=\"zfr3Q CDt4Ke \" dir=\"ltr\"><span class=\"C9DxTc \">Un proyecto impulsado por el \u00c1rea de Bienestar Social dentro del marco de Participa Atarfe, que ofrece un espacio para aprender, crecer y cuidar nuestra salud mental.<\/span><\/p>\n<p class=\"zfr3Q CDt4Ke \" dir=\"ltr\"><span class=\"C9DxTc \">\u00a0Consulta el calendario completo de charlas en\u00a0<a href=\"https:\/\/atarfe.es\/programa-apoyo-salud-mental-familias-adolescentes\"> https:\/\/atarfe.es\/programa-apoyo-salud-mental-familias-adolescentes<\/a><\/span><\/p>\n<p class=\"zfr3Q CDt4Ke \" dir=\"ltr\"><span class=\"C9DxTc \">En Atarfe, cuidamos de lo m\u00e1s importante: las personas.<\/span><\/p>\n<\/div>\n<\/div>\n<\/div>\n<\/div>\n<\/div>\n<\/div>\n<\/div>\n<\/div>\n<\/div>\n<\/div>\n<\/div>\n<div class=\"hJDwNd-AhqUyc-OwsYgb Ft7HRd-AhqUyc-OwsYgb purZT-AhqUyc-II5mzb ZcASvf-AhqUyc-II5mzb pSzOP-AhqUyc-qWD73c Ktthjf-AhqUyc-qWD73c JNdkSc SQVYQc yYI8W HQwdzb\">\n<div class=\"JNdkSc-SmKAyb LkDMRd\">\n<div class=\"\">\n<div class=\"oKdM2c ZZyype\">\n<div id=\"h.c5a8489210e9a3_8\" class=\"hJDwNd-AhqUyc-OwsYgb Ft7HRd-AhqUyc-OwsYgb jXK9ad D2fZ2 zu5uec wHaque g5GTcb\">\n<div class=\"jXK9ad-SmKAyb\">\n<div class=\"tyJCtd mGzaTb Depvyb baZpAe\">\n<p class=\"zfr3Q CDt4Ke \" dir=\"ltr\"><strong><span class=\"C9DxTc \">&#x1f4c5; <\/span><span class=\"C9DxTc \">Mi\u00e9rcoles, 29 de octubre<\/span><\/strong><\/p>\n<p class=\"zfr3Q CDt4Ke \" dir=\"ltr\"><strong><span class=\"C9DxTc \">&#x1f554; 17:00h.<\/span><\/strong><\/p>\n<p class=\"zfr3Q CDt4Ke \" dir=\"ltr\"><strong><span class=\"C9DxTc \">&#x1f4cd; <\/span><span class=\"C9DxTc \">CENTRO C\u00cdVICO<\/span><\/strong><\/p>\n<p class=\"zfr3Q CDt4Ke \" dir=\"ltr\"><img data-recalc-dims=\"1\" loading=\"lazy\" decoding=\"async\" class=\"alignnone wp-image-79628 size-full\" src=\"https:\/\/i0.wp.com\/miradordeatarfe.es\/wp-content\/uploads\/2025\/10\/menta.jpg?resize=640%2C800&#038;ssl=1\" alt=\"\" width=\"640\" height=\"800\" srcset=\"https:\/\/i0.wp.com\/miradordeatarfe.es\/wp-content\/uploads\/2025\/10\/menta.jpg?w=1080&amp;ssl=1 1080w, https:\/\/i0.wp.com\/miradordeatarfe.es\/wp-content\/uploads\/2025\/10\/menta.jpg?resize=240%2C300&amp;ssl=1 240w, https:\/\/i0.wp.com\/miradordeatarfe.es\/wp-content\/uploads\/2025\/10\/menta.jpg?resize=819%2C1024&amp;ssl=1 819w, https:\/\/i0.wp.com\/miradordeatarfe.es\/wp-content\/uploads\/2025\/10\/menta.jpg?resize=768%2C960&amp;ssl=1 768w, https:\/\/i0.wp.com\/miradordeatarfe.es\/wp-content\/uploads\/2025\/10\/menta.jpg?resize=1024%2C1280&amp;ssl=1 1024w\" sizes=\"auto, (max-width: 640px) 100vw, 640px\" \/><\/p>\n<\/div>\n<\/div>\n<\/div>\n<\/div>\n<\/div>\n<\/div>\n<\/div>\n<\/div>\n<\/div>\n<\/section>\n","protected":false},"excerpt":{"rendered":"<p>27 DE OCTUBRE EN CENTRO C\u00cdVICO Charla: \u201cLa Coeducaci\u00f3n: Llave de aprendizaje hacia una vida&#8230;<\/p>\n","protected":false},"author":1,"featured_media":79572,"comment_status":"closed","ping_status":"closed","sticky":false,"template":"","format":"standard","meta":{"_coblocks_attr":"","_coblocks_dimensions":"","_coblocks_responsive_height":"","_coblocks_accordion_ie_support":"","jetpack_post_was_ever_published":false,"_jetpack_newsletter_access":"","_jetpack_dont_email_post_to_subs":false,"_jetpack_newsletter_tier_id":0,"_jetpack_memberships_contains_paywalled_content":false,"_jetpack_memberships_contains_paid_content":false,"footnotes":"","jetpack_publicize_message":"","jetpack_publicize_feature_enabled":true,"jetpack_social_post_already_shared":true,"jetpack_social_options":{"image_generator_settings":{"template":"highway","default_image_id":0,"enabled":false},"version":2}},"categories":[6916,186,44,10801],"tags":[],"class_list":["post-79570","post","type-post","status-publish","format-standard","has-post-thumbnail","hentry","category-ayuntamiento-de-atarfe","category-instituciones","category-noticias-de-hoy","category-participa-atarfe"],"jetpack_publicize_connections":[],"jetpack_featured_media_url":"https:\/\/i0.wp.com\/miradordeatarfe.es\/wp-content\/uploads\/2025\/10\/COED.jpg?fit=379%2C201&ssl=1","jetpack_likes_enabled":true,"jetpack_sharing_enabled":true,"_links":{"self":[{"href":"https:\/\/miradordeatarfe.es\/index.php?rest_route=\/wp\/v2\/posts\/79570","targetHints":{"allow":["GET"]}}],"collection":[{"href":"https:\/\/miradordeatarfe.es\/index.php?rest_route=\/wp\/v2\/posts"}],"about":[{"href":"https:\/\/miradordeatarfe.es\/index.php?rest_route=\/wp\/v2\/types\/post"}],"author":[{"embeddable":true,"href":"https:\/\/miradordeatarfe.es\/index.php?rest_route=\/wp\/v2\/users\/1"}],"replies":[{"embeddable":true,"href":"https:\/\/miradordeatarfe.es\/index.php?rest_route=%2Fwp%2Fv2%2Fcomments&post=79570"}],"version-history":[{"count":2,"href":"https:\/\/miradordeatarfe.es\/index.php?rest_route=\/wp\/v2\/posts\/79570\/revisions"}],"predecessor-version":[{"id":79629,"href":"https:\/\/miradordeatarfe.es\/index.php?rest_route=\/wp\/v2\/posts\/79570\/revisions\/79629"}],"wp:featuredmedia":[{"embeddable":true,"href":"https:\/\/miradordeatarfe.es\/index.php?rest_route=\/wp\/v2\/media\/79572"}],"wp:attachment":[{"href":"https:\/\/miradordeatarfe.es\/index.php?rest_route=%2Fwp%2Fv2%2Fmedia&parent=79570"}],"wp:term":[{"taxonomy":"category","embeddable":true,"href":"https:\/\/miradordeatarfe.es\/index.php?rest_route=%2Fwp%2Fv2%2Fcategories&post=79570"},{"taxonomy":"post_tag","embeddable":true,"href":"https:\/\/miradordeatarfe.es\/index.php?rest_route=%2Fwp%2Fv2%2Ftags&post=79570"}],"curies":[{"name":"wp","href":"https:\/\/api.w.org\/{rel}","templated":true}]}}