{"id":79574,"date":"2025-10-24T11:30:41","date_gmt":"2025-10-24T09:30:41","guid":{"rendered":"https:\/\/miradordeatarfe.es\/?p=79574"},"modified":"2025-10-21T13:57:14","modified_gmt":"2025-10-21T11:57:14","slug":"79574","status":"publish","type":"post","link":"https:\/\/miradordeatarfe.es\/?p=79574","title":{"rendered":"\u00abLA GRANA\u00cdNA DE ATARFE Y EL LUTE\u00bb por Jos\u00e9 Enrique Granados"},"content":{"rendered":"<div class=\"html-div xdj266r x14z9mp xat24cr x1lziwak xexx8yu xyri2b x18d9i69 x1c1uobl\" dir=\"auto\">\n<div class=\"html-div xdj266r x14z9mp xat24cr x1lziwak xexx8yu xyri2b x18d9i69 x1c1uobl\" data-ad-rendering-role=\"story_message\">\n<div id=\"_r_lc_\" class=\"x1l90r2v x1iorvi4 x1g0dm76 xpdmqnj\" data-ad-comet-preview=\"message\" data-ad-preview=\"message\">\n<div class=\"x78zum5 xdt5ytf xz62fqu x16ldp7u\">\n<div class=\"xu06os2 x1ok221b\">\n<div class=\"html-div xdj266r x14z9mp xat24cr x1lziwak xexx8yu xyri2b x18d9i69 x1c1uobl\">\n<div class=\"xdj266r x14z9mp xat24cr x1lziwak x1vvkbs x126k92a\">\n<h3 dir=\"auto\" style=\"text-align: justify;\">En junio de 1973, el periodista Antonio Ramos Espejo, public\u00f3 en IDEAL una serie de art\u00edculos relacionados con la boda de \u201cEl Lute\u201d con una granadina de Domingo P\u00e9rez, perteneciente al clan de los Gatos.<\/h3>\n<div dir=\"auto\" style=\"text-align: justify;\">Entre ellos estaba el titulado \u201c<strong>Encuentro en el olivar y boda\u201d<\/strong> en el que describe lo siguiente:\u00a0<\/div>\n<div dir=\"auto\" style=\"text-align: justify;\">\u00a0<\/div>\n<\/div>\n<div class=\"x14z9mp xat24cr x1lziwak x1vvkbs xtlvy1s x126k92a\" style=\"text-align: justify;\">\n<div dir=\"auto\">\u00ab<em>As\u00ed iban pasando las cosas, hasta que otra noche \u00abEl Lute\u00bb lleg\u00f3 a decirme: \u00abUsted va a dejar la aceituna, que yo soy capaz de comprarla una casa; yo tengo muchas casas. Y estar\u00e1n sin este trabajo tan malo. Yo estoy solo, tuve la desgracia de que mi mujer se me muri\u00f3 de parto. Si usted no lo ve con malos ojos, vamos que yo, si usted quisiera, le pe dir\u00eda la mano de Frasquita:<\/em><\/div>\n<\/div>\n<div class=\"x14z9mp xat24cr x1lziwak x1vvkbs xtlvy1s x126k92a\" style=\"text-align: justify;\">\n<div dir=\"auto\"><em>-Hombre, le dije, que usted ya es un caballero granao, y mi chiquilla. . .<\/em><\/div>\n<\/div>\n<div class=\"x14z9mp xat24cr x1lziwak x1vvkbs xtlvy1s x126k92a\" style=\"text-align: justify;\">\n<div dir=\"auto\"><em>-Yo no soy tan mayor, se\u00f1or, me contest\u00f3.<\/em><\/div>\n<\/div>\n<div class=\"x14z9mp xat24cr x1lziwak x1vvkbs xtlvy1s x126k92a\" style=\"text-align: justify;\">\n<div dir=\"auto\"><em>-Si la Frasquita, mire usted, que no sabe ni guisar, ni llevar una casa todav\u00eda.<\/em><\/div>\n<\/div>\n<div class=\"x14z9mp xat24cr x1lziwak x1vvkbs xtlvy1s x126k92a\" style=\"text-align: justify;\">\n<div dir=\"auto\"><em>-Por eso no se preocupe, mi hermana la ense\u00f1ar\u00e1 a todo lo que haga menester que sepa. Y mi ni\u00f1a, como ya se hab\u00eda enamorado de \u00e9l, se hab\u00eda vencido, y sobre todo el cambio de vida, y como el hombre parec\u00eda todo un se\u00f1or, \u00bfpor qu\u00e9 no iba yo a pensar que era un capricho enamorarse de ella?<\/em><\/div>\n<\/div>\n<div class=\"x14z9mp xat24cr x1lziwak x1vvkbs xtlvy1s x126k92a\" style=\"text-align: justify;\">\n<div dir=\"auto\"><em>-Ustedes, los payos, le dije, no saben c\u00f3mo se celebran las bodas gitanas. -Se celebrar\u00e1 como ustedes digan o la Iglesia.<\/em><\/div>\n<\/div>\n<div class=\"x14z9mp xat24cr x1lziwak x1vvkbs xtlvy1s x126k92a\" style=\"text-align: justify;\">\n<div dir=\"auto\"><em>-Bueno, pues nosotros tenemos nuestra costumbre. La Frasquita, se lo juro, que yo respondo de ella, es doncella, pero doncella, que no la tocao ni&#8230;<\/em><\/div>\n<\/div>\n<div class=\"x14z9mp xat24cr x1lziwak x1vvkbs xtlvy1s x126k92a\" style=\"text-align: justify;\">\n<div dir=\"auto\">\u00a0<\/div>\n<div dir=\"auto\"><em>De todas formas, hay que sacarle el pa\u00f1uelo. -Usted dir\u00e1 lo que hace falta para esa ceremonia. -Pues el pa\u00f1uelo lo tiene que sacar solamente la \u00abG r a n a \u00ed n a\u00bb de Atarfe.<\/em><\/div>\n<\/div>\n<div class=\"x14z9mp xat24cr x1lziwak x1vvkbs xtlvy1s x126k92a\" style=\"text-align: justify;\">\n<div dir=\"auto\">\u00a0<\/div>\n<div dir=\"auto\"><em>LA PRUEBA<\/em><\/div>\n<\/div>\n<div class=\"x14z9mp xat24cr x1lziwak x1vvkbs xtlvy1s x126k92a\" style=\"text-align: justify;\">\n<div dir=\"auto\"><em>Como el pretendiente estaba con forme, nos fuimos en busca de la \u00abGrana\u00edna\u00bb en el coche de \u00abEl Lute\u00bb. Diecis\u00e9is billetes, que no dej\u00f3 que yo pagara, cost\u00f3 sacar el pa\u00f1uelo con sangre de doncella a mi Frasquita.<\/em><\/div>\n<\/div>\n<div class=\"x14z9mp xat24cr x1lziwak x1vvkbs xtlvy1s x126k92a\" style=\"text-align: justify;\">\n<div dir=\"auto\"><em>Y, desde entonces, comenzamos a organizar la boda. (En esta comarca de los Montes orientales, una de las m\u00e1s deprimidas y abandonadas en materia de servicios de la provincia de Granada, vive un elevado porcentaje de gitanos.)<\/em><\/div>\n<div dir=\"auto\">\u00a0<\/div>\n<\/div>\n<div class=\"x14z9mp xat24cr x1lziwak x1vvkbs xtlvy1s x126k92a\" style=\"text-align: justify;\">\n<div dir=\"auto\"><em>\u00abAunque yo ten\u00eda dineros de las aceitunas (12.000 pesetas), El Lute me dijo que cogiera dinero para los preparativos. Tir\u00f3 el caballero de cartera: Tenga usted, 10.000 pesetas para organizar esto.\u00bb Lo primero que hice fue coger un taxi, el de Manol\u00edn, de Domingo P\u00e9rez, y traer a toda la familia desperdig\u00e1 por Loja, P\u00ed\u00f1ar&#8230; Y, aparte, hasta me dio dineros para al quilar un cami\u00f3n y traerme la potra (yegua), que me hab\u00eda dejado en Domingo P\u00e9rez, que luego vend\u00ed en Granada en la feria de los jueves. Nos fuimos al puente del Genil, toda la familia, m\u00e1s de sesenta. Los dineros los gast\u00e9 en comprar diez gallinos gordos y un pavo de cien duros, botellas de cerveza, vino y muchas peladillas para la ceremonia.\u00bb (El puente del Genil, en las afueras de Granada, sirvi\u00f3 de escenario de boda.)<\/em><\/div>\n<div dir=\"auto\">\u00a0<\/div>\n<\/div>\n<div class=\"x14z9mp xat24cr x1lziwak x1vvkbs xtlvy1s x126k92a\" style=\"text-align: justify;\">\n<div dir=\"auto\"><em>\u00abEl d\u00eda 20 de marzo, por la noche, nos pusimos a celebrar la boda. M\u00ed Frasquita estaba contenta porque iba a cambiar de vida. A la hora de armarnos de jaleo, mi yerno dijo:<\/em><\/div>\n<\/div>\n<div class=\"x14z9mp xat24cr x1lziwak x1vvkbs xtlvy1s x126k92a\" style=\"text-align: justify;\">\n<div dir=\"auto\"><em>-Perdonen ustedes, pero con este flem\u00f3n que me ha salido, tengo mucha fiebre y me voy a retirar. Y era verdad, ten\u00eda un flem\u00f3n que hasta le tapaba los ojos. Se fue a dormir a la casa. Pero, Frasquita, no. A las cuatro horas volvi\u00f3. Nosotros est\u00e1bamos pisando el suelo de almendras, como manda la ceremonia gitana.<\/em><\/div>\n<div dir=\"auto\"><em>Cuando lleg\u00f3 \u00abEl Lute\u00bb, las mu eres se echaron encima de \u00e9l y empezaron a rajarle la camisa:<\/em><\/div>\n<\/div>\n<div class=\"x14z9mp xat24cr x1lziwak x1vvkbs xtlvy1s x126k92a\" style=\"text-align: justify;\">\n<div dir=\"auto\"><em>&#8211; \u00a1Que me van a dejar en cueros!, dijo mi yerno.<\/em><\/div>\n<div dir=\"auto\">\u00a0<\/div>\n<\/div>\n<div class=\"x14z9mp xat24cr x1lziwak x1vvkbs xtlvy1s x126k92a\" style=\"text-align: justify;\">\n<div dir=\"auto\"><em>-En cueros, no importa, porque te llevas a una doncella, le gritaron las mujeres; Le destrozaron la camisa, como la ten\u00edamos todos, y a mi mujer hasta le rompieron las enaguas. Esa misma noche, 20 de marzo, mi nuera, la mujer de mi Jos\u00e9, pari\u00f3 all\u00ed mismo, al lado de unos matorrales. Le cortamos la tripita al churumbel, le llamamos Juan, otro \u00abGatillo\u00bb, y otra vez al jaleo. Cuatro d\u00edas estuvimos sin parar hasta que lleg\u00f3 un brigada de la Guardia Civil. Me dijo, al ver tanta botella por all\u00ed, qu\u00e9 era lo que hac\u00edamos. Le dije que de boda. Me cache\u00f3 y me recogi\u00f3 una navajilla que ten\u00eda yo, porque como no tengo dientes. Y despu\u00e9s nos hizo levantar el campo y fuera. No me pregunt\u00f3 qui\u00e9n era el novio. Mi novio estaba all\u00ed cerca, con gafas oscuras y su buen bigote, leyendo como un libro. De all\u00ed nos fuimos a un polvor\u00edn abandonao que hay en Atarfe. Mi yerno se volvi\u00f3 a reunir con su mujer y con todos nosotros. Hasta el quinto d\u00eda de la boda, mi Frasquita no hizo lo que se dice vida de esposa con \u00abEl Lute\u00bb. El d\u00eda 25 de marzo se fueron a vivir a la Redonda, con la Emilia y \u00abEl Toto\u00bb Nosotros segu\u00edamos pensando en el buen casamiento que hab\u00eda hecho la Frasquita.\u00bb<\/em><\/div>\n<div dir=\"auto\">\u00a0<\/div>\n<\/div>\n<div class=\"x14z9mp xat24cr x1lziwak x1vvkbs xtlvy1s x126k92a\" style=\"text-align: justify;\">\n<div dir=\"auto\">Para los m\u00e1s j\u00f3venes, Eleuterio S\u00e1nchez, \u201cEl Lute\u201d fue un personaje de la Espa\u00f1a de siglo pasado acusado por cometer varios atracos y escapar de la c\u00e1rcel en varias ocasiones. Se licenci\u00f3 en derecho entre rejas y ejerci\u00f3 como abogado tras la salida de la c\u00e1rcel.<\/div>\n<div dir=\"auto\">\u00a0<\/div>\n<\/div>\n<div class=\"x14z9mp xat24cr x1lziwak x1vvkbs xtlvy1s x126k92a\" style=\"text-align: justify;\">\n<div dir=\"auto\">En la fotograf\u00eda de Paco Aguilera. \u201cLa Grana\u00edna\u201d a la que el art\u00edculo hace alusi\u00f3n.<\/div>\n<div dir=\"auto\">\u00a0<\/div>\n<\/div>\n<div class=\"x14z9mp xat24cr x1lziwak x1vvkbs xtlvy1s x126k92a\" style=\"text-align: justify;\">\n<div dir=\"auto\"><strong>Gacetilla y curiosidades elvirenses.<\/strong><\/div>\n<\/div>\n<\/div>\n<\/div>\n<\/div>\n<\/div>\n<\/div>\n<\/div>\n<div id=\"_r_ld_\" class=\"html-div xdj266r x14z9mp xat24cr x1lziwak xexx8yu xyri2b x18d9i69 x1c1uobl x1n2onr6\">\n<div class=\"html-div xdj266r x14z9mp xat24cr x1lziwak xexx8yu xyri2b x18d9i69 x1c1uobl x1n2onr6\" style=\"text-align: justify;\">\u00a0<\/div>\n<\/div>\n","protected":false},"excerpt":{"rendered":"<p>En junio de 1973, el periodista Antonio Ramos Espejo, public\u00f3 en IDEAL una serie de&#8230;<\/p>\n","protected":false},"author":1,"featured_media":79575,"comment_status":"closed","ping_status":"closed","sticky":false,"template":"","format":"standard","meta":{"_coblocks_attr":"","_coblocks_dimensions":"","_coblocks_responsive_height":"","_coblocks_accordion_ie_support":"","jetpack_post_was_ever_published":false,"_jetpack_newsletter_access":"","_jetpack_dont_email_post_to_subs":false,"_jetpack_newsletter_tier_id":0,"_jetpack_memberships_contains_paywalled_content":false,"_jetpack_memberships_contains_paid_content":false,"footnotes":"","jetpack_publicize_message":"","jetpack_publicize_feature_enabled":true,"jetpack_social_post_already_shared":true,"jetpack_social_options":{"image_generator_settings":{"template":"highway","default_image_id":0,"enabled":false},"version":2}},"categories":[2,38,44,6539],"tags":[],"class_list":["post-79574","post","type-post","status-publish","format-standard","has-post-thumbnail","hentry","category-atarfe","category-opinion-de-jose-enrique-granados","category-noticias-de-hoy","category-personajes-de-ataref"],"jetpack_publicize_connections":[],"jetpack_featured_media_url":"https:\/\/i0.wp.com\/miradordeatarfe.es\/wp-content\/uploads\/2025\/10\/550537143_1350729027060576_1912179705336968809_n.jpg?fit=526%2C796&ssl=1","jetpack_likes_enabled":true,"jetpack_sharing_enabled":true,"_links":{"self":[{"href":"https:\/\/miradordeatarfe.es\/index.php?rest_route=\/wp\/v2\/posts\/79574","targetHints":{"allow":["GET"]}}],"collection":[{"href":"https:\/\/miradordeatarfe.es\/index.php?rest_route=\/wp\/v2\/posts"}],"about":[{"href":"https:\/\/miradordeatarfe.es\/index.php?rest_route=\/wp\/v2\/types\/post"}],"author":[{"embeddable":true,"href":"https:\/\/miradordeatarfe.es\/index.php?rest_route=\/wp\/v2\/users\/1"}],"replies":[{"embeddable":true,"href":"https:\/\/miradordeatarfe.es\/index.php?rest_route=%2Fwp%2Fv2%2Fcomments&post=79574"}],"version-history":[{"count":3,"href":"https:\/\/miradordeatarfe.es\/index.php?rest_route=\/wp\/v2\/posts\/79574\/revisions"}],"predecessor-version":[{"id":79578,"href":"https:\/\/miradordeatarfe.es\/index.php?rest_route=\/wp\/v2\/posts\/79574\/revisions\/79578"}],"wp:featuredmedia":[{"embeddable":true,"href":"https:\/\/miradordeatarfe.es\/index.php?rest_route=\/wp\/v2\/media\/79575"}],"wp:attachment":[{"href":"https:\/\/miradordeatarfe.es\/index.php?rest_route=%2Fwp%2Fv2%2Fmedia&parent=79574"}],"wp:term":[{"taxonomy":"category","embeddable":true,"href":"https:\/\/miradordeatarfe.es\/index.php?rest_route=%2Fwp%2Fv2%2Fcategories&post=79574"},{"taxonomy":"post_tag","embeddable":true,"href":"https:\/\/miradordeatarfe.es\/index.php?rest_route=%2Fwp%2Fv2%2Ftags&post=79574"}],"curies":[{"name":"wp","href":"https:\/\/api.w.org\/{rel}","templated":true}]}}