{"id":7958,"date":"2016-04-01T08:29:18","date_gmt":"2016-04-01T08:29:18","guid":{"rendered":"http:\/\/miradordeatarfe.es\/?p=7958"},"modified":"2016-04-01T08:29:18","modified_gmt":"2016-04-01T08:29:18","slug":"reunion-del-absentismo-escolar-y-visitas-del-delegado-de-educacion","status":"publish","type":"post","link":"https:\/\/miradordeatarfe.es\/?p=7958","title":{"rendered":"Reuni\u00f3n del absentismo escolar y visitas del Delegado de Educaci\u00f3n"},"content":{"rendered":"<p><span class=\"contenidos_subtitulo\">Representantes del gobierno local, centros educativos, AMPAS y agentes sociales se reunieron el mi\u00e9rcoles para reforzar la estrategia sobre el alumnado para evitar que abandone sus estudios antes de tiempo.<br \/>\n<\/span><br \/>\n<!--more--><\/p>\n<div>\u00a0El sal\u00f3n de plenos del Ayuntamiento de Atarfe acogi\u00f3 el pasado mi\u00e9rcoles, 30 de marzo, la comisi\u00f3n escolar para seguir profundizando en el fen\u00f3meno del <strong>absentismo escolar<\/strong>, un problema con una dimensi\u00f3n social y educativa que requiere de la colaboraci\u00f3n del profesorado, padres e instituciones.<\/div>\n<div><\/div>\n<div>La reuni\u00f3n estuvo presidida por el alcalde de Atarfe, <strong>Francisco Rodr\u00edguez Quesada<\/strong>, y asistieron los concejales de Educaci\u00f3n y Seguridad Ciudadana, <strong>Fabiola Garc\u00eda Montijano<\/strong> y <strong>Francisco Prieto<\/strong>, respectivamente; el jefe de la Polic\u00eda Local, <strong>Jos\u00e9 Aguilera<\/strong>; los directores o representantes de los distintos colegios del municipio; miembros de las Asociaciones de Madres y Padres de Alumnos (AMPAS) de Atarfe y portavoces de distintos colectivos que trabajan con grupos en riesgo de exclusi\u00f3n social.<\/div>\n<div><\/div>\n<div><strong>Juan de Dios Fern\u00e1ndez G\u00e1lvez<\/strong>, coordinador de orientaci\u00f3n escolar, hizo un repaso a los trabajos de seguimiento y control del absentismo, as\u00ed como a las estrategias de actuaci\u00f3n para que intervengan de forma coordinada todos los agentes que tienen una responsabilidad en materia educativa como son los profesores, la familia, los agentes sociales y las administraciones competentes.<\/div>\n<div><\/div>\n<div>El objetivo no es otro que evitar que los chicos abandonen de forma prematura los estudios sin haber adquirido la formaci\u00f3n necesaria para su incorporaci\u00f3n a la vida laboral.<\/div>\n<div><\/div>\n<div>Los miembros de la comisi\u00f3n escolar tambi\u00e9n tuvieron oportunidad de conocer el <strong>proyecto solidario<\/strong> presentado por alumnos de los institutos Il\u00edberis y Vega. Los estudiantes quieren contar con toda la comunidad escolar de Atarfe para organizar varios conciertos did\u00e1cticos de rap en el auditorio del Centro Cultural Medina Elvira antes de que acabe el a\u00f1o, cuya recaudaci\u00f3n se destinar\u00e1 a la <strong>Fundaci\u00f3n Vicente Ferrer<\/strong>.<\/div>\n<div><\/div>\n<div>El alcalde Francisco Rodr\u00edguez Quesada elogi\u00f3 la iniciativa de los estudiantes y se mostr\u00f3 dispuesto a facilitar los medios para que el evento cultural se pueda desarrollar en fecha a\u00fan por determinar.<\/div>\n<div><\/div>\n<div><strong><span style=\"font-size: small;\">Visita institucional a los CEIP Fernando de los R\u00edos y Clara Campoamor<\/span><\/strong><\/div>\n<div><\/div>\n<div>El alcalde de Atarfe, Francisco Rodr\u00edguez Quesada, y la concejal de Educaci\u00f3n, Fabiola Garc\u00eda Montijano, acompa\u00f1aron en la ma\u00f1ana del mi\u00e9rcoles al delegado de Educaci\u00f3n de la Junta de Andaluc\u00eda en Granada,<strong> Germ\u00e1n Gonz\u00e1lez<\/strong>, y al inspector de Educaci\u00f3n\u00a0<strong>Antonio Lara Ramos<\/strong>, en su visita a los <strong>Centros de Educaci\u00f3n Infantil y Primaria Fernando de los R\u00edos y Clara Campoamor<\/strong>.<\/div>\n<div><\/div>\n<div>Las autoridades mantuvieron una reuni\u00f3n con la directora del colegio Fernando de los R\u00edos, <strong>Ver\u00f3nica Pajares<\/strong>, para conocer la realidad del centro. Desde la direcci\u00f3n se reclama una l\u00ednea m\u00e1s de Primaria que permitir\u00eda descongestionar otros centros del municipio.<\/div>\n<div><\/div>\n<div>\u00a0<img data-recalc-dims=\"1\" decoding=\"async\" src=\"https:\/\/i0.wp.com\/www.ciudadatarfe.com\/data\/fotos_contenidos_web\/1524_1852_20160331175029.jpg?w=640\" alt=\"\" border=\"0\" \/><\/div>\n<div><\/div>\n<div>Lo cierto es que el colegio, situado en las inmediaciones de la Plaza de Toros, dispone de unas modernas instalaciones que pudieron comprobar en su recorrido las autoridades. La directora considera necesario mejorar la se\u00f1al de internet, equipar la biblioteca y establecer un servicio de limpieza de forma regular.<\/div>\n<div><\/div>\n<div>A continuaci\u00f3n las autoridades se desplazaron al CEIP Clara Campoamor donde recibieron un caluroso recibimiento del profesorado, con su directora<strong> Francisca Higueras<\/strong> a la cabeza, acompa\u00f1ada tambi\u00e9n de representantes del AMPA. A su llegada, un grupo de alumnos dedic\u00f3 una pieza musical a los representantes de las distintas administraciones. \u00a0A continuaci\u00f3n recorrieron distintas aulas para conocer el trabajo del alumnado.<\/div>\n<div><\/div>\n<div>\u00a0<img data-recalc-dims=\"1\" decoding=\"async\" src=\"https:\/\/i0.wp.com\/www.ciudadatarfe.com\/data\/fotos_contenidos_web\/1524_1854_20160331175555.jpg?w=640\" alt=\"\" border=\"0\" \/><\/div>\n","protected":false},"excerpt":{"rendered":"<p>Representantes del gobierno local, centros educativos, AMPAS y agentes sociales se reunieron el mi\u00e9rcoles para&#8230;<\/p>\n","protected":false},"author":1,"featured_media":7959,"comment_status":"closed","ping_status":"closed","sticky":false,"template":"","format":"standard","meta":{"_coblocks_attr":"","_coblocks_dimensions":"","_coblocks_responsive_height":"","_coblocks_accordion_ie_support":"","jetpack_post_was_ever_published":false,"_jetpack_newsletter_access":"","_jetpack_dont_email_post_to_subs":false,"_jetpack_newsletter_tier_id":0,"_jetpack_memberships_contains_paywalled_content":false,"_jetpack_memberships_contains_paid_content":false,"footnotes":"","jetpack_publicize_message":"","jetpack_publicize_feature_enabled":true,"jetpack_social_post_already_shared":false,"jetpack_social_options":{"image_generator_settings":{"template":"highway","default_image_id":0,"enabled":false},"version":2}},"categories":[2,187,44,15],"tags":[2422,2423],"class_list":["post-7958","post","type-post","status-publish","format-standard","has-post-thumbnail","hentry","category-atarfe","category-centros-educativos","category-noticias-de-hoy","category-ultimas-noticias","tag-absentismo-escolar","tag-visita-del-delegado"],"jetpack_publicize_connections":[],"jetpack_featured_media_url":"https:\/\/i0.wp.com\/miradordeatarfe.es\/wp-content\/uploads\/2016\/04\/abs.jpg?fit=442%2C295&ssl=1","jetpack_likes_enabled":true,"jetpack_sharing_enabled":true,"_links":{"self":[{"href":"https:\/\/miradordeatarfe.es\/index.php?rest_route=\/wp\/v2\/posts\/7958","targetHints":{"allow":["GET"]}}],"collection":[{"href":"https:\/\/miradordeatarfe.es\/index.php?rest_route=\/wp\/v2\/posts"}],"about":[{"href":"https:\/\/miradordeatarfe.es\/index.php?rest_route=\/wp\/v2\/types\/post"}],"author":[{"embeddable":true,"href":"https:\/\/miradordeatarfe.es\/index.php?rest_route=\/wp\/v2\/users\/1"}],"replies":[{"embeddable":true,"href":"https:\/\/miradordeatarfe.es\/index.php?rest_route=%2Fwp%2Fv2%2Fcomments&post=7958"}],"version-history":[{"count":1,"href":"https:\/\/miradordeatarfe.es\/index.php?rest_route=\/wp\/v2\/posts\/7958\/revisions"}],"predecessor-version":[{"id":7960,"href":"https:\/\/miradordeatarfe.es\/index.php?rest_route=\/wp\/v2\/posts\/7958\/revisions\/7960"}],"wp:featuredmedia":[{"embeddable":true,"href":"https:\/\/miradordeatarfe.es\/index.php?rest_route=\/wp\/v2\/media\/7959"}],"wp:attachment":[{"href":"https:\/\/miradordeatarfe.es\/index.php?rest_route=%2Fwp%2Fv2%2Fmedia&parent=7958"}],"wp:term":[{"taxonomy":"category","embeddable":true,"href":"https:\/\/miradordeatarfe.es\/index.php?rest_route=%2Fwp%2Fv2%2Fcategories&post=7958"},{"taxonomy":"post_tag","embeddable":true,"href":"https:\/\/miradordeatarfe.es\/index.php?rest_route=%2Fwp%2Fv2%2Ftags&post=7958"}],"curies":[{"name":"wp","href":"https:\/\/api.w.org\/{rel}","templated":true}]}}