{"id":79586,"date":"2025-10-23T11:35:56","date_gmt":"2025-10-23T09:35:56","guid":{"rendered":"https:\/\/miradordeatarfe.es\/?p=79586"},"modified":"2025-10-22T09:41:12","modified_gmt":"2025-10-22T07:41:12","slug":"don-benigno-la-palabra-en-pinos-puente-por-juan-de-dios-villanueva-roa","status":"publish","type":"post","link":"https:\/\/miradordeatarfe.es\/?p=79586","title":{"rendered":"\u00abDon Benigno, la palabra en Pinos Puente \u00bb por Juan de Dios Villanueva Roa"},"content":{"rendered":"<h3 style=\"text-align: justify;\">Un pueblo avanza cuando su gente avanza, cuando impide que alguien se quede atr\u00e1s, cuando prospera a partir del conocimiento y la educaci\u00f3n conjuntos.<\/h3>\n<p style=\"text-align: justify;\">Estos <span class=\"paywall pw-open\">traer\u00e1n a los otros: igualdad, cultura, sanidad, libertad, prosperidad. Lo contrario solo llevar\u00e1 a la tragedia de quien solo conoce el trabajo para el se\u00f1or, al servilismo, sea quien sea, cacique o pol\u00edtico; a una naturaleza despiadada que enfrenta al ser humano consigo mismo; a la desigualdad en la que unos siempre estar\u00e1n sobre los otros. Pinos Puente tuvo un maestro llamado Benigno Vaquero, Don Benigno, quien inocul\u00f3 el amor por el saber, por la educaci\u00f3n, por el respeto, por la igualdad y por la libertad que da la lectura en infantes y j\u00f3venes de su escuela. <\/span><\/p>\n<p style=\"text-align: justify;\"><span class=\"paywall pw-open\">Hoy la asociaci\u00f3n cultural que lleva su nombre, junto a la magn\u00edfica labor del ayuntamiento, siguen en esa lucha desde la perspectiva de la lectura y de la escritura, de la poes\u00eda y del relato, de la palabra siempre bien dicha. No conozco ninguna iniciativa municipal tan preciosa para el futuro de un pueblo como esta, con tantos y tan fuertemente implicados. En los centros educativos de Pinos y pueblos de los alrededores se fomenta el aprendizaje de la escritura creativa, de la poes\u00eda desde hace casi 50 a\u00f1os. No pod\u00eda ser menos en estas tierras de las que Lorca extrajo tanto lirismo de sus gentes, de quienes labraban los campos, las vegas en las que siguen sembrando el futuro, pero tambi\u00e9n con una conciencia literaria que consigue sembrar versos en las mentes y en los corazones de sus ni\u00f1as y ni\u00f1os. <\/span><\/p>\n<p style=\"text-align: justify;\"><span class=\"paywall pw-open\">Vaya mi mayor respeto para esta asociaci\u00f3n de Don Benigno Vaquero y de este ayuntamiento con unos ediles que s\u00ed les importan estas cosas, tambi\u00e9n estas cosas.<\/span><\/p>\n","protected":false},"excerpt":{"rendered":"<p>Un pueblo avanza cuando su gente avanza, cuando impide que alguien se quede atr\u00e1s, cuando&#8230;<\/p>\n","protected":false},"author":1,"featured_media":79587,"comment_status":"closed","ping_status":"closed","sticky":false,"template":"","format":"standard","meta":{"_coblocks_attr":"","_coblocks_dimensions":"","_coblocks_responsive_height":"","_coblocks_accordion_ie_support":"","jetpack_post_was_ever_published":false,"_jetpack_newsletter_access":"","_jetpack_dont_email_post_to_subs":false,"_jetpack_newsletter_tier_id":0,"_jetpack_memberships_contains_paywalled_content":false,"_jetpack_memberships_contains_paid_content":false,"footnotes":"","jetpack_publicize_message":"","jetpack_publicize_feature_enabled":true,"jetpack_social_post_already_shared":true,"jetpack_social_options":{"image_generator_settings":{"template":"highway","default_image_id":0,"enabled":false},"version":2}},"categories":[1161,9772,44],"tags":[],"class_list":["post-79586","post","type-post","status-publish","format-standard","has-post-thumbnail","hentry","category-ciudadania","category-opinion-de-juan-de-dios-villanueva","category-noticias-de-hoy"],"jetpack_publicize_connections":[],"jetpack_featured_media_url":"https:\/\/miradordeatarfe.es\/wp-content\/uploads\/2025\/10\/J7ZCFUWWJBKXJNRYYGTJQWYJ3M.avif","jetpack_likes_enabled":true,"jetpack_sharing_enabled":true,"_links":{"self":[{"href":"https:\/\/miradordeatarfe.es\/index.php?rest_route=\/wp\/v2\/posts\/79586","targetHints":{"allow":["GET"]}}],"collection":[{"href":"https:\/\/miradordeatarfe.es\/index.php?rest_route=\/wp\/v2\/posts"}],"about":[{"href":"https:\/\/miradordeatarfe.es\/index.php?rest_route=\/wp\/v2\/types\/post"}],"author":[{"embeddable":true,"href":"https:\/\/miradordeatarfe.es\/index.php?rest_route=\/wp\/v2\/users\/1"}],"replies":[{"embeddable":true,"href":"https:\/\/miradordeatarfe.es\/index.php?rest_route=%2Fwp%2Fv2%2Fcomments&post=79586"}],"version-history":[{"count":1,"href":"https:\/\/miradordeatarfe.es\/index.php?rest_route=\/wp\/v2\/posts\/79586\/revisions"}],"predecessor-version":[{"id":79588,"href":"https:\/\/miradordeatarfe.es\/index.php?rest_route=\/wp\/v2\/posts\/79586\/revisions\/79588"}],"wp:featuredmedia":[{"embeddable":true,"href":"https:\/\/miradordeatarfe.es\/index.php?rest_route=\/wp\/v2\/media\/79587"}],"wp:attachment":[{"href":"https:\/\/miradordeatarfe.es\/index.php?rest_route=%2Fwp%2Fv2%2Fmedia&parent=79586"}],"wp:term":[{"taxonomy":"category","embeddable":true,"href":"https:\/\/miradordeatarfe.es\/index.php?rest_route=%2Fwp%2Fv2%2Fcategories&post=79586"},{"taxonomy":"post_tag","embeddable":true,"href":"https:\/\/miradordeatarfe.es\/index.php?rest_route=%2Fwp%2Fv2%2Ftags&post=79586"}],"curies":[{"name":"wp","href":"https:\/\/api.w.org\/{rel}","templated":true}]}}