{"id":79590,"date":"2025-10-25T11:24:25","date_gmt":"2025-10-25T09:24:25","guid":{"rendered":"https:\/\/miradordeatarfe.es\/?p=79590"},"modified":"2025-10-22T09:53:50","modified_gmt":"2025-10-22T07:53:50","slug":"diferentes-por-ana-ma-guerrero-pozo","status":"publish","type":"post","link":"https:\/\/miradordeatarfe.es\/?p=79590","title":{"rendered":"\u00abDiferentes\u00bb por Ana M\u00aa Guerrero Pozo"},"content":{"rendered":"<h3 style=\"text-align: justify;\">Cuando era peque\u00f1a, de eso hace ya algunos a\u00f1os, las\u00a0cosas eran distintas, nos educaban de distinta manera,\u00a0aunque no voy a entrar en si eran mejores o peores\u00a0tiempos, seguramente por mi educaci\u00f3n tenia temor a\u00a0tener un hijo \u201cdiferente\u201d.<\/h3>\n<p style=\"text-align: justify;\">En mis dos embarazos recuerdo pedirle a Dios que mi\u00a0hijo o hija no fuesen \u201cdistintos\u201d, no me importaba ni\u00f1o\u00a0o ni\u00f1a, rubio o moreno, alto o bajo, s\u00f3lo quer\u00eda que\u00a0fuesen \u201cnormales\u201d.<\/p>\n<p style=\"text-align: justify;\">Pasaron los a\u00f1os, s\u00f3lo unos pocos, y no por ello mi\u00a0temor hab\u00eda disminuido, aunque tampoco hab\u00eda tenido\u00a0contacto con alguien \u201cdiferente\u201d, bien porque estaban\u00a0ocultos en los armarios o bien porque de eso no se\u00a0hablaba a mi alrededor.<\/p>\n<p style=\"text-align: justify;\">Por cuestiones de salud, el m\u00e9dico me prescribi\u00f3 pasar\u00a0un tiempo en la playa, as\u00ed que all\u00ed me fui al cobijo de\u00a0unas amigas m\u00edas que eran trabajadoras sociales en la\u00a0costa. Debido a su trabajo, ellas conoc\u00edan a una pareja de\u00a0homosexuales, Tato y Jose.<\/p>\n<p style=\"text-align: justify;\">Tato era peluquero y Jose era catedr\u00e1tico de Ciencias\u00a0Pol\u00edticas. Para m\u00ed fue un revulsivo, cambiaron mi\u00a0visi\u00f3n de lo que era, o yo cre\u00eda que era, una pareja\u00a0homosexual. En su casa se respiraba paz y hab\u00eda mucha\u00a0m\u00e1s armon\u00eda que en muchos hogares de matrimonios\u00a0de hombre y mujeres.\u00a0A simple vista eran dos chicos \u201cnormales\u201d, sin\u00a0amaneramientos ni \u201cesc\u00e1ndalos\u201d; con una vida normal\u00a0y que no se parec\u00eda, para nada, a la idea que yo ten\u00eda\u00a0preconcebida de lo que ser\u00eda la vida en pareja de dos\u00a0personas \u201cdiferentes\u201d.<\/p>\n<p style=\"text-align: justify;\">Yo les conoc\u00ed hace ahora aproximadamente 22 a\u00f1os y,\u00a0desde entonces, gracias a Dios, no han sido los \u00fanicos\u00a0amigos homosexuales que han pasado por mi vida.\u00a0Alguna de las parejas \u201cdistintas\u201d que he conocido son\u00a0padres de ni\u00f1os, adoptados por uno de ellos, pero criados\u00a0conjuntamente. Hace poco, incluso, se ha casado uno de\u00a0estos hijos de padres homosexuales, a los que conozco\u00a0desde hace mucho tiempo. Y mientras se casaba con la\u00a0chica de la que se enamor\u00f3 le ve\u00edamos pleno de felicidad\u00a0junto a sus padres; esos padres que le hab\u00edan dado todo\u00a0para hacer de \u00e9l la persona que hoy es.<\/p>\n<p style=\"text-align: justify;\">No quiero, con esto que hoy escribo, ser palad\u00edn del\u00a0no, ni del s\u00ed, con respecto a la nueva ley que permite\u00a0el matrimonio entre homosexuales, solamente quiero\u00a0exponer mi opini\u00f3n, formada desde la experiencia.\u00a0Prefiero un matrimonio homosexual que un matrimonio\u00a0\u201cnormal\u201d acompa\u00f1ado de violencia de g\u00e9nero, de la que\u00a0hoy, por desgracia, tenemos tantos ejemplos, y ante la\u00a0que no nos \u201cmanifestamos\u201d con tanto \u00edmpetu y tan\u00a0abiertamente.<\/p>\n<p style=\"text-align: justify;\">Creo que los gays y lesbianas son personas normales,\u00a0y deben tener ante la ley los mismos derechos y\u00a0deberes que los dem\u00e1s; esta ley no implica que\u00a0todos los homosexuales \u201cdeban\u201d casarse sino que\u00a0\u201cpueden\u201d casarse si es su deseo; y para no verse\u00a0desprotegidos legalmente, por ejemplo: ante el\u00a0fallecimiento de uno de ellos.<\/p>\n<p style=\"text-align: justify;\">Sobre este tema se est\u00e1 escribiendo y hablando mucho\u00a0\u00faltimamente; yo no soy ninguna erudita, ni pol\u00edtica, ni\u00a0versada lo suficiente como para alzar mi voz, pero como\u00a0madre que soy tengo un s\u00f3lo deseo: ver a mis hijos\u00a0felices. Sean homosexuales, heterosexuales o bisexuales,\u00a0todas las madres desean para sus hijos lo mismo: que\u00a0sean felices y buenas personas.<\/p>\n<p>FOTO: La conversaci\u00f3n (M. Carini)<\/p>\n<h3>Art\u00edculo editado por Corporaci\u00f3n de Medios de Andaluc\u00eda y el Ayuntamiento de Atarfe, coordinado por Jos\u00e9 Enrique Granados y tiene por nombre \u00abAtarfe en el papel\u00bb<\/h3>\n","protected":false},"excerpt":{"rendered":"<p>Cuando era peque\u00f1a, de eso hace ya algunos a\u00f1os, las\u00a0cosas eran distintas, nos educaban de&#8230;<\/p>\n","protected":false},"author":1,"featured_media":79591,"comment_status":"closed","ping_status":"closed","sticky":false,"template":"","format":"standard","meta":{"_coblocks_attr":"","_coblocks_dimensions":"","_coblocks_responsive_height":"","_coblocks_accordion_ie_support":"","jetpack_post_was_ever_published":false,"_jetpack_newsletter_access":"","_jetpack_dont_email_post_to_subs":false,"_jetpack_newsletter_tier_id":0,"_jetpack_memberships_contains_paywalled_content":false,"_jetpack_memberships_contains_paid_content":false,"footnotes":"","jetpack_publicize_message":"","jetpack_publicize_feature_enabled":true,"jetpack_social_post_already_shared":true,"jetpack_social_options":{"image_generator_settings":{"template":"highway","default_image_id":0,"enabled":false},"version":2}},"categories":[1161,186,44,10],"tags":[],"class_list":["post-79590","post","type-post","status-publish","format-standard","has-post-thumbnail","hentry","category-ciudadania","category-instituciones","category-noticias-de-hoy","category-salud"],"jetpack_publicize_connections":[],"jetpack_featured_media_url":"https:\/\/i0.wp.com\/miradordeatarfe.es\/wp-content\/uploads\/2025\/10\/Captura20251022095023.png?fit=310%2C290&ssl=1","jetpack_likes_enabled":true,"jetpack_sharing_enabled":true,"_links":{"self":[{"href":"https:\/\/miradordeatarfe.es\/index.php?rest_route=\/wp\/v2\/posts\/79590","targetHints":{"allow":["GET"]}}],"collection":[{"href":"https:\/\/miradordeatarfe.es\/index.php?rest_route=\/wp\/v2\/posts"}],"about":[{"href":"https:\/\/miradordeatarfe.es\/index.php?rest_route=\/wp\/v2\/types\/post"}],"author":[{"embeddable":true,"href":"https:\/\/miradordeatarfe.es\/index.php?rest_route=\/wp\/v2\/users\/1"}],"replies":[{"embeddable":true,"href":"https:\/\/miradordeatarfe.es\/index.php?rest_route=%2Fwp%2Fv2%2Fcomments&post=79590"}],"version-history":[{"count":2,"href":"https:\/\/miradordeatarfe.es\/index.php?rest_route=\/wp\/v2\/posts\/79590\/revisions"}],"predecessor-version":[{"id":79593,"href":"https:\/\/miradordeatarfe.es\/index.php?rest_route=\/wp\/v2\/posts\/79590\/revisions\/79593"}],"wp:featuredmedia":[{"embeddable":true,"href":"https:\/\/miradordeatarfe.es\/index.php?rest_route=\/wp\/v2\/media\/79591"}],"wp:attachment":[{"href":"https:\/\/miradordeatarfe.es\/index.php?rest_route=%2Fwp%2Fv2%2Fmedia&parent=79590"}],"wp:term":[{"taxonomy":"category","embeddable":true,"href":"https:\/\/miradordeatarfe.es\/index.php?rest_route=%2Fwp%2Fv2%2Fcategories&post=79590"},{"taxonomy":"post_tag","embeddable":true,"href":"https:\/\/miradordeatarfe.es\/index.php?rest_route=%2Fwp%2Fv2%2Ftags&post=79590"}],"curies":[{"name":"wp","href":"https:\/\/api.w.org\/{rel}","templated":true}]}}