{"id":79594,"date":"2025-10-28T11:10:12","date_gmt":"2025-10-28T10:10:12","guid":{"rendered":"https:\/\/miradordeatarfe.es\/?p=79594"},"modified":"2025-10-25T13:08:44","modified_gmt":"2025-10-25T11:08:44","slug":"atarfe-tiene-una-renta-media-12113e-por-persona-y-de-33-488-conjunta","status":"publish","type":"post","link":"https:\/\/miradordeatarfe.es\/?p=79594","title":{"rendered":"ATARFE TIENE UNA RENTA MEDIA 12,113\u20ac POR PERSONA  Y DE 33.488 CONJUNTA"},"content":{"rendered":"<h3 class=\"intro\">Monteluz ya es el barrio m\u00e1s rico del \u00c1rea Metropolitana de Granada, con una renta de 20.374 euros por persona. Peligros, Og\u00edjares y Albolote tienen las secciones censales con el mejor dato de rentas en la comarca, en la que la media se sit\u00faa en los 14.244 euros<\/h3>\n<p><strong>Monteluz<\/strong>, en el t\u00e9rmino municipal de <strong>Peligros<\/strong>, ya es el barrio m\u00e1s rico del <strong>\u00c1rea Metropolitana de Granada<\/strong>. Esta secci\u00f3n censal se sit\u00faa al frente de las 32 de la comarca en la que existen mejores rentas netas por persona, que en 2023 situ\u00f3 el registro en los 14.244 euros de media y con una diferencia de casi 10.000 euros entre el dato m\u00e1s alto y el m\u00e1s bajo entre los barrios mejor situados.<\/p>\n<p>As\u00ed consta en los datos hechos p\u00fablicos este martes por el Instituto Nacional de Estad\u00edstica, consultados por <strong><a href=\"http:\/\/www.ahoragranada.com\" target=\"_blank\" rel=\"noreferrer noopener\">ahoraGranada<\/a><\/strong>, que reflejan que el barrio de <strong>Peligros<\/strong>, que abarca la secci\u00f3n 01005, alcanza una renta neta media por persona de 20.374 euros seg\u00fan las declaraciones de 2023, lo que refleja adem\u00e1s un incremento notable de m\u00e1s de 4.000 euros respecto al a\u00f1o anterior. La renta neta media por hogar en esta zona se situ\u00f3 en los 55.221 euros.<\/p>\n<p>Monteluz <a href=\"https:\/\/www.ahoragranada.com\/noticias\/la-zubia-albolote-y-ogijares-tienen-los-tres-barrios-mas-ricos-del-area-metropolitana-de-granada\/\" target=\"_blank\" rel=\"noreferrer noopener\">ha pasado en solo un a\u00f1o de estar en la s\u00e9ptima posici\u00f3n a ocupar la primera en estos registros econ\u00f3micos<\/a>, que tambi\u00e9n ascienden a <strong>Og\u00edjares <\/strong>de la tercera a la segunda posici\u00f3n en su distrito 01008, en San Nicol\u00e1s, donde la renta media se coloc\u00f3 en los 18.958 euros por persona; mientras que el Parque del Cubillas, de <strong>Albolote<\/strong>, pasa de la segunda a la tercera plaza con un dato que se sit\u00faa ahora en los 18.944 euros de media.<\/p>\n<p>En la cuarta posici\u00f3n se coloca el Mirador de la Reina en <strong>La Zubia, <\/strong>el a\u00f1o anterior en el primer puesto, y que apenas ha variado el dato, desde los 18.443 euros a los 18.653; mientras que en Armilla, Santa Juliana, a la entrada; es el barrio m\u00e1s rico de la ciudad metropolitana con m\u00e1s habitantes, con un promedio de 18.377 euros y por hogar llegando a los 50.448 euros.<\/p>\n<p>Les siguen en estos baremos el Suspiro del Moro, en <strong>Otura<\/strong>, con una renta neta media de 17.587 euros; la calle Real y la zona del Paseo del Hu\u00e9tor Vega en <strong>C\u00e1jar <\/strong>con 16.539 euros; la Colina de Sansta Isabel en <strong>Las Gabias<\/strong>, que en un a\u00f1o ha pasado de los 14.983 a los 16.209 euros de media; y Buenavista, en <strong>G\u00f3jar<\/strong>, con 15.571 euros por persona.<\/p>\n<h3 class=\"wp-block-heading\">Nuevos barrios m\u00e1s ricos<\/h3>\n<p>En hasta tres localidades del Cintur\u00f3n metropolitano se ha producido un cambio entre sus barrios m\u00e1s ricos. Es el caso de <strong>Monachil<\/strong>, donde Villas de Colinas se coloca entre el que mejores rentas registra con hasta 15.423 euros y desbancando por tanto al Barrio de la Vega y la zona de la calle Madrid.<\/p>\n<p>Algo similar ha sucedido con el entorno de la Avenida Reyes Cat\u00f3licos y de la calle Habana de <strong>Churriana de la Vega<\/strong>, el que mejores rentas registra en el municipio con hasta 14.695 euros de media, y superando al hasta ahora m\u00e1s rico, como era el entorno de la GR3303 y la Avenida Crist\u00f3bal Col\u00f3n.<\/p>\n<h3><span style=\"color: #800000;\">En <strong>Atarfe <\/strong>el cambio se ha producido hacia la secci\u00f3n censal 02003, de modo que ahora es la Avenida Diputaci\u00f3n y la Avenida Circunvalaci\u00f3n la que tiene mejores rentas con 12.113 euros de media, por delante del Paseo de la Redonda y el Camino de Albolote, que hasta ahora era la zona m\u00e1s &#8216;rica&#8217;.<\/span><\/h3>\n<p>En <strong>Hu\u00e9tor Vega <\/strong>el Camino Real de los Neveros y el Barranco de la Zorra se mantiene como el que tiene mejores rentas, con un promedio de 15.416 euros por persona; situ\u00e1ndose por encima de la media metropolitana, algo que tambi\u00e9n sucede en la zona de San Nicol\u00e1s, en <strong>Alhend\u00edn <\/strong>(14.498 euros) y El Ventorrillo en <strong>C\u00fallar Vega<\/strong> (14.362 euros).<\/p>\n<h3 class=\"wp-block-heading\">Por debajo de la media metropolitana<\/h3>\n<p>Existen otros 13 barrios m\u00e1s ricos de sus respectivos municipios en el Cintur\u00f3n metropolitano en los que la renta neta media, sin embargo, est\u00e1 por debajo de la media de la comarca.<\/p>\n<p>Bartodano en <strong>Jun <\/strong>llega a los 13.866 euros de media, seguido de Villa Cantona en Cenes de la Vega (13.081 euros), Fuente Grande en <strong>Alfacar <\/strong>(12.922), Casas Bajas y el Ventorrillo en <strong>Vegas del Genil<\/strong> (12.786) y la zona de Rector L\u00f3pez Gonz\u00e1lez y el entorno de la calle Cruces en <strong>Santa Fe<\/strong> (12.730 euros).<\/p>\n<p>En <strong>Pinos Puente <\/strong>su barrio con mejores rentas es Barrio Nuevo, Eras Bajas, Briones y la zona pr\u00f3xima a la N432 con hasta 11.599 euros de media; mientras que la Avenida de Las Torrecillas y el entorno lo es en <strong>G\u00fcev\u00e9jar<\/strong>, con un promedio de 11.400 euros por persona.<\/p>\n<p>Pulianillas en <strong>Pulianas <\/strong>se mantiene como la zona con mejores datos y una media de 11.255 euros, mientras que Pe\u00f1uelas, en <strong>L\u00e1char<\/strong>, llega a los 10.957 euros de media. Le siguen como barrios m\u00e1s ricos el entorno de la Carrera de la Virgen y zona derecha en <strong>Chauchina <\/strong>(10.786 euros), la zona del Camino de L\u00e1char en <strong>Cijuela <\/strong>(10.428 euros) y el entorno de la Avenida de Andaluc\u00eda y la calle Islas en Fuente Vaqueros (10.162 euros).<\/p>\n<p>Hay cuatro localidades que tienen un distrito \u00fanico y por tanto no est\u00e1n segmentados. Son los casos de <strong>V\u00edznar<\/strong>, donde la renta neta media se sit\u00faa en 14.308 euros en todo el municipio; <strong>V\u00edznar<\/strong>, con 14.207 euros; <strong>Pinos Genil<\/strong>, con 12.108 euros; y <strong>Valderrubio<\/strong>, con 10.428 euros de media.<\/p>\n<h3 class=\"wp-block-heading\">Barrio m\u00e1s rico de cada pueblo del \u00c1rea Metropolitana de Granada en funci\u00f3n de la renta neta media por persona<\/h3>\n<figure class=\"wp-block-table\">\n<div class=\"\">\n<table class=\"has-fixed-layout\" style=\"width: 96.7124%; height: 888px;\">\n<tbody>\n<tr style=\"height: 48px;\">\n<td style=\"height: 72px;\" rowspan=\"2\"><strong>Municipio \/ Distrito<\/strong><\/td>\n<td style=\"height: 72px;\" rowspan=\"2\"><strong>Zona<\/strong><\/td>\n<td style=\"height: 48px;\" colspan=\"2\"><strong>Renta neta media por persona<\/strong><\/td>\n<td style=\"height: 48px;\" colspan=\"2\"><strong>Renta neta media por hogar<\/strong><\/td>\n<\/tr>\n<tr style=\"height: 24px;\">\n<td style=\"height: 24px;\"><strong>2023<\/strong><\/td>\n<td style=\"height: 24px;\"><strong>2022<\/strong><\/td>\n<td style=\"height: 24px;\"><strong>2023<\/strong><\/td>\n<td style=\"height: 24px;\"><strong>2022<\/strong><\/td>\n<\/tr>\n<tr style=\"height: 24px;\">\n<td style=\"height: 24px;\"><strong>Peligros secci\u00f3n 01005<\/strong><\/td>\n<td style=\"height: 24px;\"><strong>Monteluz<\/strong><\/td>\n<td style=\"height: 24px;\">20.374<\/td>\n<td style=\"height: 24px;\">16.031<\/td>\n<td style=\"height: 24px;\">55.221<\/td>\n<td style=\"height: 24px;\">45.681<\/td>\n<\/tr>\n<tr style=\"height: 24px;\">\n<td style=\"height: 24px;\"><strong>Og\u00edjares secci\u00f3n 01008<\/strong><\/td>\n<td style=\"height: 24px;\"><strong>San Nicol\u00e1s<\/strong><\/td>\n<td style=\"height: 24px;\">18.958<\/td>\n<td style=\"height: 24px;\">17.564<\/td>\n<td style=\"height: 24px;\">49.893<\/td>\n<td style=\"height: 24px;\">47.633<\/td>\n<\/tr>\n<tr style=\"height: 24px;\">\n<td style=\"height: 24px;\"><strong>Albolote secci\u00f3n 01003<\/strong><\/td>\n<td style=\"height: 24px;\"><strong>Cubillas<\/strong><\/td>\n<td style=\"height: 24px;\">18.944<\/td>\n<td style=\"height: 24px;\">17.769<\/td>\n<td style=\"height: 24px;\">56.759<\/td>\n<td style=\"height: 24px;\">52.752<\/td>\n<\/tr>\n<tr style=\"height: 24px;\">\n<td style=\"height: 24px;\"><strong>La Zubia secci\u00f3n 01011<\/strong><\/td>\n<td style=\"height: 24px;\"><strong>Mirador de la Reina<\/strong><\/td>\n<td style=\"height: 24px;\">18.653<\/td>\n<td style=\"height: 24px;\">18.443<\/td>\n<td style=\"height: 24px;\">54.162<\/td>\n<td style=\"height: 24px;\">56.534<\/td>\n<\/tr>\n<tr style=\"height: 24px;\">\n<td style=\"height: 24px;\"><strong>Armilla secci\u00f3n 01012<\/strong><\/td>\n<td style=\"height: 24px;\"><strong>Santa Juliana Entrada<\/strong><\/td>\n<td style=\"height: 24px;\">18.377<\/td>\n<td style=\"height: 24px;\">16.857<\/td>\n<td style=\"height: 24px;\">50.448<\/td>\n<td style=\"height: 24px;\">46.946<\/td>\n<\/tr>\n<tr style=\"height: 24px;\">\n<td style=\"height: 24px;\"><strong>Villa de Otura secci\u00f3n 01004<\/strong><\/td>\n<td style=\"height: 24px;\"><strong>Suspiro del Moro<\/strong><\/td>\n<td style=\"height: 24px;\">17.587<\/td>\n<td style=\"height: 24px;\">17.170<\/td>\n<td style=\"height: 24px;\">51.191<\/td>\n<td style=\"height: 24px;\">51.885<\/td>\n<\/tr>\n<tr style=\"height: 24px;\">\n<td style=\"height: 24px;\"><strong>C\u00e1jar secci\u00f3n 01001<\/strong><\/td>\n<td style=\"height: 24px;\"><strong>Calle Real &#8211; Zona Paseo Hu\u00e9tor Vega<\/strong><\/td>\n<td style=\"height: 24px;\">16.539<\/td>\n<td style=\"height: 24px;\">15.673<\/td>\n<td style=\"height: 24px;\">41.926<\/td>\n<td style=\"height: 24px;\">40.319<\/td>\n<\/tr>\n<tr style=\"height: 24px;\">\n<td style=\"height: 24px;\"><strong>Las Gabias secci\u00f3n 01013<\/strong><\/td>\n<td style=\"height: 24px;\"><strong>Colina de Santa Isabel<\/strong><\/td>\n<td style=\"height: 24px;\">16.209<\/td>\n<td style=\"height: 24px;\">14.893<\/td>\n<td style=\"height: 24px;\">41.725<\/td>\n<td style=\"height: 24px;\">38.031<\/td>\n<\/tr>\n<tr style=\"height: 24px;\">\n<td style=\"height: 24px;\"><strong>G\u00f3jar secci\u00f3n 01002<\/strong><\/td>\n<td style=\"height: 24px;\"><strong>Buenavista<\/strong><\/td>\n<td style=\"height: 24px;\">15.751<\/td>\n<td style=\"height: 24px;\">15.374<\/td>\n<td style=\"height: 24px;\">43.063<\/td>\n<td style=\"height: 24px;\">42.514<\/td>\n<\/tr>\n<tr style=\"height: 24px;\">\n<td style=\"height: 24px;\"><strong>Monachil secci\u00f3n 02004<\/strong><\/td>\n<td style=\"height: 24px;\"><strong>Villas de Colinas<\/strong><\/td>\n<td style=\"height: 24px;\">15.423<\/td>\n<td style=\"height: 24px;\">13.308<\/td>\n<td style=\"height: 24px;\">42.041<\/td>\n<td style=\"height: 24px;\">36.626<\/td>\n<\/tr>\n<tr style=\"height: 48px;\">\n<td style=\"height: 48px;\"><strong>Hu\u00e9tor Vega secci\u00f3n 01006<\/strong><\/td>\n<td style=\"height: 48px;\"><strong>Camino Real de los Neveros &#8211; Barranco de la Zorra<\/strong><\/td>\n<td style=\"height: 48px;\">15.416<\/td>\n<td style=\"height: 48px;\">16.292<\/td>\n<td style=\"height: 48px;\">44.178<\/td>\n<td style=\"height: 48px;\">46.591<\/td>\n<\/tr>\n<tr style=\"height: 24px;\">\n<td style=\"height: 24px;\"><strong>Maracena secci\u00f3n 02006<\/strong><\/td>\n<td style=\"height: 24px;\"><strong>Avenida Los Claveles<\/strong><\/td>\n<td style=\"height: 24px;\">14.755<\/td>\n<td style=\"height: 24px;\">13.558<\/td>\n<td style=\"height: 24px;\">40.447<\/td>\n<td style=\"height: 24px;\">36.523<\/td>\n<\/tr>\n<tr style=\"height: 48px;\">\n<td style=\"height: 48px;\"><strong>Churriana de la Vega secci\u00f3n 01009<\/strong><\/td>\n<td style=\"height: 48px;\"><strong>Avenida Reyes Cat\u00f3licos &#8211; Calle Habana<\/strong><\/td>\n<td style=\"height: 48px;\">14.695<\/td>\n<td style=\"height: 48px;\">13.102<\/td>\n<td style=\"height: 48px;\">44.319<\/td>\n<td style=\"height: 48px;\">39.180<\/td>\n<\/tr>\n<tr style=\"height: 24px;\">\n<td style=\"height: 24px;\"><strong>Alhend\u00edn secci\u00f3n 01006<\/strong><\/td>\n<td style=\"height: 24px;\"><strong>San Nicol\u00e1s<\/strong><\/td>\n<td style=\"height: 24px;\">14.498<\/td>\n<td style=\"height: 24px;\">14.049<\/td>\n<td style=\"height: 24px;\">42.951<\/td>\n<td style=\"height: 24px;\">41.737<\/td>\n<\/tr>\n<tr style=\"height: 24px;\">\n<td style=\"height: 24px;\"><strong>C\u00fallar Vega secci\u00f3n 01003<\/strong><\/td>\n<td style=\"height: 24px;\"><strong>El Ventorrillo<\/strong><\/td>\n<td style=\"height: 24px;\">14.362<\/td>\n<td style=\"height: 24px;\">13.440<\/td>\n<td style=\"height: 24px;\">43.213<\/td>\n<td style=\"height: 24px;\">40.720<\/td>\n<\/tr>\n<tr style=\"height: 24px;\">\n<td style=\"height: 24px;\"><strong>V\u00edznar secci\u00f3n 01001<\/strong>*<\/td>\n<td style=\"height: 24px;\"><strong>&#8211;<\/strong><\/td>\n<td style=\"height: 24px;\">14.308<\/td>\n<td style=\"height: 24px;\">13.123<\/td>\n<td style=\"height: 24px;\">37.208<\/td>\n<td style=\"height: 24px;\">34.408<\/td>\n<\/tr>\n<tr style=\"height: 24px;\">\n<td style=\"height: 24px;\"><strong>D\u00edlar secci\u00f3n 01001<\/strong>*<\/td>\n<td style=\"height: 24px;\"><strong>&#8211;<\/strong><\/td>\n<td style=\"height: 24px;\">14.207<\/td>\n<td style=\"height: 24px;\">13.231<\/td>\n<td style=\"height: 24px;\">36.912<\/td>\n<td style=\"height: 24px;\">34.229<\/td>\n<\/tr>\n<tr style=\"height: 24px;\">\n<td style=\"height: 24px;\"><strong>Jun secci\u00f3n 01002<\/strong><\/td>\n<td style=\"height: 24px;\"><strong>Bartodano<\/strong><\/td>\n<td style=\"height: 24px;\">13.866<\/td>\n<td style=\"height: 24px;\">13.159<\/td>\n<td style=\"height: 24px;\">41.870<\/td>\n<td style=\"height: 24px;\">39.400<\/td>\n<\/tr>\n<tr style=\"height: 24px;\">\n<td style=\"height: 24px;\"><strong>Cenes de la Vega secci\u00f3n 01001<\/strong><\/td>\n<td style=\"height: 24px;\"><strong>Villa Cantona<\/strong><\/td>\n<td style=\"height: 24px;\">13.081<\/td>\n<td style=\"height: 24px;\">12.452<\/td>\n<td style=\"height: 24px;\">33.813<\/td>\n<td style=\"height: 24px;\">32.658<\/td>\n<\/tr>\n<tr style=\"height: 24px;\">\n<td style=\"height: 24px;\"><strong>Alfacar secci\u00f3n 01004<\/strong><\/td>\n<td style=\"height: 24px;\"><strong>Fuente Grande<\/strong><\/td>\n<td style=\"height: 24px;\">12.922<\/td>\n<td style=\"height: 24px;\">12.286<\/td>\n<td style=\"height: 24px;\">33.289<\/td>\n<td style=\"height: 24px;\">30.822<\/td>\n<\/tr>\n<tr style=\"height: 24px;\">\n<td style=\"height: 24px;\"><strong>Vegas del Genil secci\u00f3n 01005<\/strong><\/td>\n<td style=\"height: 24px;\"><strong>Casas Bajas &#8211; El Ventorrillo<\/strong><\/td>\n<td style=\"height: 24px;\">12.786<\/td>\n<td style=\"height: 24px;\">11.944<\/td>\n<td style=\"height: 24px;\">38.552<\/td>\n<td style=\"height: 24px;\">36.039<\/td>\n<\/tr>\n<tr style=\"height: 24px;\">\n<td style=\"height: 24px;\"><strong>Santa Fe secci\u00f3n 01006<\/strong><\/td>\n<td style=\"height: 24px;\"><strong>Rector L\u00f3pez Gonz\u00e1lez &#8211; Calle Cruces<\/strong><\/td>\n<td style=\"height: 24px;\">12.730<\/td>\n<td style=\"height: 24px;\">11.919<\/td>\n<td style=\"height: 24px;\">30.255<\/td>\n<td style=\"height: 24px;\">28.393<\/td>\n<\/tr>\n<tr style=\"height: 24px;\">\n<td style=\"height: 24px;\"><span style=\"color: #ff0000;\"><strong>Atarfe secci\u00f3n 02003<\/strong><\/span><\/td>\n<td style=\"height: 24px;\"><span style=\"color: #ff0000;\"><strong>Avenida Diputaci\u00f3n &#8211; Avenida Cirvunvalaci\u00f3n<\/strong><\/span><\/td>\n<td style=\"height: 24px;\"><span style=\"color: #ff0000;\">12.113<\/span><\/td>\n<td style=\"height: 24px;\"><span style=\"color: #ff0000;\">11.057<\/span><\/td>\n<td style=\"height: 24px;\"><span style=\"color: #ff0000;\">33.488<\/span><\/td>\n<td style=\"height: 24px;\"><span style=\"color: #ff0000;\">30.785<\/span><\/td>\n<\/tr>\n<tr style=\"height: 24px;\">\n<td style=\"height: 24px;\"><strong>Pinos Genil secci\u00f3n 01001<\/strong>*<\/td>\n<td style=\"height: 24px;\"><strong>&#8211;<\/strong><\/td>\n<td style=\"height: 24px;\">12.108<\/td>\n<td style=\"height: 24px;\">11.558<\/td>\n<td style=\"height: 24px;\">31.763<\/td>\n<td style=\"height: 24px;\">30.073<\/td>\n<\/tr>\n<tr style=\"height: 24px;\">\n<td style=\"height: 24px;\"><strong>Pinos Puente secci\u00f3n 01001<\/strong><\/td>\n<td style=\"height: 24px;\"><strong>Barrio Nuevo &#8211; Eras Bajas &#8211; Briones &#8211; Zona N432<\/strong><\/td>\n<td style=\"height: 24px;\">11.599<\/td>\n<td style=\"height: 24px;\">10.858<\/td>\n<td style=\"height: 24px;\">26.811<\/td>\n<td style=\"height: 24px;\">25.380<\/td>\n<\/tr>\n<tr style=\"height: 24px;\">\n<td style=\"height: 24px;\"><strong>G\u00fcev\u00e9jar secci\u00f3n 01001<\/strong><\/td>\n<td style=\"height: 24px;\"><strong>Avenida Las Torrecillas<\/strong><\/td>\n<td style=\"height: 24px;\">11.400<\/td>\n<td style=\"height: 24px;\">10.687<\/td>\n<td style=\"height: 24px;\">33.324<\/td>\n<td style=\"height: 24px;\">31.986<\/td>\n<\/tr>\n<tr style=\"height: 24px;\">\n<td style=\"height: 24px;\"><strong>Pulianas secci\u00f3n 01002<\/strong><\/td>\n<td style=\"height: 24px;\"><strong>Pulianillas<\/strong><\/td>\n<td style=\"height: 24px;\">11.255<\/td>\n<td style=\"height: 24px;\">10.590<\/td>\n<td style=\"height: 24px;\">31.078<\/td>\n<td style=\"height: 24px;\">29.282<\/td>\n<\/tr>\n<tr style=\"height: 24px;\">\n<td style=\"height: 24px;\"><strong>L\u00e1char secci\u00f3n 01002<\/strong><\/td>\n<td style=\"height: 24px;\"><strong>Pe\u00f1uelas<\/strong><\/td>\n<td style=\"height: 24px;\">10.957<\/td>\n<td style=\"height: 24px;\">9.922<\/td>\n<td style=\"height: 24px;\">26.662<\/td>\n<td style=\"height: 24px;\">24.340<\/td>\n<\/tr>\n<tr style=\"height: 24px;\">\n<td style=\"height: 24px;\"><strong>Chauchina secci\u00f3n 01003<\/strong><\/td>\n<td style=\"height: 24px;\"><strong>Carrera de la Virgen &#8211; Zona derecha<\/strong><\/td>\n<td style=\"height: 24px;\">10.786<\/td>\n<td style=\"height: 24px;\">10.038<\/td>\n<td style=\"height: 24px;\">28.445<\/td>\n<td style=\"height: 24px;\">26.823<\/td>\n<\/tr>\n<tr style=\"height: 24px;\">\n<td style=\"height: 24px;\"><strong>Cijuela secci\u00f3n 01001<\/strong><\/td>\n<td style=\"height: 24px;\"><strong>Zona Camino de L\u00e1char<\/strong><\/td>\n<td style=\"height: 24px;\">10.569<\/td>\n<td style=\"height: 24px;\">9.836<\/td>\n<td style=\"height: 24px;\">28.259<\/td>\n<td style=\"height: 24px;\">26.480<\/td>\n<\/tr>\n<tr style=\"height: 24px;\">\n<td style=\"height: 24px;\"><strong>Valderrubio secci\u00f3n 01001<\/strong>*<\/td>\n<td style=\"height: 24px;\"><strong>&#8211;<\/strong><\/td>\n<td style=\"height: 24px;\">10.428<\/td>\n<td style=\"height: 24px;\">9.606<\/td>\n<td style=\"height: 24px;\">26.254<\/td>\n<td style=\"height: 24px;\">24.638<\/td>\n<\/tr>\n<tr style=\"height: 24px;\">\n<td style=\"height: 24px;\"><strong>Fuente Vaqueros secci\u00f3n 01001<\/strong><\/td>\n<td style=\"height: 24px;\"><strong>Avenida de Andaluc\u00eda &#8211; Calle Islas<\/strong><\/td>\n<td style=\"height: 24px;\">10.162<\/td>\n<td style=\"height: 24px;\">9.011<\/td>\n<td style=\"height: 24px;\">25.829<\/td>\n<td style=\"height: 24px;\">23.049<\/td>\n<\/tr>\n<\/tbody>\n<\/table>\n<\/div>\n<\/figure>\n<p><em>Fuente: INE \/ Elaboraci\u00f3n Propia | Datos de la renta de 2023<\/em><\/p>\n<p><span class=\"section-name\"><span class=\"autor\"><strong> Luis F. Ruiz &#8211; Noelia S. Lorca<\/strong> <\/span><\/span><\/p>\n<blockquote class=\"wp-embedded-content\" data-secret=\"BeErSRafzt\"><p><a href=\"https:\/\/www.ahoragranada.com\/noticias\/monteluz-ya-es-el-barrio-mas-rico-del-area-metropolitana-de-granada-con-una-renta-neta-de-20-374-euros-por-persona\/\">Monteluz ya es el barrio m\u00e1s rico del \u00c1rea Metropolitana de Granada, con una renta de 20.374 euros por persona<\/a><\/p><\/blockquote>\n<p><iframe loading=\"lazy\" class=\"wp-embedded-content\" sandbox=\"allow-scripts\" security=\"restricted\" style=\"position: absolute; visibility: hidden;\" title=\"\u00abMonteluz ya es el barrio m\u00e1s rico del \u00c1rea Metropolitana de Granada, con una renta de 20.374 euros por persona\u00bb \u2014 Ahora Granada\" src=\"https:\/\/www.ahoragranada.com\/noticias\/monteluz-ya-es-el-barrio-mas-rico-del-area-metropolitana-de-granada-con-una-renta-neta-de-20-374-euros-por-persona\/embed\/#?secret=H6EOAJXuyx#?secret=BeErSRafzt\" data-secret=\"BeErSRafzt\" width=\"600\" height=\"338\" frameborder=\"0\" marginwidth=\"0\" marginheight=\"0\" scrolling=\"no\"><\/iframe><\/p>\n<p>&nbsp;<\/p>\n","protected":false},"excerpt":{"rendered":"<p>Monteluz ya es el barrio m\u00e1s rico del \u00c1rea Metropolitana de Granada, con una renta&#8230;<\/p>\n","protected":false},"author":1,"featured_media":79596,"comment_status":"closed","ping_status":"closed","sticky":false,"template":"","format":"standard","meta":{"_coblocks_attr":"","_coblocks_dimensions":"","_coblocks_responsive_height":"","_coblocks_accordion_ie_support":"","jetpack_post_was_ever_published":false,"_jetpack_newsletter_access":"","_jetpack_dont_email_post_to_subs":false,"_jetpack_newsletter_tier_id":0,"_jetpack_memberships_contains_paywalled_content":false,"_jetpack_memberships_contains_paid_content":false,"footnotes":"","jetpack_publicize_message":"","jetpack_publicize_feature_enabled":true,"jetpack_social_post_already_shared":true,"jetpack_social_options":{"image_generator_settings":{"template":"highway","default_image_id":0,"enabled":false},"version":2}},"categories":[2,1161,186,44],"tags":[],"class_list":["post-79594","post","type-post","status-publish","format-standard","has-post-thumbnail","hentry","category-atarfe","category-ciudadania","category-instituciones","category-noticias-de-hoy"],"jetpack_publicize_connections":[],"jetpack_featured_media_url":"https:\/\/i0.wp.com\/miradordeatarfe.es\/wp-content\/uploads\/2025\/10\/Renta-Media-2023-Barrios-746x419-1.jpg?fit=746%2C419&ssl=1","jetpack_likes_enabled":true,"jetpack_sharing_enabled":true,"_links":{"self":[{"href":"https:\/\/miradordeatarfe.es\/index.php?rest_route=\/wp\/v2\/posts\/79594","targetHints":{"allow":["GET"]}}],"collection":[{"href":"https:\/\/miradordeatarfe.es\/index.php?rest_route=\/wp\/v2\/posts"}],"about":[{"href":"https:\/\/miradordeatarfe.es\/index.php?rest_route=\/wp\/v2\/types\/post"}],"author":[{"embeddable":true,"href":"https:\/\/miradordeatarfe.es\/index.php?rest_route=\/wp\/v2\/users\/1"}],"replies":[{"embeddable":true,"href":"https:\/\/miradordeatarfe.es\/index.php?rest_route=%2Fwp%2Fv2%2Fcomments&post=79594"}],"version-history":[{"count":3,"href":"https:\/\/miradordeatarfe.es\/index.php?rest_route=\/wp\/v2\/posts\/79594\/revisions"}],"predecessor-version":[{"id":79599,"href":"https:\/\/miradordeatarfe.es\/index.php?rest_route=\/wp\/v2\/posts\/79594\/revisions\/79599"}],"wp:featuredmedia":[{"embeddable":true,"href":"https:\/\/miradordeatarfe.es\/index.php?rest_route=\/wp\/v2\/media\/79596"}],"wp:attachment":[{"href":"https:\/\/miradordeatarfe.es\/index.php?rest_route=%2Fwp%2Fv2%2Fmedia&parent=79594"}],"wp:term":[{"taxonomy":"category","embeddable":true,"href":"https:\/\/miradordeatarfe.es\/index.php?rest_route=%2Fwp%2Fv2%2Fcategories&post=79594"},{"taxonomy":"post_tag","embeddable":true,"href":"https:\/\/miradordeatarfe.es\/index.php?rest_route=%2Fwp%2Fv2%2Ftags&post=79594"}],"curies":[{"name":"wp","href":"https:\/\/api.w.org\/{rel}","templated":true}]}}