{"id":79606,"date":"2025-10-27T08:10:40","date_gmt":"2025-10-27T07:10:40","guid":{"rendered":"https:\/\/miradordeatarfe.es\/?p=79606"},"modified":"2025-10-25T11:19:41","modified_gmt":"2025-10-25T09:19:41","slug":"por-que-el-centro-de-salud-de-la-esquina-es-vital-para-la-salud-de-tu-barrio","status":"publish","type":"post","link":"https:\/\/miradordeatarfe.es\/?p=79606","title":{"rendered":"Por qu\u00e9 el centro de salud de la esquina es vital para la salud de tu barrio"},"content":{"rendered":"<header class=\"a_e a_e-o _g _g-xs\">\n<div class=\"a_e_txt _df\">\n<h3 class=\"a_st\" style=\"text-align: justify;\">En atenci\u00f3n primaria se resuelven el 90% de las consultas de los pacientes y reducen considerablemente la utilizaci\u00f3n de otros niveles asistenciales mucho m\u00e1s ineficientes<\/h3>\n<\/div>\n<div class=\"a_e_m\" style=\"text-align: justify;\">\u00a0<\/div>\n<\/header>\n<p class=\"\" style=\"text-align: justify;\">\u00bfCu\u00e1ntas personas en mi barrio sufren hipertensi\u00f3n, diabetes, o arritmias? \u00bfY cu\u00e1ntas sobrepeso u obesidad? \u00bfCu\u00e1ntas fuman? \u00bfY cu\u00e1ntas querr\u00edan dejarlo? Y de todos las ni\u00f1as, ni\u00f1os y adolescentes del barrio, \u00bfcu\u00e1ntos se sienten tristes, solos, absolutamente incomprendidos? \u00bfCu\u00e1ntos tienen ya problemas de salud mental establecidos? \u00bfY de los m\u00e1s peques, cu\u00e1ntos tienen caries? \u00bfCu\u00e1ntos una dieta pobr\u00edsima? \u00bfCu\u00e1ntos no hacen pr\u00e1cticamente ning\u00fan deporte?<\/p>\n<p class=\"\" style=\"text-align: justify;\">Todas estas preguntas, y problemas de salud, est\u00e1n presentes en nuestros barrios y se trabajan a diario en los centros de atenci\u00f3n de primaria.<\/p>\n<p class=\"\" style=\"text-align: justify;\">Ana es enfermera comunitaria en el Centro de Salud de El Natahoyo, Gij\u00f3n. Lleva a\u00f1os trabajando en la consulta de deshabituaci\u00f3n tab\u00e1quica. Un trabajo muy dif\u00edcil. Junto con la m\u00e9dica Mar\u00eda Luisa hoy est\u00e1n de enhorabuena. Susana lleva 26 a\u00f1os fumando, m\u00e1s de la mitad de su vida. Lo ha dejado varias veces, pero reca\u00eda. Esta vez est\u00e1n felices, Susana lleva seis meses sin fumar y est\u00e1 m\u00e1s que orgullosa.<\/p>\n<p class=\"\" style=\"text-align: justify;\">Antonio es especialista en medicina familiar y comunitaria en el <a href=\"https:\/\/elpais.com\/espana\/madrid\/2020-09-12\/la-salud-va-por-barrios-en-ciudades-globales-como-madrid.html\" target=\"_blank\" rel=\"noopener\" data-link-track-dtm=\"\" data-mrf-link=\"https:\/\/elpais.com\/espana\/madrid\/2020-09-12\/la-salud-va-por-barrios-en-ciudades-globales-como-madrid.html\">centro de salud de Daroca, Madrid<\/a>. Esta ma\u00f1ana, junto a dos compa\u00f1eras, ha dado una charla sobre salud mental en el Instituto Francisco de Goya. Es una labor muy importante para \u00e9l y sus compa\u00f1eros durante la que han podido compartir y conocer a adolescentes y j\u00f3venes como los que, cada vez m\u00e1s, acuden a sus consultas a solicitar ayuda profesional por problemas de ansiedad, depresi\u00f3n y autolesiones. Por la tarde, Antonio tiene dos horas de consulta y finalmente atender\u00e1 a Luisa en su casa, un tercero sin ascensor. Luisa tiene 87 a\u00f1os y es su paciente desde hace catorce. En los \u00faltimos a\u00f1os, Luisa apenas puede salir de su domicilio, as\u00ed que Antonio va a su casa donde ajusta los tratamientos. Para asegurar el cumplimiento, Antonio se coordina con la farmac\u00e9utica del barrio.<\/p>\n<p class=\"\" style=\"text-align: justify;\">Mireia es nutricionista y trabaja en el Centro de Atenci\u00f3n Primaria (CAP) La Mina, en Barcelona, donde el sobrepeso\/obesidad afecta a la mayor\u00eda de las familias. Mireia y sus compa\u00f1eras acaban de terminar un proyecto participativo con las familias del barrio sobre alimentaci\u00f3n en ni\u00f1as y ni\u00f1os. Llevan semanas fotografiando y discutiendo sobre como alcanzar una alimentaci\u00f3n m\u00e1s saludable y han elegido los siguientes temas como los m\u00e1s relevantes: el etiquetado de los alimentos, el az\u00facar, los desayunos y meriendas, y las diferentes enfermedades relacionadas con la alimentaci\u00f3n en sus familias. Trabajar con los vecinos les est\u00e1 enriqueciendo a las profesionales del CAP y a las familias. Y lo est\u00e1n pasando muy bien creando comunidad.<\/p>\n<p class=\"\" style=\"text-align: justify;\">Estos son ejemplos de profesionales que trabajan en centros de salud en el centro de nuestras ciudades y cuidan de la salud de sus vecinos. Siempre recordar\u00e9 la conversaci\u00f3n con uno de mis profesores de la Universidad de Johns Hopkins cuando pase\u00e1bamos por mi barrio. \u00bfEste edificio de ladrillo rojo tan grande qu\u00e9 es? \u00bfY lo utiliz\u00e1is todos en la familia? \u00bfY colabor\u00e1is con ellos en estudios de investigaci\u00f3n? Como buen investigador y epidemi\u00f3logo social no paraba de preguntar sobre la vida diaria en el barrio y de sugerir preguntas relevantes.<\/p>\n<p class=\"\" style=\"text-align: justify;\">Precisamente en Johns Hopkins trabajaba Barbara Starfield, una de las investigadoras m\u00e1s importantes en el \u00e1mbito de la atenci\u00f3n primaria. Sus trabajos en los ochenta y noventa ayudaron a <a href=\"https:\/\/www.thelancet.com\/journals\/lancet\/article\/PIIS0140-6736(94)90634-3\/fulltext\" target=\"_blank\" rel=\"noopener\" data-link-track-dtm=\"\" data-mrf-link=\"https:\/\/www.thelancet.com\/journals\/lancet\/article\/PIIS0140-6736(94)90634-3\/fulltext\">desarrollar y evaluar los sistemas sanitarios, poniendo el foco en la atenci\u00f3n primaria<\/a>. La atenci\u00f3n primaria tiene al menos cuatro pilares: supone el primer contacto de las personas con el sistema sanitario, ofrece un seguimiento continuo (este es el concepto de longitudinalidad), ofrece una atenci\u00f3n integral (no especializada por \u00f3rganos o funciones fisiol\u00f3gicas) y es una atenci\u00f3n coordinada con otras especialidades y entidades del sistema sanitario. En atenci\u00f3n primaria se resuelven el 90% de las consultas sobre salud de los pacientes, reduciendo considerablemente la utilizaci\u00f3n de otros niveles asistenciales mucho m\u00e1s ineficientes.<\/p>\n<p class=\"\" style=\"text-align: justify;\">Mucho han cambiado nuestras sociedades desde los noventa. Por ejemplo, en Espa\u00f1a y en Europa en general somos mucho m\u00e1s mayores y, por lo tanto, las enfermedades cr\u00f3nicas que se nos unen unas a otras, la multimorbilidad, es una realidad sanitaria donde la longitudinalidad sigue siendo clave. <a href=\"https:\/\/bjgp.org\/content\/72\/715\/e84\" target=\"_blank\" rel=\"noopener\" data-link-track-dtm=\"\" data-mrf-link=\"https:\/\/bjgp.org\/content\/72\/715\/e84\">Un estudio publicado en la British Journal of General Practice en febrero del 2022 analiz\u00f3 datos de 4,5 millones de noruegos<\/a> y mostr\u00f3 que tener un m\u00e9dico de referencia en atenci\u00f3n primaria con una duraci\u00f3n de 15 a\u00f1os o m\u00e1s redujo el 30% los ingresos hospitalarios, el 28% el uso de las urgencias y un 25% la mortalidad comparados con pacientes con una duraci\u00f3n menor de un a\u00f1o. En Espa\u00f1a se est\u00e1 avanzando en la incorporaci\u00f3n de nuevos perfiles profesionales que puedan atender las necesidades actuales en salud de nuestras poblaciones. Por ejemplo, <a href=\"https:\/\/salutweb.gencat.cat\/ca\/departament\/ambits-estrategics\/atencio-primaria-comunitaria\/linies-estrategiques\/\" target=\"_blank\" rel=\"noopener\" data-link-track-dtm=\"\" data-mrf-link=\"https:\/\/salutweb.gencat.cat\/ca\/departament\/ambits-estrategics\/atencio-primaria-comunitaria\/linies-estrategiques\/\">en Catalu\u00f1a se est\u00e1n incorporando a los CAP profesionales dedicados a la higiene dental, el bienestar emocional, dietistas-nutricionistas y fisioterapeutas<\/a>.<\/p>\n<p class=\"\" style=\"text-align: justify;\">En 2023, la OMS Europa ha realizado<a href=\"https:\/\/www.who.int\/europe\/publications\/i\/item\/WHO-EURO-2023-8071-47839-70649?utm_source=substack&amp;utm_medium=email\" target=\"_blank\" rel=\"noopener\" data-link-track-dtm=\"\" data-mrf-link=\"https:\/\/www.who.int\/europe\/publications\/i\/item\/WHO-EURO-2023-8071-47839-70649?utm_source=substack&amp;utm_medium=email\"> un informe sobre la transformaci\u00f3n de la atenci\u00f3n primaria en Espa\u00f1a<\/a>, incidiendo en los retos y oportunidades para elevar la confianza p\u00fablica y el prestigio y valor de la atenci\u00f3n primaria, como son la integraci\u00f3n de los niveles asistenciales, la suficiente financiaci\u00f3n (la recomendaci\u00f3n es de gastar el 25% del gasto sanitario en primaria y en Espa\u00f1a es el 14%), el desarrollo y formaci\u00f3n de su fuerza laboral y la investigaci\u00f3n basada en atenci\u00f3n primaria. Un ejemplo de proyecto cient\u00edfico basado en primaria lo desarrollamos en la Universidad de Alcal\u00e1 en colaboraci\u00f3n con la <a href=\"https:\/\/www.fiibap.org\/\" target=\"_blank\" rel=\"noopener\" data-link-track-dtm=\"\" data-mrf-link=\"https:\/\/www.fiibap.org\/\">Fundaci\u00f3n para la Investigaci\u00f3n e Innovaci\u00f3n Biom\u00e9dica en Atenci\u00f3n Primaria de la Comunidad de Madrid<\/a>. Analizamos la relaci\u00f3n entre la disponibilidad de instalaciones deportivas y la prevalencia de obesidad y diabetes tipo 2 teniendo en cuenta el nivel socioecon\u00f3mico y el sexo de los habitantes de 40 a 75 a\u00f1os toda la ciudad de Madrid. <a href=\"https:\/\/link.springer.com\/article\/10.1007\/s00125-021-05582-5\" target=\"_blank\" rel=\"noopener\" data-link-track-dtm=\"\" data-mrf-link=\"https:\/\/link.springer.com\/article\/10.1007\/s00125-021-05582-5\">Los resultados mostraron que<\/a>, en los barrios con una menor disponibilidad de instalaciones deportivas, la poblaci\u00f3n presenta un 22 % m\u00e1s de obesidad y un 38 % m\u00e1s de diabetes que aquellos con una disponibilidad de instalaciones deportivas m\u00e1s alta. Este tipo de investigaci\u00f3n es la base de lo que hoy se denomina <a href=\"https:\/\/www.comunidad.madrid\/noticias\/2023\/04\/02\/comunidad-madrid-estrena-programa-pionero-prescripcion-actividad-fisica-centros-salud\" target=\"_blank\" rel=\"noopener\" data-link-track-dtm=\"\" data-mrf-link=\"https:\/\/www.comunidad.madrid\/noticias\/2023\/04\/02\/comunidad-madrid-estrena-programa-pionero-prescripcion-actividad-fisica-centros-salud\">prescripci\u00f3n de ejercicio f\u00edsico como terapia desde los sistemas sanitarios <\/a>y que est\u00e1 empezando a usarse en diferentes ciudades de Europa.<\/p>\n<p class=\"\" style=\"text-align: justify;\">La atenci\u00f3n primaria, con una orientaci\u00f3n comunitaria y preventiva, es un servicio clave para aumentar los niveles de salud y bienestar en nuestros barrios, nuestras ciudades. La investigaci\u00f3n basada en atenci\u00f3n primaria en Espa\u00f1a sin duda ser\u00eda capaz de aportar conocimiento para alcanzar este objetivo.<\/p>\n<p class=\"\" style=\"text-align: justify;\">Finalmente, quiero mostrar mi respeto y admiraci\u00f3n a los profesionales de primaria que realizan una enorme tarea, muchas veces desconocida e infravalorada, por mejorar la salud en nuestros barrios.<\/p>\n<p class=\"\" style=\"text-align: justify;\"><a href=\"https:\/\/elpais.com\/salud\/salud-por-barrios\/\" data-link-track-dtm=\"\" data-mrf-link=\"https:\/\/elpais.com\/salud\/salud-por-barrios\/\"><i><b>La salud va por barrios<\/b><\/i><\/a><i> es una secci\u00f3n que explica en tono sencillo y amable los conceptos y avances de la investigaci\u00f3n en Salud Urbana, un \u00e1rea de la Salud P\u00fablica necesariamente interdisciplinar. La investigaci\u00f3n en Salud Urbana tiene como objetivo mejorar nuestras ciudades para mejorar la salud de los millones de personas que habitamos las complejas y desiguales ciudades que hoy caracterizan la vida en nuestro planeta.<\/i><\/p>\n<p style=\"text-align: justify;\"><strong><a class=\"a_md_a_n\" title=\"Ver todas las noticias de Manuel Franco\" href=\"https:\/\/elpais.com\/autor\/manuel-franco\/#?rel=author_top\" data-mrf-link=\"https:\/\/elpais.com\/autor\/manuel-franco\/\">Manuel Franco<\/a><\/strong><\/p>\n<p style=\"text-align: justify;\">FOTO: Algunas personas en el centro de salud Buenos Aires, en Puente de Vallecas, Madrid.<\/p>\n<p>https:\/\/elpais.com\/salud-y-bienestar\/la-salud-va-por-barrios\/2023-12-14\/por-que-el-centro-de-salud-de-la-esquina-es-vital-para-la-salud-de-tu-barrio.html<\/p>\n<div class=\"a_md _g _g-xs \">\n<figure class=\"a_md_i a_m-h c_m--nf\"><\/figure>\n<div class=\"a_md_txt\">\n<div class=\"a_md_a\" data-dtm-region=\"articulo_firma\">\u00a0<\/div>\n<\/div>\n<\/div>\n","protected":false},"excerpt":{"rendered":"<p>En atenci\u00f3n primaria se resuelven el 90% de las consultas de los pacientes y reducen&#8230;<\/p>\n","protected":false},"author":1,"featured_media":79607,"comment_status":"closed","ping_status":"closed","sticky":false,"template":"","format":"standard","meta":{"_coblocks_attr":"","_coblocks_dimensions":"","_coblocks_responsive_height":"","_coblocks_accordion_ie_support":"","jetpack_post_was_ever_published":false,"_jetpack_newsletter_access":"","_jetpack_dont_email_post_to_subs":false,"_jetpack_newsletter_tier_id":0,"_jetpack_memberships_contains_paywalled_content":false,"_jetpack_memberships_contains_paid_content":false,"footnotes":"","jetpack_publicize_message":"","jetpack_publicize_feature_enabled":true,"jetpack_social_post_already_shared":true,"jetpack_social_options":{"image_generator_settings":{"template":"highway","default_image_id":0,"enabled":false},"version":2}},"categories":[1161,44,10],"tags":[],"class_list":["post-79606","post","type-post","status-publish","format-standard","has-post-thumbnail","hentry","category-ciudadania","category-noticias-de-hoy","category-salud"],"jetpack_publicize_connections":[],"jetpack_featured_media_url":"https:\/\/i0.wp.com\/miradordeatarfe.es\/wp-content\/uploads\/2025\/10\/Screenshot-2025-10-22-at-13-12-00-Atencion-primaria-Por-que-el-centro-de-salud-de-la-esquina-es-vital-para-la-salud-de-tu-barrio-La-salud-va-por-barrios-EL-PAIS.png?fit=408%2C288&ssl=1","jetpack_likes_enabled":true,"jetpack_sharing_enabled":true,"_links":{"self":[{"href":"https:\/\/miradordeatarfe.es\/index.php?rest_route=\/wp\/v2\/posts\/79606","targetHints":{"allow":["GET"]}}],"collection":[{"href":"https:\/\/miradordeatarfe.es\/index.php?rest_route=\/wp\/v2\/posts"}],"about":[{"href":"https:\/\/miradordeatarfe.es\/index.php?rest_route=\/wp\/v2\/types\/post"}],"author":[{"embeddable":true,"href":"https:\/\/miradordeatarfe.es\/index.php?rest_route=\/wp\/v2\/users\/1"}],"replies":[{"embeddable":true,"href":"https:\/\/miradordeatarfe.es\/index.php?rest_route=%2Fwp%2Fv2%2Fcomments&post=79606"}],"version-history":[{"count":1,"href":"https:\/\/miradordeatarfe.es\/index.php?rest_route=\/wp\/v2\/posts\/79606\/revisions"}],"predecessor-version":[{"id":79608,"href":"https:\/\/miradordeatarfe.es\/index.php?rest_route=\/wp\/v2\/posts\/79606\/revisions\/79608"}],"wp:featuredmedia":[{"embeddable":true,"href":"https:\/\/miradordeatarfe.es\/index.php?rest_route=\/wp\/v2\/media\/79607"}],"wp:attachment":[{"href":"https:\/\/miradordeatarfe.es\/index.php?rest_route=%2Fwp%2Fv2%2Fmedia&parent=79606"}],"wp:term":[{"taxonomy":"category","embeddable":true,"href":"https:\/\/miradordeatarfe.es\/index.php?rest_route=%2Fwp%2Fv2%2Fcategories&post=79606"},{"taxonomy":"post_tag","embeddable":true,"href":"https:\/\/miradordeatarfe.es\/index.php?rest_route=%2Fwp%2Fv2%2Ftags&post=79606"}],"curies":[{"name":"wp","href":"https:\/\/api.w.org\/{rel}","templated":true}]}}