{"id":7961,"date":"2016-04-02T09:30:05","date_gmt":"2016-04-02T09:30:05","guid":{"rendered":"http:\/\/miradordeatarfe.es\/?p=7961"},"modified":"2023-11-10T10:15:43","modified_gmt":"2023-11-10T09:15:43","slug":"el-reglamento-de-participacion-ciudadana-no-sale-adelante-psoe-pp-y-cs-votaron-en-contra","status":"publish","type":"post","link":"https:\/\/miradordeatarfe.es\/?p=7961","title":{"rendered":"El reglamento de Participaci\u00f3n Ciudadana no sale adelante ya que  PSOE, PP y C&#8217;s votaron en contra"},"content":{"rendered":"<p style=\"text-align: justify;\">El reglamento de Participaci\u00f3n Ciudadana no sale adelante PSOE, PP y C&#8217;s votan en contra del documento para incentivar la participaci\u00f3n de los colectivos ciudadanos. Se sienten excluidos por no disponer de voto. PASI y Ganemos defendieron el reglamento.<!--more--><\/p>\n<p style=\"text-align: justify;\">Los grupos municipales <strong>PSOE, PP <\/strong>y<strong> Ciudadanos<\/strong> impidieron con su voto en contra la aprobaci\u00f3n del <strong>reglamento de Participaci\u00f3n Ciudadana<\/strong> que present\u00f3 el equipo de gobierno con la incorporaci\u00f3n de casi la totalidad de las alegaciones realizadas por colectivos sociales y particulares. Los portavoces de los tres partidos coincidieron en argumentar, entre otras razones, que \u00abse les daba voz pero no voto\u00bb en el Consejo de Ciudad, el \u00f3rgano instrumental de la participaci\u00f3n ciudadana que, seg\u00fan la redacci\u00f3n del reglamento, presid\u00eda el alcalde con posibilidad de voto.<\/p>\n<p style=\"text-align: justify;\"><strong>Francisco Rodr\u00edguez Quesada<\/strong>, en nombre del equipo de gobierno, renunci\u00f3 en el transcurso del pleno al voto si con ello se llegaba al consenso, pero tampoco as\u00ed hubo entendimiento, neg\u00e1ndose a retirar el punto del orden del d\u00eda -tal y como solicit\u00f3 Ciudadanos- por considerar que se hab\u00edan dedicado muchos meses de trabajo a la elaboraci\u00f3n del reglamento, por lo que su aplazamiento supon\u00eda \u00abuna falta de respeto\u00bb a los colectivos que han colaborado en su redacci\u00f3n.<\/p>\n<p style=\"text-align: justify;\">La oposici\u00f3n, a excepci\u00f3n de los dos concejales de <strong>Ganemos <\/strong>que apoyaron el reglamento presentado por el gobierno que forma <strong>Por Atarfe S\u00ed (PASI)<\/strong>, entendi\u00f3 que el <strong>art\u00edculo 29<\/strong> que alude a la composici\u00f3n del citado Consejo (\u00abUn representante por cada uno de los grupos pol\u00edticos que formen la Corporaci\u00f3n Municipal, con voz pero sin voto\u00bb) \u00abexcluye y discrimina\u00bb -en opini\u00f3n del PSOE y del PP- a los grupos pol\u00edticos, y \u00abanula la representatividad de los concejales\u00bb, seg\u00fan la opini\u00f3n de Ciudadanos.<\/p>\n<p style=\"text-align: justify;\">La concejal socialista <strong>Francisca Garc\u00eda Olivares<\/strong> objet\u00f3 tambi\u00e9n para votar su grupo en contra la posibilidad de que \u00aben breve\u00bb el Gobierno andaluz presente la Ley de Participaci\u00f3n Ciudadana, circunstancia por la que, seg\u00fan el PSOE, conviene \u00a0\u00abesperar\u00bb y \u00abactuar bajo el paraguas\u00bb de la norma promovida por la Junta de Andaluc\u00eda.<\/p>\n<p style=\"text-align: justify;\">El portavoz del PP de Atarfe, <strong>Antonio D\u00edaz S\u00e1nchez<\/strong>, confirm\u00f3 la decisi\u00f3n de su grupo de rechazar la propuesta de reglamento, como ya adelant\u00f3 en la \u00faltima comisi\u00f3n informativa, por entender que los partidos representan a los ciudadanos que les han dado su confianza y, por tanto, tienen derecho a voto. D\u00edaz S\u00e1nchez subray\u00f3 que est\u00e1 a favor de fomentar la participaci\u00f3n pero se opuso a que la ciudadan\u00eda pueda intervenir en la elaboraci\u00f3n de los presupuestos, tal y como establece el <strong>art\u00edculo 60<\/strong> donde se recoge que ser\u00e1n \u00abvinculantes para el pleno\u00bb las actuaciones en el cap\u00edtulo de inversiones que se sometan a la opini\u00f3n de los ciudadanos.<\/p>\n<p style=\"text-align: justify;\">El concejal de Ciudadanos, <strong>Antonio Pascual Mart\u00edn<\/strong>, cuestion\u00f3 que el alcalde tuviese voz y voto y no el resto de grupos. Tambi\u00e9n critic\u00f3 el art\u00edculo 60 por entender que \u00abse nos hace responsables de las consecuencias de las decisiones [de la ciudadan\u00eda] que se tomen, pues se hace referencia al car\u00e1cter vinculante\u00bb. \u00a0Antonio Pascual Mart\u00edn, que aludi\u00f3 a la inclusi\u00f3n en el programa de Ciudadanos de la dotaci\u00f3n de una nueva \u00abherramienta instrumental de participaci\u00f3n\u00bb, propuso retirar del orden del d\u00eda la propuesta de reglamento del gobierno hasta lograr el consenso.<\/p>\n<p style=\"text-align: justify;\">Por su parte, la portavoz de Ganemos, <strong>Silvia Lara<\/strong>, rest\u00f3 importancia a que los grupos no puedan votar en el consejo ciudadano puesto que \u00aben \u00faltima instancia somos nosotros [los concejales] los que tomamos las decisiones en el pleno\u00bb, record\u00f3. Silvia Lara no comparti\u00f3 el \u00abrecelo\u00bb del resto de grupos de la oposici\u00f3n y defendi\u00f3 que la ciudadan\u00eda tenga\u00bbindependencia para elevar al pleno todas aquellas cuestiones que de otra manera no llegar\u00edan al Ayuntamiento\u00bb. \u00abNosotros estamos por el fomento de la participaci\u00f3n activa. Tenemos que entender que el concejal o el pleno es el \u00f3rgano decisorio pero no tiene por qu\u00e9 ser motor de la iniciativa\u00bb, argument\u00f3 la edil de Ganemos, partidaria igualmente de unos presupuestos participativos, una cuesti\u00f3n sobre la que su grupo ya present\u00f3 una moci\u00f3n en el anterior pleno ordinario.<\/p>\n<p style=\"text-align: justify;\">Por \u00faltimo, el alcalde y concejal responsable de Participaci\u00f3n Ciudadana, <strong>Francisco Rodr\u00edguez Quesada<\/strong>, se refiri\u00f3 al trabajo desarrollado en los meses previos por los distintos colectivos para adaptar a los nuevos tiempos un reglamento que data de 1997. Rodr\u00edguez Quesada neg\u00f3 que el equipo de gobierno tuviera intenci\u00f3n de excluir a la oposici\u00f3n y cobrar as\u00ed protagonismo en el consejo ciudadano. \u00abEstoy dispuesto a renunciar al voto. Lo importante es crear conciencia colectiva entre los vecinos para saber cu\u00e1les son sus demandas, propuestas, problemas e inquietudes; y de esa manera acertar cuando se lleven al pleno porque, de lo contrario, podemos estar en el pleno debatiendo sobre cuestiones que no respoden a lo que quieren los vecinos\u00bb. Tampoco vio inconveniente a adaptar el reglamento a la futura Ley Andaluza si la norma lo exigiera, en lugar de esperar a su aprobaci\u00f3n tal y como reclam\u00f3 el PSOE. Por \u00faltimo, Rodr\u00edguez Quesada defendi\u00f3 la idea de consensuar con los vecinos unos presupuestos participativos, aclarando que su capacidad de decisi\u00f3n se limita a marcar las prioridades en determinadas partidas de inversiones y programas espec\u00edficos.<\/p>\n<p style=\"text-align: justify;\">El alcalde anim\u00f3 a las distintas asociaciones a participar e intervenir en los asuntos que son de inter\u00e9s para todos los ciudadanos. En el proceso abierto de alegaciones al borrador del reglamento participaron con sus aportaciones la\u00a0<strong>Fundaci\u00f3n Sierra Elvira<\/strong>, <strong>Grupo de Trabajo para la accesibilidad de Atarfe<\/strong>, la <strong>Asociaci\u00f3n de Alumnos Antonio Machado del Centro de Adultos Mariana Pineda<\/strong>, la\u00a0<strong>Asociaci\u00f3n de Vecinos la Tasquiva<\/strong>, la <strong>Asociaci\u00f3n La Rejunt\u00e1<\/strong>, <strong>Ciudadanos<\/strong>, <strong>Colectivos de Mujeres Aura<\/strong> y vecinos a t\u00edtulo particular.<\/p>\n<p style=\"text-align: justify;\">En la votaci\u00f3n el PSOE (5), PP (2) y Ciudadanos (2) rechazaron el reglamento llevado a pleno, y s\u00f3lo PASI (6) y Ganemos (2) defendieron el documento.<\/p>\n<p style=\"text-align: justify;\"><em>Nota: Todo el que lo desee puede consultar el reglamento que aparece al final del art\u00edculo. La informaci\u00f3n es un resumen de lo sucedido en el pleno. Los debates pueden verse en su integridad en el siguiente <\/em><strong><a href=\"http:\/\/www.ustream.tv\/recorded\/85124680\">video que se grab\u00f3 en directo<\/a>\u00a0<\/strong>(Minuto 55,20 debate de Participaci\u00f3n Ciudadana)<em>.<\/em><\/p>\n<p style=\"text-align: justify;\"><strong>Otros asuntos de inter\u00e9s<\/strong><\/p>\n<p style=\"text-align: justify;\">Todos los grupos aprobaron por unanimidad la propuesta para crear una licencia de taxi con veh\u00edculo adaptado para personas discapacitadas y de movilidad reducida condicionada a la enmienda que present\u00f3 Ciudadanos para que tengan preferencia los propietarios de las tres licencias de taxi que hay en este momento. Se estableci\u00f3 un plazo de tres de meses. Si transcurrido este tiempo ninguno de los taxistas muestra inter\u00e9s por adaptar el veh\u00edculo, se inciar\u00e1 el proceso para adjudicar una cuarta licencia de taxi.<\/p>\n<p style=\"text-align: justify;\">En el cap\u00edtulo urban\u00edstico, se retir\u00f3 una modificaci\u00f3n que afectaba al uso del suelo industrial y la posibilidad de construir en \u00e9l hoteles a la espera de su estudio en la comisi\u00f3n informativa.<\/p>\n<p style=\"text-align: justify;\">En cuanto a las mociones se aprob\u00f3 por unanimidad la presentada por el PSOE con motivo del D\u00eda Internacional de la Mujer que se celebr\u00f3 el pasado 8 de marzo, para seguir profundizando en la igualdad de g\u00e9nero. Tambi\u00e9n una propuesta de Ciudadanos para la defensa del patrimonio subterr\u00e1neo y cultural de Atarfe. Se dej\u00f3 sobre la mesa la referida a la creaci\u00f3n de una comisi\u00f3n espec\u00edfica para la gesti\u00f3n de la Plaza de Toros, tambi\u00e9n de Ciudadanos; y la iniciativa de Ganemos para instar a Aguasvira a que instale la canalizaci\u00f3n de agua potable a la urbanizaci\u00f3n Llanos de Silva desde el Balc\u00f3n del Cubillas. El equipo de gobierno tiene previsto reunirse en los pr\u00f3ximos d\u00edas con Aguasvira para buscar soluciones a los problemas del agua que tiene esta urbanizaci\u00f3n, as\u00ed como los vecinos de\u00a0Los Cortijos y la Ribera.<\/p>\n<p style=\"text-align: justify;\">Los residentes de estas urbanizaciones intervinieron en el cap\u00edtulo de ruegos y preguntas para alertar del peligro que entra\u00f1a para la salud los elevados \u00edndices de sulfato, as\u00ed como para denunciar el supuesto uso irregular de c\u00e1maras de vigilancia. El exalcalde socialista Tom\u00e1s Ruiz tom\u00f3 tambi\u00e9n la palabra para mostrar su indignaci\u00f3n por los insultos que recibi\u00f3 por parte de algunos vecinos que tomaron el uso de la palabra en una anterior sesi\u00f3n ordinaria, al tiempo que asegur\u00f3 que se hab\u00eda actuado con responsabilidad a la hora de informar sobre el problema del agua que padecen las urbanizaciones antes mencionadas.<\/p>\n<p style=\"text-align: justify;\">Tambi\u00e9n tom\u00f3 la palabra un representante del Grupo de Trabajo para la Accesibilidad de Atarfe para reclamar actuaciones que favorezcan la movilidad de los vecinos con dificultades para desplazarse.<\/p>\n<p style=\"text-align: justify;\">FICHEROS ADJUNTOS<br \/>\n<a href=\"http:\/\/www.ciudadatarfe.com\/data\/ficherosadjuntos_contenidosweb\/contenidos_1525_1087_20160401211617.pdf\">Reglamento de Participaci\u00f3n Ciudadana<\/a> [268,10 Kb]<\/p>\n<p style=\"text-align: justify;\">publicado en :\u00a0 <a href=\"http:\/\/www.ciudadatarfe.com\/index.php?g=1&amp;c=1&amp;c2=&amp;f1=contenidos&amp;s1=see_contenido_seleccionado&amp;f2=&amp;s2=&amp;pag=&amp;orden=desc&amp;criterio=orden_comonoticia&amp;ob=&amp;spp=&amp;sp=a8cb59081e791ed84a32703a75711b58&amp;cp=2d1ceb5e5a160f2abac6e67123bc2c91&amp;source=inicio\">http:\/\/www.ciudadatarfe.com\/index.php?g=1&amp;c=1&amp;c2=&amp;f1=contenidos&amp;s1=see_contenido_seleccionado&amp;f2=&amp;s2=&amp;pag=&amp;orden=desc&amp;criterio=orden_comonoticia&amp;ob=&amp;spp=&amp;sp=a8cb59081e791ed84a32703a75711b58&amp;cp=2d1ceb5e5a160f2abac6e67123bc2c91&amp;source=inicio<\/a><\/p>\n","protected":false},"excerpt":{"rendered":"<p>El reglamento de Participaci\u00f3n Ciudadana no sale adelante PSOE, PP y C&#8217;s votan en contra&#8230;<\/p>\n","protected":false},"author":1,"featured_media":7964,"comment_status":"closed","ping_status":"closed","sticky":false,"template":"","format":"standard","meta":{"_coblocks_attr":"","_coblocks_dimensions":"","_coblocks_responsive_height":"","_coblocks_accordion_ie_support":"","jetpack_post_was_ever_published":false,"_jetpack_newsletter_access":"","_jetpack_dont_email_post_to_subs":false,"_jetpack_newsletter_tier_id":0,"_jetpack_memberships_contains_paywalled_content":false,"_jetpack_memberships_contains_paid_content":false,"footnotes":"","jetpack_publicize_message":"","jetpack_publicize_feature_enabled":true,"jetpack_social_post_already_shared":false,"jetpack_social_options":{"image_generator_settings":{"template":"highway","default_image_id":0,"enabled":false},"version":2}},"categories":[2,1161,44,15],"tags":[81,354,2424],"class_list":["post-7961","post","type-post","status-publish","format-standard","has-post-thumbnail","hentry","category-atarfe","category-ciudadania","category-noticias-de-hoy","category-ultimas-noticias","tag-atarfe","tag-partidos-politicos","tag-reglamento-de-participacion"],"jetpack_publicize_connections":[],"jetpack_featured_media_url":"https:\/\/i0.wp.com\/miradordeatarfe.es\/wp-content\/uploads\/2016\/04\/1525_1855_20160401210843.jpg?fit=442%2C295&ssl=1","jetpack_likes_enabled":true,"jetpack_sharing_enabled":true,"_links":{"self":[{"href":"https:\/\/miradordeatarfe.es\/index.php?rest_route=\/wp\/v2\/posts\/7961","targetHints":{"allow":["GET"]}}],"collection":[{"href":"https:\/\/miradordeatarfe.es\/index.php?rest_route=\/wp\/v2\/posts"}],"about":[{"href":"https:\/\/miradordeatarfe.es\/index.php?rest_route=\/wp\/v2\/types\/post"}],"author":[{"embeddable":true,"href":"https:\/\/miradordeatarfe.es\/index.php?rest_route=\/wp\/v2\/users\/1"}],"replies":[{"embeddable":true,"href":"https:\/\/miradordeatarfe.es\/index.php?rest_route=%2Fwp%2Fv2%2Fcomments&post=7961"}],"version-history":[{"count":4,"href":"https:\/\/miradordeatarfe.es\/index.php?rest_route=\/wp\/v2\/posts\/7961\/revisions"}],"predecessor-version":[{"id":64779,"href":"https:\/\/miradordeatarfe.es\/index.php?rest_route=\/wp\/v2\/posts\/7961\/revisions\/64779"}],"wp:featuredmedia":[{"embeddable":true,"href":"https:\/\/miradordeatarfe.es\/index.php?rest_route=\/wp\/v2\/media\/7964"}],"wp:attachment":[{"href":"https:\/\/miradordeatarfe.es\/index.php?rest_route=%2Fwp%2Fv2%2Fmedia&parent=7961"}],"wp:term":[{"taxonomy":"category","embeddable":true,"href":"https:\/\/miradordeatarfe.es\/index.php?rest_route=%2Fwp%2Fv2%2Fcategories&post=7961"},{"taxonomy":"post_tag","embeddable":true,"href":"https:\/\/miradordeatarfe.es\/index.php?rest_route=%2Fwp%2Fv2%2Ftags&post=7961"}],"curies":[{"name":"wp","href":"https:\/\/api.w.org\/{rel}","templated":true}]}}