{"id":79613,"date":"2025-10-26T09:31:31","date_gmt":"2025-10-26T08:31:31","guid":{"rendered":"https:\/\/miradordeatarfe.es\/?p=79613"},"modified":"2025-10-22T13:36:43","modified_gmt":"2025-10-22T11:36:43","slug":"el-drama-del-acoso-escolar-en-granada-pensaba-que-el-problema-era-yo","status":"publish","type":"post","link":"https:\/\/miradordeatarfe.es\/?p=79613","title":{"rendered":"El drama del acoso escolar en Granada: \u201cPensaba que el problema era yo\u201d"},"content":{"rendered":"<header class=\"single-new-header\">\n<h2 class=\"single-subtitle\" style=\"text-align: justify;\">V\u00edctimas silenciadas y familias alertan de un problema cada vez m\u00e1s dif\u00edcil de detectar, seg\u00fan profesores y agentes de polic\u00eda especializados<\/h2>\n<section>\n<div class=\"container\">\n<div class=\"row publi-border\">\n<div class=\"col-md-12 publicidad-item\">\n<div id=\"single-2\" class=\"publi-content\">\n<div class=\"code-block code-block-center code-block-34\">Es uno de los grandes problemas de la sociedad. Un veneno que se expande entre los j\u00f3venes y m\u00e1s cada vez m\u00e1s complicado de detectar por la aparici\u00f3n de las nuevas tecnolog\u00edas. La sociedad parece no acordarse del <a href=\"https:\/\/www.granadadigital.es\/tag\/acoso-escolar\/\"><strong>acoso escolar<\/strong> o <strong>bullying<\/strong><\/a> hasta que ocurren casos como el de la joven sevillana <strong>Sandra Pe\u00f1a<\/strong>, que se quit\u00f3 la vida tras sufrir en silencio durante un largo periodo de tiempo las burlas, trato vejatorio y <strong>humillaciones<\/strong> por parte de compa\u00f1eras de clase.<\/div>\n<\/div>\n<\/div>\n<\/div>\n<\/div>\n<\/section>\n<\/header>\n<section>\n<div class=\"row single-new-content\">\n<div class=\"col-md-8 content-left\">\n<div class=\"single-new-content\">\n<div class=\"code-block code-block-70b1b7fc60ecf882f79eef3c3eb82c3d code-block-76\" style=\"text-align: justify;\">\n<div id=\"beacon_0238210dea\"><img loading=\"lazy\" decoding=\"async\" src=\"https:\/\/granadadigitaladserver.granadadigital.es\/www\/delivery\/lg.php?bannerid=0&amp;campaignid=0&amp;zoneid=48&amp;loc=https%3A%2F%2Fwww.granadadigital.es%2Fbullying-granada-pedir-ayuda%2F&amp;referer=https%3A%2F%2Fwww.granadadigital.es%2F&amp;cb=0238210dea\" alt=\"\" width=\"0\" height=\"0\" \/>Granada no es ni mucho menos una excepci\u00f3n. De hecho, el caso p\u00fablico m\u00e1s reciente se dio hace unos meses, concretamente en abril..Tres alumnos de un instituto de la capital <a href=\"https:\/\/www.granadadigital.es\/expulsan-tres-alumnos-instituto-capital-acoso-escolar-companeros\/\">fueron <strong>expulsados<\/strong><\/a>\u00a0en el marco de\u00a0<strong>tres protocolos de\u00a0acoso escolar<\/strong> a compa\u00f1eros abiertos por el servicio de inspecci\u00f3n educativa, una actuaci\u00f3n que implic\u00f3 tambi\u00e9n el<strong> traslado de centro en uno de los casos.<\/strong><\/div>\n<\/div>\n<div class=\"code-block code-block-70b1b7fc60ecf882f79eef3c3eb82c3d code-block-81\" style=\"text-align: justify;\">\n<div id=\"beacon_872fa7b653\">\u00a0<\/div>\n<h3><strong><img loading=\"lazy\" decoding=\"async\" src=\"https:\/\/granadadigitaladserver.granadadigital.es\/www\/delivery\/lg.php?bannerid=5282&amp;campaignid=3158&amp;zoneid=106&amp;loc=https%3A%2F%2Fwww.granadadigital.es%2Fbullying-granada-pedir-ayuda%2F&amp;referer=https%3A%2F%2Fwww.granadadigital.es%2F&amp;cb=872fa7b653\" alt=\"\" width=\"0\" height=\"0\" \/>Testimonio de un caso de bullying en Granada<\/strong><\/h3>\n<\/div>\n<p style=\"text-align: justify;\">Para atajar el problema es necesario que la v\u00edctima sepa pedir ayuda y contar a sus padres lo que sucede. <strong>GranadaDigital<\/strong> ha hablado con una persona que sufri\u00f3 bullying durante parte de su etapa en el instituto. <img data-recalc-dims=\"1\" loading=\"lazy\" decoding=\"async\" class=\"lazy-hidden\" src=\"https:\/\/i0.wp.com\/www.granadadigital.es\/wp-content\/plugins\/a3-lazy-load\/assets\/images\/lazy_placeholder.gif?resize=0%2C0&#038;ssl=1\" alt=\"\" width=\"0\" height=\"0\" data-lazy-type=\"image\" data-src=\"https:\/\/granadadigitaladserver.granadadigital.es\/www\/delivery\/lg.php?bannerid=0&amp;campaignid=0&amp;zoneid=48&amp;loc=https%3A%2F%2Fwww.granadadigital.es%2Fexpulsan-tres-alumnos-instituto-capital-acoso-escolar-companeros%2F&amp;referer=https%3A%2F%2Fwww.granadadigital.es%2Ftag%2Facoso-escolar%2F&amp;cb=5caca20288\" \/>\u00abCuando empezaron a dejarme de lado no entend\u00eda nada, <strong>pensaba que era yo el que hac\u00eda las cosas mal<\/strong>. En consecuencia, cada vez que llegaba a mi casa me encerraba en mi cuarto. Lloraba a escondidas de mis padres porque no quer\u00eda darles un mal rato, sin saber que todo eso<strong> lo \u00fanico que hac\u00eda era poner a\u00fan m\u00e1s palos en la rueda<\/strong>\u00ab, cuenta Alberto, nombre ficticio usado por dicha persona para proteger su identidad.<\/p>\n<p style=\"text-align: justify;\">Alberto cuenta que conforme pasaban los d\u00edas las ganas de ir al instituto iban cada vez a menos. \u00abNo quer\u00eda que llegara el d\u00eda siguiente. El camino andando desde casa al centro se me hac\u00eda eterno y con angustia. Le daba vueltas a la cabeza: \u00bfqu\u00e9 me har\u00e1n hoy? Uno de esos d\u00edas llegu\u00e9 a mi tope y decid\u00ed sentarme a tratar el tema con mis padres. <strong>Me entendieron<\/strong> desde el principio y pidieron inmediatamente una <strong>reuni\u00f3n con el director<\/strong>\u00ab, recuerda.<\/p>\n<p style=\"text-align: justify;\">El joven cuenta que desde el instituto s\u00ed que notaron que su <strong>rendimiento escolar<\/strong> hab\u00eda bajado dr\u00e1sticamente. \u00abEra muy buen estudiante, me costaba alguna asignatura que otra, y llegu\u00e9 a sacar en una evaluaci\u00f3n cuatro suspensos cuando no me hab\u00eda pasado nunca. Dej\u00e9 de estudiar y de atender en clase. La cabeza no me daba para m\u00e1s, pero despu\u00e9s de hablar con mi padre y mi tutor vi que <strong>nada de eso ten\u00eda sentido<\/strong>. Me perjudicaba a m\u00ed mismo\u00bb.<\/p>\n<p style=\"text-align: justify;\">La reuni\u00f3n de su familia con el director del centro no fue fruct\u00edfera. \u00abRecuerdo que me puso excusas desde el principio. No se cre\u00eda que un caso as\u00ed pudiese llegar al instituto. Que si los acosadores sacaban buenas notas y eran chavales ejemplares&#8230; El \u00fanico que s\u00ed me entendi\u00f3 fue mi tutor, que desde entonces mantuvo una <strong>actitud muy vigilante<\/strong>\u00ab.<\/p>\n<p style=\"text-align: justify;\">Alberto piensa que muchas veces los centros \u00ab<strong>no tienen un protocolo claro\u00bb<\/strong> y \u00abpuede acabar pasando una <strong>desgracia<\/strong> como la de Sandra Pe\u00f1a\u00bb. Desde la experiencia de su caso, \u00abno se actu\u00f3 correctamente. Al final la cosa ces\u00f3 porque acab\u00e9 cambi\u00e1ndome de colegio. No lo veo como una derrota porque a d\u00eda de hoy me considero feliz por c\u00f3mo pude sobreponerme a la situaci\u00f3n y tambi\u00e9n porque quiero que mi ejemplo sirva para que otros vean que de todo se puede salir. Solo hace falta quitarse los miedos y la verg\u00fcenza a contarlo y a partir de ah\u00ed <strong>sientes c\u00f3mo tienes much\u00edsima gente detr\u00e1s<\/strong>\u00ab, sentencia.<\/p>\n<div id=\"attachment_732552\" class=\"wp-caption alignleft\" style=\"text-align: justify;\">\n<p><a class=\"swipebox\" href=\"https:\/\/i0.wp.com\/www.granadadigital.es\/wp-content\/uploads\/2025\/10\/acoso-escolar-bullying.jpg?ssl=1\" data-rel=\"lightbox-image-0\" data-rl_title=\"\" data-rl_caption=\"\"><img data-recalc-dims=\"1\" loading=\"lazy\" decoding=\"async\" class=\"wp-image-732552 size-medium lazy-loaded\" title=\"\" src=\"https:\/\/i0.wp.com\/www.granadadigital.es\/wp-content\/uploads\/2025\/10\/acoso-escolar-bullying-600x400.jpg?resize=600%2C400&#038;ssl=1\" sizes=\"auto, (max-width: 600px) 100vw, 600px\" srcset=\"https:\/\/www.granadadigital.es\/wp-content\/uploads\/2025\/10\/acoso-escolar-bullying-600x400.jpg 600w, https:\/\/www.granadadigital.es\/wp-content\/uploads\/2025\/10\/acoso-escolar-bullying-1110x740.jpg 1110w, https:\/\/www.granadadigital.es\/wp-content\/uploads\/2025\/10\/acoso-escolar-bullying-1010x673.jpg 1010w, https:\/\/www.granadadigital.es\/wp-content\/uploads\/2025\/10\/acoso-escolar-bullying-316x210.jpg 316w, https:\/\/www.granadadigital.es\/wp-content\/uploads\/2025\/10\/acoso-escolar-bullying-143x95.jpg 143w, https:\/\/www.granadadigital.es\/wp-content\/uploads\/2025\/10\/acoso-escolar-bullying-105x70.jpg 105w, https:\/\/www.granadadigital.es\/wp-content\/uploads\/2025\/10\/acoso-escolar-bullying-96x64.jpg 96w, https:\/\/www.granadadigital.es\/wp-content\/uploads\/2025\/10\/acoso-escolar-bullying-240x160.jpg 240w, https:\/\/www.granadadigital.es\/wp-content\/uploads\/2025\/10\/acoso-escolar-bullying-225x150.jpg 225w, https:\/\/www.granadadigital.es\/wp-content\/uploads\/2025\/10\/acoso-escolar-bullying-1080x720.jpg 1080w, https:\/\/www.granadadigital.es\/wp-content\/uploads\/2025\/10\/acoso-escolar-bullying.jpg 1200w\" alt=\"acoso escolar bullying\" width=\"600\" height=\"400\" aria-describedby=\"caption-attachment-732552\" data-lazy-type=\"image\" data-src=\"https:\/\/www.granadadigital.es\/wp-content\/uploads\/2025\/10\/acoso-escolar-bullying-600x400.jpg\" data-srcset=\"\" \/><\/a><\/p>\n<p id=\"caption-attachment-732552\" class=\"wp-caption-text\">\u00abLas v\u00edctimas deben perder el miedo a contarlo\u00bb | Foto: Archivo<\/p>\n<\/div>\n<h3 style=\"text-align: justify;\">\u00abLas tecnolog\u00edas hacen m\u00e1s dif\u00edcil la tarea de identificar los casos de acoso escolar\u00bb<\/h3>\n<p style=\"text-align: justify;\"><strong>GranadaDigital<\/strong> se ha puesto en contacto con un <strong>responsable de convivencia entre alumnos<\/strong> de un centro escolar de Granada capital. Las labores de este comit\u00e9 residen en actuar cuando detectan alg\u00fan tipo de conflicto. \u00abActuamos cuando nos llega informaci\u00f3n, porque nos puede llegar por diferentes medios, ya sea a trav\u00e9s de familias, incluso de alumnos; lo que hacemos es actuar mediante entrevistas con esos alumnos que est\u00e9n <strong>implicados en este conflicto<\/strong> cuando se puede mediar entre ellos, porque hay veces que incluso de primera no se puede mediar si es reciente y a lo mejor no les apetece verse las caras\u00bb, resalta.<\/p>\n<p style=\"text-align: justify;\">Adem\u00e1s, en este centro de la capital est\u00e1n llevando a cabo un proyecto denominado <strong>&#8216;Alumnos Ayudantes&#8217;<\/strong>. Esto consiste en \u00abeliminar la figura del <strong>compa\u00f1ero pasivo<\/strong>. Son alumnos que formamos nosotros mismos, de manera que ellos nos puedan ayudar a detectar cosas que se nos puedan escapar. El alumno pasivo es una tercera persona que en casos de acoso escolar\u00a0no contribuye a detenerlo, o directamente tolera\u00bb.<\/p>\n<p style=\"text-align: justify;\">En el momento en que hay un protocolo de acoso, \u00ab<strong>esos dos ni\u00f1os no pueden estar juntos<\/strong>. O un grupo de ni\u00f1os. Ni para grupos de trabajo, ni en el recreo, ni en salidas extraescolares\u00bb, se\u00f1ala sobre los pasos a seguir. A partir de ah\u00ed, \u00abuna vez que ya est\u00e1n las familias informadas para que tambi\u00e9n nos ayuden en esta actuaci\u00f3n, porque esto al final es cosa de equipo, pues ya se va teniendo entrevistas personales. Aparte de la <strong>observaci\u00f3n continua<\/strong>, se va teniendo entrevistas personales asiduamente con cada uno de ellos, para ver c\u00f3mo va la situaci\u00f3n\u00bb, explica.<\/p>\n<p style=\"text-align: justify;\">Sin embargo, desde el comit\u00e9 destacan la dificultad de identificar casos de <strong>ciberbullying<\/strong>. \u00abEs algo que a nosotros se nos escapa entre comillas. A menos que eso lo pueda detectar una familia y ponerlo en conocimiento nuestro o alg\u00fan alumno que pueda estar en ese chat. Lo que es casos de acoso no es que haya habido, hayamos detectado un aumento significativo pero s\u00ed ha habido un aumento en <strong>actuaciones de prevenci\u00f3n<\/strong>\u00ab, se\u00f1ala.<\/p>\n<h3 style=\"text-align: justify;\">El acosador, un perfil claro<\/h3>\n<p style=\"text-align: justify;\"><strong>Paco Padilla<\/strong>, subinspector de la Polic\u00eda Local de Granada, ha puesto en valor la figura del<strong> Polic\u00eda Tutor<\/strong>; una iniciativa dise\u00f1ada para\u00a0<a href=\"https:\/\/www.granadadigital.es\/agentes-tutores-llegan-aulas-granadinas-orientar-jovenes\/\"><strong>fortalecer la seguridad y el bienestar de los estudiantes<\/strong>\u00a0<\/a>en los centros educativos de la ciudad.<\/p>\n<p style=\"text-align: justify;\">El subinspector cuenta a este medio que el agente tutor act\u00faa como <strong>figura de apoyo<\/strong> y referencia, promoviendo la educaci\u00f3n en valores, el respeto y la convivencia pac\u00edfica.<\/p>\n<p style=\"text-align: justify;\">\u00abA d\u00eda de hoy es m\u00e1s complicado identificar un caso de bullying por el tema de las pantallas. Muchas veces lo del colegio ya no es que se lleva a casa, sino que sobre todo se da a trav\u00e9s de los dispositivos. Inevitablemente es una cosa que nosotros entramos dentro de la intimidad y no podemos acceder a eso. Esos tipos de situaciones nosotros no llegamos casi a detectarlos. Ah\u00ed tenemos dos espectros importantes. La <strong>familia<\/strong> que es, obviamente, la primera que debe detectar eso y que no debe normalizarlo. Y luego el <strong>profesor<\/strong>. \u00c9l es quien ve diariamente al ni\u00f1o. Y ellos s\u00ed detectan situaciones en las que no se pueden ausentar\u00bb, resalta.<\/p>\n<div class=\"single-new-content\">\n<p style=\"text-align: justify;\"><strong>El acosador suele tener un perfil claro<\/strong>. Es aquel que tiene unas caracter\u00edsticas muy concretas; \u00abpersonas que\u00a0<strong>no suelen tener empat\u00eda<\/strong>,\u00a0<strong>ni capacidad de percibir el da\u00f1o que hacen<\/strong>. Tienen<strong>\u00a0baja autoestima<\/strong>. Adem\u00e1s, la\u00a0<strong>resoluci\u00f3n de sus problemas suele ser de manera violenta<\/strong>, con agresividad. Destacan en la clase por ser el t\u00edpico<strong>\u00a0&#8216;gallito&#8217;<\/strong>, y se siente el l\u00edder del grupo. Son los primeros que suelen\u00a0<strong>coquetear con hechos delictivos<\/strong>\u00a0como pueden ser hurtos o robos; y se suelen juntar con personas de mayor edad fuera del entorno escolar que tienen otros caminos,\u00a0<strong>como el consumo de sustancias estupefacientes\u00bb<\/strong>, destacan.<\/p>\n<h3 style=\"text-align: justify;\">\u00bfC\u00f3mo identificar que mi hijo sufre bullying?<\/h3>\n<p style=\"text-align: justify;\">En el entorno familia es clave detectar cuando una persona est\u00e1 dando s\u00edntomas de sufrir acoso escolar. \u00abLo primero que vas a detectar en tu hijo es <strong>aislamiento<\/strong>. Cuando uno se siente, digamos, <strong>excluido<\/strong>, est\u00e1 sufriendo este tipo de situaciones, lo que se le hace al ni\u00f1o, lo primero es que se a\u00edsla incluso en casa, no habla, no se comporta como siempre es, evita las conversaciones con su familia, se encierra en su habitaci\u00f3n, no sale, tiene actitudes que no son las normales en \u00e9l, incluso a lo mejor un poquito de <strong>irascibilidad<\/strong>\u00ab, explica Padilla.<\/p>\n<p style=\"text-align: justify;\">Estas situaciones son f\u00e1ciles de detectar a priori dentro. \u00abRespecto a ese aislamiento, es incluso aislamiento de la propia familia, donde m\u00e1s verg\u00fcenza le produce demostrar sus sentimientos a la v\u00edctima es dentro del entorno familiar. <strong>Ellos se sienten m\u00e1s seguros fuera de su casa<\/strong>, se empatizan m\u00e1s con sus iguales\u00bb, concluyen.<\/p>\n<p><strong>PACO GARC\u00cdA<\/strong><\/p>\n<p>FOTO: La aparici\u00f3n de nuevas tecnolog\u00edas hace complicado identificar un caso de acoso escolar Foto: EP\u00a0<\/p>\n<p>https:\/\/www.granadadigital.es\/bullying-granada-pedir-ayuda\/<\/p>\n<\/div>\n<\/div>\n<\/div>\n<\/div>\n<\/section>\n","protected":false},"excerpt":{"rendered":"<p>V\u00edctimas silenciadas y familias alertan de un problema cada vez m\u00e1s dif\u00edcil de detectar, seg\u00fan&#8230;<\/p>\n","protected":false},"author":1,"featured_media":79614,"comment_status":"closed","ping_status":"closed","sticky":false,"template":"","format":"standard","meta":{"_coblocks_attr":"","_coblocks_dimensions":"","_coblocks_responsive_height":"","_coblocks_accordion_ie_support":"","jetpack_post_was_ever_published":false,"_jetpack_newsletter_access":"","_jetpack_dont_email_post_to_subs":false,"_jetpack_newsletter_tier_id":0,"_jetpack_memberships_contains_paywalled_content":false,"_jetpack_memberships_contains_paid_content":false,"footnotes":"","jetpack_publicize_message":"","jetpack_publicize_feature_enabled":true,"jetpack_social_post_already_shared":true,"jetpack_social_options":{"image_generator_settings":{"template":"highway","default_image_id":0,"enabled":false},"version":2}},"categories":[187,186,44],"tags":[],"class_list":["post-79613","post","type-post","status-publish","format-standard","has-post-thumbnail","hentry","category-centros-educativos","category-instituciones","category-noticias-de-hoy"],"jetpack_publicize_connections":[],"jetpack_featured_media_url":"https:\/\/i0.wp.com\/miradordeatarfe.es\/wp-content\/uploads\/2025\/10\/acoso-bullying-escolar-1010x673-1.webp?fit=1010%2C673&ssl=1","jetpack_likes_enabled":true,"jetpack_sharing_enabled":true,"_links":{"self":[{"href":"https:\/\/miradordeatarfe.es\/index.php?rest_route=\/wp\/v2\/posts\/79613","targetHints":{"allow":["GET"]}}],"collection":[{"href":"https:\/\/miradordeatarfe.es\/index.php?rest_route=\/wp\/v2\/posts"}],"about":[{"href":"https:\/\/miradordeatarfe.es\/index.php?rest_route=\/wp\/v2\/types\/post"}],"author":[{"embeddable":true,"href":"https:\/\/miradordeatarfe.es\/index.php?rest_route=\/wp\/v2\/users\/1"}],"replies":[{"embeddable":true,"href":"https:\/\/miradordeatarfe.es\/index.php?rest_route=%2Fwp%2Fv2%2Fcomments&post=79613"}],"version-history":[{"count":3,"href":"https:\/\/miradordeatarfe.es\/index.php?rest_route=\/wp\/v2\/posts\/79613\/revisions"}],"predecessor-version":[{"id":79617,"href":"https:\/\/miradordeatarfe.es\/index.php?rest_route=\/wp\/v2\/posts\/79613\/revisions\/79617"}],"wp:featuredmedia":[{"embeddable":true,"href":"https:\/\/miradordeatarfe.es\/index.php?rest_route=\/wp\/v2\/media\/79614"}],"wp:attachment":[{"href":"https:\/\/miradordeatarfe.es\/index.php?rest_route=%2Fwp%2Fv2%2Fmedia&parent=79613"}],"wp:term":[{"taxonomy":"category","embeddable":true,"href":"https:\/\/miradordeatarfe.es\/index.php?rest_route=%2Fwp%2Fv2%2Fcategories&post=79613"},{"taxonomy":"post_tag","embeddable":true,"href":"https:\/\/miradordeatarfe.es\/index.php?rest_route=%2Fwp%2Fv2%2Ftags&post=79613"}],"curies":[{"name":"wp","href":"https:\/\/api.w.org\/{rel}","templated":true}]}}