{"id":79618,"date":"2025-10-26T08:37:51","date_gmt":"2025-10-26T07:37:51","guid":{"rendered":"https:\/\/miradordeatarfe.es\/?p=79618"},"modified":"2025-10-22T13:42:26","modified_gmt":"2025-10-22T11:42:26","slug":"defensa-de-las-energias-renovables-considera-esto-una-agresion-intolerable-al-paisaje","status":"publish","type":"post","link":"https:\/\/miradordeatarfe.es\/?p=79618","title":{"rendered":"Defensa de las energ\u00edas renovables: \u00bfConsidera esto una agresi\u00f3n intolerable al paisaje?"},"content":{"rendered":"<h3 style=\"text-align: justify;\">Dar alas a quienes quieren desmantelar la transici\u00f3n energ\u00e9tica es peligroso, m\u00e1s a\u00fan en el actual clima de trumpizaci\u00f3n<\/h3>\n<p class=\"\" style=\"text-align: justify;\">Es bien sabido que las <a title=\"https:\/\/elpais.com\/noticias\/energias-renovables\/\" href=\"https:\/\/elpais.com\/noticias\/energias-renovables\/\" target=\"_self\" rel=\"\" data-link-track-dtm=\"\" data-mrf-link=\"https:\/\/elpais.com\/noticias\/energias-renovables\/\">energ\u00edas renovables<\/a>, como los paneles fotovoltaicos, aportan energ\u00eda limpia, pero tambi\u00e9n tienen un impacto visual. Observe la imagen que acompa\u00f1a esta tribuna: \u00bfConsidera esto una agresi\u00f3n intolerable al paisaje o una alteraci\u00f3n asumible por el beneficio que aporta?<\/p>\n<p class=\"\" style=\"text-align: justify;\">Esta pregunta muestra un dilema sobre el progreso y las tensiones entre conservaci\u00f3n y desarrollo. Ahora bien, la imagen no muestra paneles solares, sino una plantaci\u00f3n de manzanos bajo mallas antigranizo en La Rasa (Soria). No s\u00e9 si esta aclaraci\u00f3n cambia su opini\u00f3n, pero tengo claro que la <a title=\"https:\/\/elpais.com\/noticias\/agricultura\/\" href=\"https:\/\/elpais.com\/noticias\/agricultura\/\" target=\"_self\" rel=\"\" data-link-track-dtm=\"\" data-mrf-link=\"https:\/\/elpais.com\/noticias\/agricultura\/\">agricultura<\/a> y las energ\u00edas renovables comparten tres caracter\u00edsticas: ambas son necesarias, necesitan terreno y tienen impactos ambientales.<\/p>\n<p class=\"\" style=\"text-align: justify;\">Mis reflexiones alrededor de las energ\u00edas renovables comenzaron en los a\u00f1os 90, cuando despert\u00f3 mi vocaci\u00f3n ecologista. Entonces, el horizonte energ\u00e9tico era tan negro como el carb\u00f3n que lideraba a\u00f1o tras a\u00f1o la generaci\u00f3n el\u00e9ctrica. Las energ\u00edas <a title=\"https:\/\/elpais.com\/noticias\/energia-eolica\/\" href=\"https:\/\/elpais.com\/noticias\/energia-eolica\/\" target=\"_self\" rel=\"\" data-link-track-dtm=\"\" data-mrf-link=\"https:\/\/elpais.com\/noticias\/energia-eolica\/\">e\u00f3lica <\/a>y<a title=\"https:\/\/elpais.com\/noticias\/energia-solar\/\" href=\"https:\/\/elpais.com\/noticias\/energia-solar\/\" target=\"_self\" rel=\"\" data-link-track-dtm=\"\" data-mrf-link=\"https:\/\/elpais.com\/noticias\/energia-solar\/\"> solar<\/a> eran promesas demasiado bonitas para ser verdad y aunque alg\u00fan pa\u00eds empezaba a instalarlas, en Espa\u00f1a apenas exist\u00edan. Hablar de transici\u00f3n energ\u00e9tica sonaba ut\u00f3pico. Nos sent\u00edamos \u201csoldados derrotados de una causa invencible\u201d, en palabras de Pedro Casald\u00e1liga, eterno defensor del pueblo ind\u00edgena del Amazonas. Y, sin embargo, el tiempo nos dio la raz\u00f3n. Esa misma d\u00e9cada comenz\u00f3 el impulso e\u00f3lico que cambiar\u00eda el rumbo energ\u00e9tico de nuestro pa\u00eds. Hoy la e\u00f3lica genera m\u00e1s electricidad que cualquier otra fuente y las renovables en conjunto <a title=\"https:\/\/elpais.com\/economia\/2023-10-21\/la-espana-peninsular-rebasa-por-primera-vez-el-umbral-del-50-de-energias-renovables-en-un-ano.html\" href=\"https:\/\/elpais.com\/economia\/2023-10-21\/la-espana-peninsular-rebasa-por-primera-vez-el-umbral-del-50-de-energias-renovables-en-un-ano.html\" target=\"_self\" rel=\"\" data-link-track-dtm=\"\" data-mrf-link=\"https:\/\/elpais.com\/economia\/2023-10-21\/la-espana-peninsular-rebasa-por-primera-vez-el-umbral-del-50-de-energias-renovables-en-un-ano.html\">cubren m\u00e1s de la mitad de la demanda<\/a>.<\/p>\n<p class=\"\" style=\"text-align: justify;\">Las renovables pasaron de ser una utop\u00eda minoritaria para convertirse en negocio a gran escala; una victoria rotunda del ecologismo y posiblemente su mayor hegemon\u00eda cultural, tomando prestado el concepto gramsciano. Incluso despu\u00e9s del apag\u00f3n y las mentiras vertidas sobre las renovables desde los sectores f\u00f3sil y nuclear, solo <a title=\"https:\/\/www.moreincommon.com\/media\/zpwnotye\/despue-s-del-apago-n-percepciones-de-la-sociedad-espan-ola-en-torno-al-debate-energe-tico-mayo-2025.pdf\" href=\"https:\/\/www.moreincommon.com\/media\/zpwnotye\/despue-s-del-apago-n-percepciones-de-la-sociedad-espan-ola-en-torno-al-debate-energe-tico-mayo-2025.pdf\" target=\"_self\" rel=\"\" data-link-track-dtm=\"\" data-mrf-link=\"https:\/\/www.moreincommon.com\/media\/zpwnotye\/despue-s-del-apago-n-percepciones-de-la-sociedad-espan-ola-en-torno-al-debate-energe-tico-mayo-2025.pdf\">1 de cada 10 espa\u00f1oles reducir\u00eda la inversi\u00f3n en solar o e\u00f3lica<\/a>. Pero la irrupci\u00f3n del gran capital en el sue\u00f1o renovable ha sido dif\u00edcil de digerir para muchos. Mientras que el sector mayoritario del ecologismo ha adoptado una actitud pragm\u00e1tica y de <i>realpolitik<\/i>, exigiendo garant\u00edas ambientales y sociales en cada instalaci\u00f3n, una parte nada despreciable ve m\u00e1s peligros que ventajas.<\/p>\n<p class=\"\" style=\"text-align: justify;\">Muchas de sus cr\u00edticas son leg\u00edtimas, como el riesgo de confiar toda la transici\u00f3n a avances tecnol\u00f3gicos, descuidando cambios m\u00e1s profundos de modelo, o el excesivo protagonismo de las empresas en el trazado del nuevo sistema energ\u00e9tico. Pero, a mi juicio, cometen un error al invalidar casi cualquier desarrollo renovable. A menudo adoptan posiciones maximalistas, rechazando propuestas (bomba de calor, coche el\u00e9ctrico, renovables, etc.) por no ofrecer una soluci\u00f3n inmediata y perfecta. O recurren a falsedades (<i>fake news<\/i>), como que podemos abastecernos de electricidad solo con paneles solares en tejados o que las instalaciones sobre el terreno contaminan con metales y provocan temperaturas infernales. Otros aplican la \u201cley del embudo\u201d: el m\u00ednimo inconveniente de las renovables las invalida, pero se omiten los graves efectos de su alternativa, los combustibles f\u00f3siles.<\/p>\n<p class=\"\" style=\"text-align: justify;\">Este peque\u00f1o sector del ecologismo se ha esforzado en llegar al medio rural, al que dice querer \u201csalvar\u201d de macroproyectos (el prefijo <i>macro<\/i> es clave a nivel emocional sin importar el tama\u00f1o real del proyecto). Sirva de ejemplo la reciente manifestaci\u00f3n para \u201cSalvar el mundo rural agredido\u201d. Me sorprendi\u00f3 estar en completo desacuerdo <a title=\"https:\/\/salvemoselmundorural.blogspot.com\/2025\/10\/manifiesto-salvemos-el-mundo-rural.html\" href=\"https:\/\/salvemoselmundorural.blogspot.com\/2025\/10\/manifiesto-salvemos-el-mundo-rural.html\" target=\"_self\" rel=\"\" data-link-track-dtm=\"\" data-mrf-link=\"https:\/\/salvemoselmundorural.blogspot.com\/2025\/10\/manifiesto-salvemos-el-mundo-rural.html\">con su manifiesto<\/a>, que presenta la transici\u00f3n energ\u00e9tica como un ataque al mundo rural, en una cr\u00edtica sin matices que ni siquiera valora el autoconsumo o las comunidades energ\u00e9ticas. Tambi\u00e9n resultan llamativas sus omisiones: no hay ninguna referencia a pr\u00e1cticas agr\u00edcolas insostenibles. Por ejemplo, se acusa a centros de datos (pr\u00e1cticamente inexistentes hoy) de desecar acu\u00edferos, pero se omite que la agricultura <a title=\"https:\/\/elpais.com\/masterdeperiodismo\/master2022\/2023-08-09\/el-2-de-espanoles-gasta-el-80-del-agua.html\" href=\"https:\/\/elpais.com\/masterdeperiodismo\/master2022\/2023-08-09\/el-2-de-espanoles-gasta-el-80-del-agua.html\" target=\"_self\" rel=\"\" data-link-track-dtm=\"\" data-mrf-link=\"https:\/\/elpais.com\/masterdeperiodismo\/master2022\/2023-08-09\/el-2-de-espanoles-gasta-el-80-del-agua.html\">consume el 80% del agua de Espa\u00f1a<\/a>. Tambi\u00e9n se se\u00f1ala a las renovables como destructoras de \u201cpaisajes milenarios\u201d, con la tranquilidad que da acusar sin citar ejemplos concretos que obliguen a explicarse, y sin incluir una sola referencia a paisajes y ecosistemas realmente agredidos, y no precisamente por la transici\u00f3n energ\u00e9tica, como el Mar Menor o <a title=\"https:\/\/elpais.com\/clima-y-medio-ambiente\/2024-10-09\/la-mayor-laguna-de-donana-se-seca-por-tercer-ano-consecutivo.html\" href=\"https:\/\/elpais.com\/clima-y-medio-ambiente\/2024-10-09\/la-mayor-laguna-de-donana-se-seca-por-tercer-ano-consecutivo.html\" target=\"_self\" rel=\"\" data-link-track-dtm=\"\" data-mrf-link=\"https:\/\/elpais.com\/clima-y-medio-ambiente\/2024-10-09\/la-mayor-laguna-de-donana-se-seca-por-tercer-ano-consecutivo.html\">Do\u00f1ana<\/a>. Se critica que un territorio genere m\u00e1s electricidad de la que consume, llegando a denominarlo \u201ccolonialismo energ\u00e9tico\u201d, pero las exportaciones de aceite, vino o coches son bienvenidas y, curiosamente, no colonialistas. Este argumentario, en l\u00ednea con otros de plataformas similares, ignora que estamos ante un juego de suma cero: a menos renovables, m\u00e1s combustibles f\u00f3siles.<\/p>\n<p class=\"\" style=\"text-align: justify;\">En el \u00e1mbito pol\u00edtico, estos argumentos cautivan a una peque\u00f1a parte de la izquierda, que los asume porque encajan con su ideolog\u00eda. Pero quienes realmente sacan beneficio de las cr\u00edticas a la transici\u00f3n ecol\u00f3gica son la derecha y la extrema derecha, que abanderan el mismo discurso desde otros flancos y cuentan con amplio apoyo en el mundo rural. No en vano, el voto de los trabajadores agr\u00edcolas est\u00e1 24 puntos <a title=\"https:\/\/www.cis.es\/documents\/d\/cis\/es3524seMT_a\" href=\"https:\/\/www.cis.es\/documents\/d\/cis\/es3524seMT_a\" target=\"_self\" rel=\"\" data-link-track-dtm=\"\" data-mrf-link=\"https:\/\/www.cis.es\/documents\/d\/cis\/es3524seMT_a\">m\u00e1s a la derecha que la media<\/a>. Los medios e influencers m\u00e1s conservadores reciben con los brazos abiertos el argumentario antirrenovable, ya que engarza perfectamente con sus propuestas, incluidas las contrarias a la Agenda 2030. Esto explica el esperpento de ecologistas fotografi\u00e1ndose con <i>SOS Rural<\/i>, una agrupaci\u00f3n de entidades tan preocupadas por la sostenibilidad como la <i>Asociaci\u00f3n Gallo Combatiente Espa\u00f1ol<\/i> o la <i>Asociaci\u00f3n Internacional de Tauromaquia<\/i>. Dar alas a quienes quieren desmantelar la transici\u00f3n energ\u00e9tica es peligroso, m\u00e1s a\u00fan en el actual clima de <i>trumpizaci\u00f3n<\/i>, donde el consenso clim\u00e1tico europeo se erosiona lentamente.<\/p>\n<p class=\"\" style=\"text-align: justify;\">Podr\u00eda parecer que este debate plantea enfrentamientos entre usos agr\u00edcolas y energ\u00e9ticos, pero es rotundamente falso. Un solo dato deber\u00eda servir para zanjar la cuesti\u00f3n: todas las renovables planificadas para 2030 necesitan apenas <a title=\"https:\/\/www.boe.es\/diario_boe\/txt.php?id=BOE-A-2024-19048\" href=\"https:\/\/www.boe.es\/diario_boe\/txt.php?id=BOE-A-2024-19048\" target=\"_self\" rel=\"\" data-link-track-dtm=\"\" data-mrf-link=\"https:\/\/www.boe.es\/diario_boe\/txt.php?id=BOE-A-2024-19048\">el 0,8% del territorio espa\u00f1ol<\/a>.<\/p>\n<p class=\"\" style=\"text-align: justify;\">En mi \u00e1mbito, el energ\u00e9tico, lo verdaderamente rese\u00f1able del momento actual no es lo que ya hemos conseguido, sino las herramientas para multiplicar esos logros: tecnolog\u00edas renovables baratas y eficientes, que hace tiempo dejaron de ser la utop\u00eda de unos pocos para convertirse en una esperanza clim\u00e1tica, econ\u00f3mica y de desarrollo.<\/p>\n<aside class=\"a_np\">\n<p><em><strong>Eloy Sanz<\/strong> es investigador y profesor de Ingenier\u00eda Energ\u00e9tica en la Universidad Rey Juan Carlos<\/em><\/p>\n<p>FOTO: Paisaje en el municipio de La Rasa, Soria.<\/p>\n<p>https:\/\/elpais.com\/clima-y-medio-ambiente\/2025-10-21\/defensa-de-las-energias-renovables-considera-esto-una-agresion-intolerable-al-paisaje.html<\/p>\n<\/aside>\n","protected":false},"excerpt":{"rendered":"<p>Dar alas a quienes quieren desmantelar la transici\u00f3n energ\u00e9tica es peligroso, m\u00e1s a\u00fan en el&#8230;<\/p>\n","protected":false},"author":1,"featured_media":79619,"comment_status":"closed","ping_status":"closed","sticky":false,"template":"","format":"standard","meta":{"_coblocks_attr":"","_coblocks_dimensions":"","_coblocks_responsive_height":"","_coblocks_accordion_ie_support":"","jetpack_post_was_ever_published":false,"_jetpack_newsletter_access":"","_jetpack_dont_email_post_to_subs":false,"_jetpack_newsletter_tier_id":0,"_jetpack_memberships_contains_paywalled_content":false,"_jetpack_memberships_contains_paid_content":false,"footnotes":"","jetpack_publicize_message":"","jetpack_publicize_feature_enabled":true,"jetpack_social_post_already_shared":true,"jetpack_social_options":{"image_generator_settings":{"template":"highway","default_image_id":0,"enabled":false},"version":2}},"categories":[10804,44,6937],"tags":[],"class_list":["post-79618","post","type-post","status-publish","format-standard","has-post-thumbnail","hentry","category-cambio-climatico","category-noticias-de-hoy","category-sociedad"],"jetpack_publicize_connections":[],"jetpack_featured_media_url":"https:\/\/i0.wp.com\/miradordeatarfe.es\/wp-content\/uploads\/2025\/10\/Screenshot-2025-10-22-at-13-41-26-Defensa-de-las-energias-renovables-%C2%BFConsidera-esto-una-agresion-intolerable-al-paisaje-Clima-y-Medio-Ambiente-EL-PAIS.png?fit=516%2C304&ssl=1","jetpack_likes_enabled":true,"jetpack_sharing_enabled":true,"_links":{"self":[{"href":"https:\/\/miradordeatarfe.es\/index.php?rest_route=\/wp\/v2\/posts\/79618","targetHints":{"allow":["GET"]}}],"collection":[{"href":"https:\/\/miradordeatarfe.es\/index.php?rest_route=\/wp\/v2\/posts"}],"about":[{"href":"https:\/\/miradordeatarfe.es\/index.php?rest_route=\/wp\/v2\/types\/post"}],"author":[{"embeddable":true,"href":"https:\/\/miradordeatarfe.es\/index.php?rest_route=\/wp\/v2\/users\/1"}],"replies":[{"embeddable":true,"href":"https:\/\/miradordeatarfe.es\/index.php?rest_route=%2Fwp%2Fv2%2Fcomments&post=79618"}],"version-history":[{"count":1,"href":"https:\/\/miradordeatarfe.es\/index.php?rest_route=\/wp\/v2\/posts\/79618\/revisions"}],"predecessor-version":[{"id":79620,"href":"https:\/\/miradordeatarfe.es\/index.php?rest_route=\/wp\/v2\/posts\/79618\/revisions\/79620"}],"wp:featuredmedia":[{"embeddable":true,"href":"https:\/\/miradordeatarfe.es\/index.php?rest_route=\/wp\/v2\/media\/79619"}],"wp:attachment":[{"href":"https:\/\/miradordeatarfe.es\/index.php?rest_route=%2Fwp%2Fv2%2Fmedia&parent=79618"}],"wp:term":[{"taxonomy":"category","embeddable":true,"href":"https:\/\/miradordeatarfe.es\/index.php?rest_route=%2Fwp%2Fv2%2Fcategories&post=79618"},{"taxonomy":"post_tag","embeddable":true,"href":"https:\/\/miradordeatarfe.es\/index.php?rest_route=%2Fwp%2Fv2%2Ftags&post=79618"}],"curies":[{"name":"wp","href":"https:\/\/api.w.org\/{rel}","templated":true}]}}