{"id":79621,"date":"2025-11-03T11:00:24","date_gmt":"2025-11-03T10:00:24","guid":{"rendered":"https:\/\/miradordeatarfe.es\/?p=79621"},"modified":"2025-11-01T19:07:07","modified_gmt":"2025-11-01T18:07:07","slug":"la-ermita-los-tres-juanes-en-la-prensa-de-granada-hoy","status":"publish","type":"post","link":"https:\/\/miradordeatarfe.es\/?p=79621","title":{"rendered":"LA ERMITA LOS TRES JUANES EN LA PRENSA DE GRANADA HOY"},"content":{"rendered":"<header class=\"header \">\n<h1 class=\"headline-atom \n    \n    B-700-500-100-N B-850-500-150-N--md\n    \n    \n    \n    title\">\u00bfPor qu\u00e9 se llama as\u00ed la Ermita de los Tres Juanes?<\/h1>\n<div class=\"subtitles\">\n<h3 class=\"subtitle-atom B-500-400-300-N B-525-400-300-N--md mb-3_5\">La curiosa historia tras una de las zonas m\u00e1s conocidas de Granada se remonta a los a\u00f1os 40 y tiene relaci\u00f3n con el agradecimiento de un padre a un santo<\/h3>\n<p><main class=\"bbnx-main grid\"><\/p>\n<div class=\"bbnx-body prometeo-hideable \">\n<h2 class=\"heading-atom  B-600-500-200-N B-650-500-300-N--md  heading \">\u00bfPor qu\u00e9 de Los tres Juanes?<\/h2>\n<p class=\"paragraph-atom\n        \n        B-510-400-550-N B-525-400-700-N--md\n        \n        \">La Ermita, a la que hay que &#8216;escalar&#8217; por la carretera que<strong> culmina en el Cerro del Castillejo<\/strong>, tiene un <strong>nombre curioso<\/strong> que no tantos conocen. <strong>\u00bfPor qu\u00e9 de Los tres Juanes?<\/strong> \u00bfQui\u00e9nes son y <strong>desde cu\u00e1ndo<\/strong> se les recuerda en la cima de Atarfe? Adem\u00e1s de este &#8216;enigma&#8217;, otro exotismo rodea al lugar: pese a ser una <strong>ermita<\/strong>, no est\u00e1 sacralizada.<\/p>\n<aside data-ad-type=\"list\"><\/aside>\n<h2 class=\"heading-atom  B-600-500-200-N B-650-500-300-N--md  heading \">El misterio &#8216;popular&#8217; del nombre<\/h2>\n<p class=\"paragraph-atom\n        \n        B-510-400-550-N B-525-400-700-N--md\n        \n        \">El<strong> misterio de la procedencia<\/strong> del <strong>nombre<\/strong>, en realidad, no lo es para la mayor\u00eda de atarfe\u00f1os,<strong> sobre todo para los m\u00e1s mayores del pueblo<\/strong>. Su denominaci\u00f3n llegaba con <strong>el inicio de su construcci\u00f3n, en 1941<\/strong>, en plena Posguerra, cuando su promotor, <strong>Juan de Dios S\u00e1nchez Pozo<\/strong>, un <strong>vecino humilde y muy devoto de Atarfe<\/strong>, quiso rendir homenaje a los <strong>tres Santos Juanes<\/strong>: San Juan Evangelista, San Juan Bautista y San Juan de Dios.<\/p>\n<h3 class=\"heading-atom  B-550-500-200-N B-600-500-200-N--md  heading \">Una historia familiar<\/h3>\n<p class=\"paragraph-atom\n        \n        B-510-400-550-N B-525-400-700-N--md\n        \n        \">Por otro lado, apuntan desde el blog hist\u00f3rico <a href=\"https:\/\/miradordeatarfe.es\/?p=66199\" rel=\"nofollow\">Mirador de Atarfe<\/a>, que la historia tras la <strong>Ermita es m\u00e1s amplia y sentimental:<\/strong> \u00abUn <strong>acontecimiento <\/strong>motiv\u00f3 que este hombre erigiera la ermita: <strong>la milagrosa supervivencia de tres de sus cuatro hijos<\/strong> a una explosi\u00f3n de una granada<strong> abandonada en la Guerra Civil.<\/strong> El padre atribuy\u00f3<strong> la suerte de sus hijos a un milagro de San Juan<\/strong>, cuya estatua hab\u00eda encontrado previamente en la calle y que <strong>custodiaba <\/strong>en su casa. As\u00ed, acrecent\u00e1ndole la fe, empez\u00f3 a cultivar la idea de <strong>erigirle una modesta capilla<\/strong>\u00ab.<\/p>\n<p class=\"paragraph-atom\n        \n        B-510-400-550-N B-525-400-700-N--md\n        \n        \">Su cometido religioso, no obstante, nunca lleg\u00f3 a cumplirse, ya que<strong> la famosa Ermita no lleg\u00f3 a sacralizarse<\/strong> por culpa de quedar inacabada a <strong>consecuencia de la muerte de Juan de Dios<\/strong> en 1949, a los 53 a\u00f1os, que a\u00fan <strong>con ayuda de vecinos y el propio Ayuntamiento<\/strong> de Atarfe, <strong>asumi\u00f3 la empresa de erigir<\/strong> la ermita como <strong>tarea personal. <\/strong><\/p>\n<h2 class=\"heading-atom  B-600-500-200-N B-650-500-300-N--md  heading \">La segunda vida de la Ermita<\/h2>\n<p class=\"paragraph-atom\n        \n        B-510-400-550-N B-525-400-700-N--md\n        \n        \">La <strong>segunda vida de la ermita lleg\u00f3 40 a\u00f1os m\u00e1s tarde<\/strong>, en la d\u00e9cada de 1990, cuando fue restaurada y despu\u00e9s habilitada como centro socio-cultural en cuyo recinto se <strong>celebran actos y conciertos<\/strong> en la actualidad. Albergaba en su interior un museo de Ciencias Naturales y, adem\u00e1s, se ha convertido en <strong>s\u00edmbolo para los habitantes<\/strong> del lugar al<strong> formar parte de la her\u00e1ldica <\/strong>del municipio, indica por su parte la Diputaci\u00f3n.<\/p>\n<\/div>\n<aside class=\"tags-molecule A-400-700-500-N bbnx-tags bbnx-tags\">\n<p class=\"title-text-atom   \n    \n    \n    \n    \"><a class=\"author-content-name A-300-700-500-N\" href=\"https:\/\/www.granadahoy.com\/alba_rodriguez\/\"><strong>Alba R. Romero <\/strong><small class=\"author-content-position A-300-700-500-N\"><strong>&#8211; Redactora<\/strong><\/small><\/a><\/p>\n<p><span class=\"text\">FOTO: Imagen de la ermita de Atarfe, s\u00edmbolo del pueblo con una curiosa y emotica historia.<\/span><\/p>\n<p>https:\/\/www.granadahoy.com\/vivir\/llama-ermita-tres-juanes_0_2005056810.amp.html<\/p>\n<p>&nbsp;<\/p>\n<\/aside>\n<p><\/main><\/div>\n<\/header>\n","protected":false},"excerpt":{"rendered":"<p>\u00bfPor qu\u00e9 se llama as\u00ed la Ermita de los Tres Juanes? La curiosa historia tras&#8230;<\/p>\n","protected":false},"author":1,"featured_media":79622,"comment_status":"closed","ping_status":"closed","sticky":false,"template":"","format":"standard","meta":{"_coblocks_attr":"","_coblocks_dimensions":"","_coblocks_responsive_height":"","_coblocks_accordion_ie_support":"","jetpack_post_was_ever_published":false,"_jetpack_newsletter_access":"","_jetpack_dont_email_post_to_subs":false,"_jetpack_newsletter_tier_id":0,"_jetpack_memberships_contains_paywalled_content":false,"_jetpack_memberships_contains_paid_content":false,"footnotes":"","jetpack_publicize_message":"","jetpack_publicize_feature_enabled":true,"jetpack_social_post_already_shared":true,"jetpack_social_options":{"image_generator_settings":{"template":"highway","default_image_id":0,"enabled":false},"version":2}},"categories":[2,1225,186,44],"tags":[],"class_list":["post-79621","post","type-post","status-publish","format-standard","has-post-thumbnail","hentry","category-atarfe","category-ha-de-atarfe","category-instituciones","category-noticias-de-hoy"],"jetpack_publicize_connections":[],"jetpack_featured_media_url":"https:\/\/i0.wp.com\/miradordeatarfe.es\/wp-content\/uploads\/2025\/10\/c7cc6e49-5984-4898-a408-98cb62189423_source-aspect-ratio_1600w_0.jpg?fit=1600%2C1067&ssl=1","jetpack_likes_enabled":true,"jetpack_sharing_enabled":true,"_links":{"self":[{"href":"https:\/\/miradordeatarfe.es\/index.php?rest_route=\/wp\/v2\/posts\/79621","targetHints":{"allow":["GET"]}}],"collection":[{"href":"https:\/\/miradordeatarfe.es\/index.php?rest_route=\/wp\/v2\/posts"}],"about":[{"href":"https:\/\/miradordeatarfe.es\/index.php?rest_route=\/wp\/v2\/types\/post"}],"author":[{"embeddable":true,"href":"https:\/\/miradordeatarfe.es\/index.php?rest_route=\/wp\/v2\/users\/1"}],"replies":[{"embeddable":true,"href":"https:\/\/miradordeatarfe.es\/index.php?rest_route=%2Fwp%2Fv2%2Fcomments&post=79621"}],"version-history":[{"count":1,"href":"https:\/\/miradordeatarfe.es\/index.php?rest_route=\/wp\/v2\/posts\/79621\/revisions"}],"predecessor-version":[{"id":79623,"href":"https:\/\/miradordeatarfe.es\/index.php?rest_route=\/wp\/v2\/posts\/79621\/revisions\/79623"}],"wp:featuredmedia":[{"embeddable":true,"href":"https:\/\/miradordeatarfe.es\/index.php?rest_route=\/wp\/v2\/media\/79622"}],"wp:attachment":[{"href":"https:\/\/miradordeatarfe.es\/index.php?rest_route=%2Fwp%2Fv2%2Fmedia&parent=79621"}],"wp:term":[{"taxonomy":"category","embeddable":true,"href":"https:\/\/miradordeatarfe.es\/index.php?rest_route=%2Fwp%2Fv2%2Fcategories&post=79621"},{"taxonomy":"post_tag","embeddable":true,"href":"https:\/\/miradordeatarfe.es\/index.php?rest_route=%2Fwp%2Fv2%2Ftags&post=79621"}],"curies":[{"name":"wp","href":"https:\/\/api.w.org\/{rel}","templated":true}]}}