{"id":79630,"date":"2025-10-27T10:00:57","date_gmt":"2025-10-27T09:00:57","guid":{"rendered":"https:\/\/miradordeatarfe.es\/?p=79630"},"modified":"2025-10-27T10:29:52","modified_gmt":"2025-10-27T09:29:52","slug":"ante-el-acoso-escolar-no-podemos-mirar-hacia-otro-lado","status":"publish","type":"post","link":"https:\/\/miradordeatarfe.es\/?p=79630","title":{"rendered":"ANTE EL ACOSO ESCOLAR : \u00abNO PODEMOS MIRAR HACIA OTRO LADO\u00bb"},"content":{"rendered":"<h3 style=\"text-align: justify;\">No hay palabras que puedan consolar un dolor tan devastador como la p\u00e9rdida de un hijo o hija. Pero s\u00ed hay una obligaci\u00f3n moral y social que nos incumbe a todos:\u00a0<strong>actuar para que nunca m\u00e1s vuelva a suceder.<\/strong><\/h3>\n<p style=\"text-align: justify;\">Cuando un ni\u00f1o o una ni\u00f1a sufre acoso escolar, toda la comunidad educativa fracasa. No solo el centro, no solo las familias, sino tambi\u00e9n las administraciones que no dotan de recursos, la sociedad que minimiza el da\u00f1o y un sistema que sigue mirando hacia otro lado.<\/p>\n<p style=\"text-align: justify;\">El acoso no es una travesura, ni un conflicto entre iguales: <strong>es violencia<\/strong>. Y como tal, debe abordarse con protocolos eficaces, personal formado y una implicaci\u00f3n real de toda la comunidad educativa.<\/p>\n<p style=\"text-align: justify;\">Adem\u00e1s,\u00a0<strong>los protocolos de acoso escolar, tal y como se aplican en la mayor\u00eda de las comunidades aut\u00f3nomas, no siempre respetan los derechos de las v\u00edctimas.<\/strong>\u00a0Con demasiada frecuencia se prioriza la apariencia de normalidad del centro frente a la protecci\u00f3n del menor.<br \/>\nSe duda de su testimonio, se le pide que \u201caguante\u201d o se le cambia de aula \u2014o incluso de centro\u2014, mientras el agresor contin\u00faa su vida escolar sin consecuencias reales. Este enfoque no solo vulnera el principio de protecci\u00f3n integral, sino que\u00a0<strong>revictimiza<\/strong>\u00a0y transmite un mensaje demoledor: que el problema es quien sufre, no quien agrede.<\/p>\n<p style=\"text-align: justify;\">En Espa\u00f1a contamos con la LOPIVI \u2014la Ley Org\u00e1nica de Protecci\u00f3n Integral a la Infancia y la Adolescencia frente a la Violencia\u2014, que establece mecanismos claros de prevenci\u00f3n y actuaci\u00f3n. Pero la ley, sin medios, sin formaci\u00f3n y sin seguimiento, se queda en papel mojado. Desde CEAPA lo decimos con claridad:\u00a0<strong>los centros educativos necesitan recursos humanos especializados y formaci\u00f3n obligatoria para todo el personal docente y no docente.<\/strong><\/p>\n<p style=\"text-align: justify;\">Los\u00a0<strong>Coordinadores de Bienestar y Protecci\u00f3n<\/strong>\u00a0no pueden ser una figura simb\u00f3lica. Deben tener tiempo, formaci\u00f3n y reconocimiento institucional para ejercer su funci\u00f3n. Y deben estar apoyados por equipos multidisciplinares y por redes de colaboraci\u00f3n con servicios sociales, sanitarios y asociaciones de familias.<\/p>\n<p style=\"text-align: justify;\">Las familias, por nuestra parte, tambi\u00e9n tenemos una responsabilidad. Educar en el respeto, escuchar sin juzgar, denunciar sin miedo. Pero no podemos hacerlo solas. Necesitamos centros abiertos al di\u00e1logo, donde las familias seamos parte activa en la prevenci\u00f3n y resoluci\u00f3n de los conflictos.El silencio \u2014de quienes saben y callan, de quienes sospechan y no act\u00faan\u2014 mata. La indiferencia institucional mata. Por eso pedimos que\u00a0<strong>el compromiso frente al acoso escolar sea una prioridad real<\/strong>, no una declaraci\u00f3n de intenciones.<\/p>\n<p>Desde CEAPA proponemos medidas urgentes:<\/p>\n<ol>\n<li><strong>Evaluaci\u00f3n independiente y anual <\/strong>de los protocolos de prevenci\u00f3n de acoso en todas las comunidades aut\u00f3nomas.<\/li>\n<li><strong>Refuerzo de la figura del Coordinador de Bienestar<\/strong>, con formaci\u00f3n espec\u00edfica y una reducci\u00f3n amplia de carga lectiva.<\/li>\n<li><strong>Participaci\u00f3n efectiva de las familias <\/strong>en los planes de convivencia de los centros.<\/li>\n<li><strong>Educaci\u00f3n emocional y en valores <\/strong>desde la primera infancia como eje curricular.<\/li>\n<li><strong>Atenci\u00f3n psicol\u00f3gica gratuita<\/strong>y accesible para las v\u00edctimas y tambi\u00e9n para quienes ejercen la violencia, porque solo abordando el problema en su ra\u00edz podremos erradicarlo.<\/li>\n<\/ol>\n<p>No basta con lamentar. Hay que actuar. Cada ni\u00f1o y cada ni\u00f1a tiene derecho a ir al colegio sin miedo. Como sociedad, tenemos el deber de garantizarlo.<\/p>\n<p><strong>Mar\u00eda S\u00e1nchez Mart\u00edn. Presidenta de CEAPA<\/strong><\/p>\n","protected":false},"excerpt":{"rendered":"<p>No hay palabras que puedan consolar un dolor tan devastador como la p\u00e9rdida de un&#8230;<\/p>\n","protected":false},"author":1,"featured_media":79631,"comment_status":"closed","ping_status":"closed","sticky":false,"template":"","format":"standard","meta":{"_coblocks_attr":"","_coblocks_dimensions":"","_coblocks_responsive_height":"","_coblocks_accordion_ie_support":"","jetpack_post_was_ever_published":false,"_jetpack_newsletter_access":"","_jetpack_dont_email_post_to_subs":false,"_jetpack_newsletter_tier_id":0,"_jetpack_memberships_contains_paywalled_content":false,"_jetpack_memberships_contains_paid_content":false,"footnotes":"","jetpack_publicize_message":"","jetpack_publicize_feature_enabled":true,"jetpack_social_post_already_shared":false,"jetpack_social_options":{"image_generator_settings":{"template":"highway","default_image_id":0,"enabled":false},"version":2}},"categories":[187,186,44],"tags":[],"class_list":["post-79630","post","type-post","status-publish","format-standard","has-post-thumbnail","hentry","category-centros-educativos","category-instituciones","category-noticias-de-hoy"],"jetpack_publicize_connections":[],"jetpack_featured_media_url":"https:\/\/i0.wp.com\/miradordeatarfe.es\/wp-content\/uploads\/2025\/10\/acoso-escolar-CEAPA-1024x576-1.jpg?fit=1024%2C576&ssl=1","jetpack_likes_enabled":true,"jetpack_sharing_enabled":true,"_links":{"self":[{"href":"https:\/\/miradordeatarfe.es\/index.php?rest_route=\/wp\/v2\/posts\/79630","targetHints":{"allow":["GET"]}}],"collection":[{"href":"https:\/\/miradordeatarfe.es\/index.php?rest_route=\/wp\/v2\/posts"}],"about":[{"href":"https:\/\/miradordeatarfe.es\/index.php?rest_route=\/wp\/v2\/types\/post"}],"author":[{"embeddable":true,"href":"https:\/\/miradordeatarfe.es\/index.php?rest_route=\/wp\/v2\/users\/1"}],"replies":[{"embeddable":true,"href":"https:\/\/miradordeatarfe.es\/index.php?rest_route=%2Fwp%2Fv2%2Fcomments&post=79630"}],"version-history":[{"count":1,"href":"https:\/\/miradordeatarfe.es\/index.php?rest_route=\/wp\/v2\/posts\/79630\/revisions"}],"predecessor-version":[{"id":79632,"href":"https:\/\/miradordeatarfe.es\/index.php?rest_route=\/wp\/v2\/posts\/79630\/revisions\/79632"}],"wp:featuredmedia":[{"embeddable":true,"href":"https:\/\/miradordeatarfe.es\/index.php?rest_route=\/wp\/v2\/media\/79631"}],"wp:attachment":[{"href":"https:\/\/miradordeatarfe.es\/index.php?rest_route=%2Fwp%2Fv2%2Fmedia&parent=79630"}],"wp:term":[{"taxonomy":"category","embeddable":true,"href":"https:\/\/miradordeatarfe.es\/index.php?rest_route=%2Fwp%2Fv2%2Fcategories&post=79630"},{"taxonomy":"post_tag","embeddable":true,"href":"https:\/\/miradordeatarfe.es\/index.php?rest_route=%2Fwp%2Fv2%2Ftags&post=79630"}],"curies":[{"name":"wp","href":"https:\/\/api.w.org\/{rel}","templated":true}]}}