{"id":79633,"date":"2025-10-22T10:36:40","date_gmt":"2025-10-22T08:36:40","guid":{"rendered":"https:\/\/miradordeatarfe.es\/?p=79633"},"modified":"2025-10-25T11:09:23","modified_gmt":"2025-10-25T09:09:23","slug":"los-puntos-debiles-de-los-protocolos-contra-el-acoso-escolar-el-analisis-de-los-expertos","status":"publish","type":"post","link":"https:\/\/miradordeatarfe.es\/?p=79633","title":{"rendered":"Los puntos d\u00e9biles de los protocolos contra el acoso escolar: el an\u00e1lisis de los expertos"},"content":{"rendered":"<div class=\"falseH1\">\n<h3 id=\"h1_maincontent\" style=\"text-align: justify;\">El suicidio de Sandra Pe\u00f1a, una alumna de 14 a\u00f1os de un colegio de Sevilla, se investiga como un posible caso de acoso escolar. En el caso de esta adolescente sevillana, el centro no activ\u00f3 el protocolo de acoso.<\/h3>\n<p style=\"text-align: justify;\">Este suceso ha puesto el foco en los procesos vigentes en Espa\u00f1a para prevenir este tipo de situaciones. En VerificaRTVE te explicamos<\/p>\n<\/div>\n<div class=\"mainContent hid_email\">\n<div class=\"artBody\">\n<div class=\"section\" style=\"text-align: justify;\">\n<h2 class=\"ladillo\">\u00bfEn qu\u00e9 consisten los protocolos contra el acoso?<\/h2>\n<p><strong>Cada comunidad aut\u00f3noma tiene su propio protocolo contra el acoso escolar<\/strong>, pero todos comparten elementos similares. En ellos se define qu\u00e9 se entiende por acoso escolar y sus indicadores (si es por raz\u00f3n de sexo u origen, si se produce en el interior de las aulas o en los pasillos, si son insultos o amenazas&#8230;). Tambi\u00e9n recogen la necesidad de mantener la confidencialidad respecto a los datos de los implicados y establecen las fases o etapas desde la apertura de un procedimiento hasta su conclusi\u00f3n. Estas fases, por lo general, se componen de la detecci\u00f3n y notificaci\u00f3n, la comunicaci\u00f3n con las familias, la constituci\u00f3n de un organismo del propio centro para llevar el caso y la recogida y an\u00e1lisis de informaci\u00f3n. <strong>Son los propios centros los que concluyen si ha habido o no una situaci\u00f3n de acoso<\/strong>. Los informes elaborados por los colegios con las pruebas recopiladas y la conclusi\u00f3n se env\u00edan a la <a href=\"https:\/\/educagob.educacionfpydeportes.gob.es\/sistema-educativo\/inspeccion-sistema-educativo.html\" target=\"_blank\" rel=\"nofollow noopener\">Inspecci\u00f3n Educativa<\/a> de cada comunidad para su supervisi\u00f3n.<\/p>\n<p>Algunos de ellos contemplan <strong>medidas provisionales de supervisi\u00f3n, protecci\u00f3n y apoyo inmediato a las v\u00edctimas<\/strong>. Por ejemplo, el protocolo del <a href=\"https:\/\/www.euskadi.eus\/contenidos\/informacion\/inn_convivencia_normativa_prot\/es_def\/adjuntos\/EBAZPENA_def_2024_cast.pdf\" target=\"_blank\" rel=\"nofollow noopener\">Pa\u00eds Vasco<\/a> \u00abregula la intervenci\u00f3n, que se desarrollar\u00e1 seg\u00fan los principios de prevenci\u00f3n, sensibilizaci\u00f3n ante el acoso, confidencialidad, protecci\u00f3n al alumnado implicado, intervenci\u00f3n coordinada, sistematizaci\u00f3n, eficacia y urgencia\u00bb (p\u00e1gina 4). En otros se incluye tambi\u00e9n la <strong>formaci\u00f3n al profesorado<\/strong>, como en el caso de <a href=\"https:\/\/www.educarex.es\/pub\/cont\/com\/0033\/documentos\/procolo_acoso.pdf\" target=\"_blank\" rel=\"nofollow noopener\">Extremadura<\/a>: \u00abRequiere un amplio plan de formaci\u00f3n de profesores a fin de sensibilizar y tomar conciencia del fen\u00f3meno del acoso escolar, y de dotar al profesorado de herramientas\u00bb (p\u00e1gina 9). Puedes consultar los protocolos en los siguientes enlaces: <a href=\"https:\/\/www.juntadeandalucia.es\/educacion\/portals\/web\/convivencia-escolar\/protocolos-de-actuacion-en-casos-de-acoso\" target=\"_blank\" rel=\"nofollow noopener\">Andaluc\u00eda<\/a>, <a href=\"https:\/\/educa.aragon.es\/-\/protocolo-acoso-escolar\" target=\"_blank\" rel=\"nofollow noopener\">Arag\u00f3n<\/a>, <a href=\"https:\/\/www.caib.es\/sites\/convivexit\/f\/268204\" target=\"_blank\" rel=\"nofollow noopener\">Islas Baleares<\/a>, <a href=\"https:\/\/www3.gobiernodecanarias.org\/medusa\/ecoescuela\/acosoescolar\/\" target=\"_blank\" rel=\"nofollow noopener\">Canarias<\/a>, <a href=\"https:\/\/www.educantabria.es\/diversidad\/convivencia\" target=\"_blank\" rel=\"nofollow noopener\">Cantabria<\/a>, <a href=\"https:\/\/www.google.com\/search?q=Protocolo+espec%C3%ADfico+de+actuaci%C3%B3n+(BOCYL+14%2F12%2F2017)&amp;rlz=1C1ONGR_esES1014ES1014&amp;oq=Protocolo+espec%C3%ADfico+de+actuaci%C3%B3n+(BOCYL+14%2F12%2F2017)&amp;gs_lcrp=EgZjaHJvbWUyBggAEEUYOTIKCAEQABiABBiiBDIKCAIQABiiBBiJBTIHCAMQABjvBTIKCAQQABiiBBiJBdIBBzE4NmowajeoAgCwAgA&amp;sourceid=chrome&amp;ie=UTF-8#:~:text=12%C2%A0p%C3%A1ginas-,BOCYL%20n.%C2%BA%20238%2014%2Ddiciembre%2D2017,-Educacyl\" target=\"_blank\" rel=\"nofollow noopener\">Castilla y Le\u00f3n<\/a>, <a href=\"https:\/\/ceice.gva.es\/es\/web\/inclusioeducativa\/assetjament-escolar\" target=\"_blank\" rel=\"nofollow noopener\">Valencia<\/a>, <a href=\"https:\/\/www.edu.xunta.gal\/portal\/convivencia\" target=\"_blank\" rel=\"nofollow noopener\">Galicia<\/a>, <a href=\"https:\/\/www.madrid.org\/bvirtual\/BVCM016330.pdf\" target=\"_blank\" rel=\"nofollow noopener\">Madrid<\/a>, <a href=\"https:\/\/www.educastur.es\/documents\/34868\/38433\/2022-10-circulares-protocolo-acoso-escolar-mod.pdf\/046de230-a69b-3bfb-b166-a30d8b155910?version=1.0&amp;t=1664883752447\" target=\"_blank\" rel=\"nofollow noopener\">Asturias<\/a>, <a href=\"https:\/\/www.carm.es\/web\/Blob?ARCHIVO=Protocolos%20de%20victimas%20definitiva_presentaci%C3%B3n.pdf&amp;TABLA=ARCHIVOS&amp;CAMPOCLAVE=IDARCHIVO&amp;VALORCLAVE=110400&amp;CAMPOIMAGEN=ARCHIVO&amp;IDTIPO=60&amp;RASTRO=c148$m50502\" target=\"_blank\" rel=\"nofollow noopener\">Murcia,<\/a> <a href=\"https:\/\/xtec.gencat.cat\/ca\/centres\/projeducatiu\/convivencia\/protocols\/\" target=\"_blank\" rel=\"nofollow noopener\">Catalu\u00f1a,<\/a> <a href=\"https:\/\/convivencia.educacion.navarra.es\/-\/orientaciones-para-la-elaboracion-del-plan-de-convivencia\" target=\"_blank\" rel=\"nofollow noopener\">Navarra,<\/a> <a href=\"https:\/\/www.larioja.org\/edu-inspeccion\/es\/novedades\/novedades\/protocolo-acoso-escolar.ficheros\/977185-Protocolo%20de%20Acoso%20Escolar-La%20Rioja.pdf\" target=\"_blank\" rel=\"nofollow noopener\">La Rioja,<\/a> <a href=\"https:\/\/www.educacionfpydeportes.gob.es\/dam\/jcr:42b6494e-3822-46e1-9c80-bda5374f8ecb\/resolucion-acoso-escolar.pdf\" target=\"_blank\" rel=\"nofollow noopener\">Ceuta y Melilla<\/a>.<\/p>\n<div class=\"incluBox L\">\n<div class=\"mediaBox\"><span class=\"ima T H f16x9\"> <img data-recalc-dims=\"1\" decoding=\"async\" class=\"alignleft\" src=\"https:\/\/i0.wp.com\/img.rtve.es\/n\/asociaciones-contra-acoso-escolar-piden-protocolo-unico-espana_16775655.jpg?w=640&#038;ssl=1\" alt=\"Las asociaciones contra el acoso escolar piden un protocolo \u00fanico en Espa\u00f1a\" \/> <\/span><\/div>\n<p><a class=\"noticBox\" href=\"https:\/\/www.rtve.es\/noticias\/20251017\/asociaciones-contra-acoso-escolar-piden-protocolo-unico-espana\/16775655.shtml\" data-id=\"16775655\"><span class=\"figcaption\"> <strong>Las asociaciones contra el acoso escolar piden un protocolo \u00fanico en Espa\u00f1a<\/strong> <span class=\"author name\"> <em>RTVE.es<\/em> <\/span> <\/span> <\/a><\/div>\n<p><strong>Aunque son documentos similares, las asociaciones contra el acoso consultadas piden un protocolo \u00fanico<\/strong>. La presidenta de la <a href=\"https:\/\/www.instagram.com\/fedecae2103\/\" target=\"_blank\" rel=\"noopener\">Federaci\u00f3n Espa\u00f1ola de Asociaciones contra el Acoso Escolar (Fedecae)<\/a>, Carmen Guill\u00e9n, critica que haya \u00ab17 protocolos distintos, cuando el acoso escolar es el mismo en todos lados\u00bb. Para esta experta, \u00abtiene que haber un <a href=\"https:\/\/www.rtve.es\/noticias\/20251017\/asociaciones-contra-acoso-escolar-piden-protocolo-unico-espana\/16775655.shtml\">protocolo \u00fanico<\/a> porque el sistema educativo en Espa\u00f1a es el mismo para todas las comunidades\u00bb. De forma similar se pronuncia Lourdes Verdeja, presidenta de la <a href=\"https:\/\/www.at0ab.org\/\" target=\"_blank\" rel=\"nofollow noopener\">Asociaci\u00f3n Tolerancia 0 al Bullying<\/a> de Cantabria, que pide \u00abuna estandarizaci\u00f3n de los protocolos\u00bb y sacar \u00abdesde el Congreso de los Diputados unas directrices con un mismo protocolo estudiado por profesionales y hecho a los profesionales, a los profesores y a las familias\u00bb.<\/p>\n<\/div>\n<div class=\"section\" style=\"text-align: justify;\">\n<h2>\u00a0<\/h2>\n<h2 class=\"ladillo\">Los protocolos contra el acoso escolar son reactivos, no preventivos<\/h2>\n<p>\u00abEl protocolo es algo reactivo, es lo que hacemos cuando ya se ha quemado la casa y usamos un extintor\u00bb, declara el presidente de la <a href=\"https:\/\/aepae.es\/\" target=\"_blank\" rel=\"nofollow noopener\">Asociaci\u00f3n Nacional contra el Acoso Escolar (AEPAE)<\/a>, Enrique P\u00e9rez. Asegura que \u00ablo que est\u00e1 fallando es la prevenci\u00f3n, la sensibilizaci\u00f3n y la detecci\u00f3n\u00bb. As\u00ed lo explica tambi\u00e9n Carmen Cabestany, presidenta de la <a href=\"https:\/\/www.noalacoso.org\/\" target=\"_blank\" rel=\"nofollow noopener\">Asociaci\u00f3n No Al Acoso Escolar<\/a>: <strong>\u00abTener que implementar un protocolo quiere decir que hemos fracasado porque no hemos previsto<\/strong> lo que pod\u00eda pasar y no hemos puesto los medios adecuados, no hemos trabajado desde la prevenci\u00f3n\u00bb. La presidenta de Fedecae, Carmen Guill\u00e9n, asegura que <strong>\u00ablo fundamental es meter en esos protocolos la prevenci\u00f3n y protecci\u00f3n<\/strong>\u00bb porque \u00abcuando intervenimos es tarde para alguien generalmente\u00bb.<\/p>\n<p><strong>Los expertos tambi\u00e9n se\u00f1alan la falta de informaci\u00f3n y formaci\u00f3n sobre el acoso escolar<\/strong>. As\u00ed lo declara Lourdes Verdeja: \u00abSus propios profesores que est\u00e1n en el centro, no saben abrir un protocolo. No est\u00e1n formados, no saben identificar qu\u00e9 es acoso escolar\u00bb. Carmen Cabestany incide en que hay que \u00abaprender a detectar en los centros escolares, hay que ense\u00f1ar a los profesores c\u00f3mo detectar un caso de acoso escolar, que a lo mejor lo tienes delante pero no lo est\u00e1s viendo\u00bb. Tambi\u00e9n coincide en esta idea Enrique P\u00e9rez, que afirma que \u00abel principal problema es que como no hay una buena formaci\u00f3n, como no hay una detecci\u00f3n temprana, el riesgo va a estar siempre\u00bb. Para este experto, \u00abhay un gran desconocimiento de lo que es el acoso escolar incluso por una gran parte de la sociedad. Y por supuesto, y eso es lo m\u00e1s grave, por los responsables educativos\u00bb. Adem\u00e1s, aclara que deber\u00eda implementarse \u00abuna herramienta de medici\u00f3n psicom\u00e9trica precisa\u00bb como la de AEPAE, un <a href=\"https:\/\/aepae.es\/test-incidencia\" target=\"_blank\" rel=\"nofollow noopener\">test de incidencia de acoso<\/a>.<\/p>\n<\/div>\n<div class=\"section\" style=\"text-align: justify;\">\n<h2 class=\"ladillo\">Protocolos desactualizados y opacos, seg\u00fan los expertos<\/h2>\n<p><strong>Los expertos consultados consideran que los protocolos contra el acoso escolar en Espa\u00f1a est\u00e1n desactualizados. <\/strong>La presidenta de la Fedecae, Carmen Guill\u00e9n, argumenta que deber\u00edan contemplar fen\u00f3menos como \u00ablas redes sociales, el ciberbullying, el sexting, el grooming, la inteligencia artificial&#8230;\u00bb. Adem\u00e1s, a\u00f1ade, que \u00abmuchos de ellos no contemplan colectivos vulnerables de acoso escolar, como pueden ser las discapacidades, las altas capacidades, el colectivo LGTB\u00bb, entre otros.<\/p>\n<p>Para Carmen Cabestany, presidenta de la Asociaci\u00f3n No Al Acoso Escolar, otro problema es que \u00abel protocolo lo implementa el centro escolar y este no quiere en general, salvo honrosas excepciones, que se sepa que tienen casos de bullying. De la misma manera que en justicia, el juez no puede ser juez y parte, pues aqu\u00ed el centro tampoco deber\u00eda serlo\u00bb. Para esta experta, <strong>\u00abtiene que haber intervenci\u00f3n de un agente externo, de alguien totalmente neutral<\/strong>, as\u00e9ptico que compruebe la transparencia de ese procedimiento\u00bb. A\u00f1ade que <strong>\u00abpor eso la mayor\u00eda de los protocolos salen negativos<\/strong>\u00ab, es decir, que concluyen que no ha habido acoso. Lo ejemplifica con el dato de C\u00f3rdoba, donde asegura que <a href=\"https:\/\/www.eldiadecordoba.es\/cordoba\/colegios-institutos-cordoba-protocolos-acoso-escolar-curso_0_2002833775.html#:~:text=solo%20el%205%25%20acaban%20siendo%20declarados%20como%20acoso%20escolar.\" target=\"_blank\" rel=\"nofollow noopener\">\u00abel 95% de los protocolos salen negativos<\/a>\u00ab. Esto, a su juicio, significar\u00eda que \u00abpresumiblemente, se ha manipulado por acci\u00f3n o por omisi\u00f3n\u00bb. El presidente de la AEPAE, Enrique P\u00e9rez, se manifiesta en la misma l\u00ednea: \u00abEl protocolo se env\u00eda a Inspecci\u00f3n Educativa, pero llega sesgado y <strong>se desestiman 9 de cada 10 casos<\/strong>\u00ab.<\/p>\n<p><strong>P\u00e9rez tambi\u00e9n critica la opacidad del proceso<\/strong>. Tal y como explica, el protocolo dice que tiene que ser confidencial, por lo que cuando un familiar denuncia la situaci\u00f3n al centro o aporta pruebas del acoso \u00abla familia no sabe si realmente se ha abierto el protocolo\u00bb y \u00abtampoco tiene constancia de que se incluyen esas pruebas\u00bb. Para el presidente de AEPAE \u00abes un fraude de ley\u00bb porque, seg\u00fan argumenta, \u00abcualquier persona que est\u00e1 dentro de un proceso, por ley, tiene derecho a estar informado\u00bb. La presidenta de Tolerancia 0 al Bullying, Lourdes Verdeja, explica que \u00abInspecci\u00f3n Educativa tapa, al igual que los centros educativos, porque se cree m\u00e1s a lo que dicen los centros que a lo que dicen las familias\u00bb. La experta tambi\u00e9n denuncia que \u00abmuchos profesores que dan la voz de alarma de que puede haber un posible caso de acoso me dicen que, o se callan, o tienen sanciones\u00bb.<\/p>\n<\/div>\n<div class=\"section\">\n<h2 class=\"ladillo\" style=\"text-align: justify;\">Un sistema garantista con el acosador, no con la v\u00edctima<\/h2>\n<p style=\"text-align: justify;\">Lourdes Verdeja sostiene que <strong>\u00abel protocolo no sirve m\u00e1s que para estigmatizar muchas veces a las v\u00edctimas, les culpa de recibir acoso<\/strong>\u00ab. Para la experta hay que \u00abgenerarles un espacio seguro, pero no se genera con el protocolo\u00bb. Desde su asociaci\u00f3n aseguran que tienen constancia de que algunos centros hacen preguntas a las v\u00edctimas como \u00ab\u00bft\u00fa c\u00f3mo lo arreglar\u00edas?\u00bb o \u00ab\u00bft\u00fa qu\u00e9 has hecho?\u00bb. Enrique P\u00e9rez recalca que esto \u00abgenera impunidad en el aula y una sensaci\u00f3n que nos transmiten muchas v\u00edctimas de frustraci\u00f3n, de injusticia, de invisibilidad ante el propio sistema e incluso desconfianza hacia los adultos, que ser\u00edan los que tienen que protegerle\u00bb.<\/p>\n<p style=\"text-align: justify;\">Carmen Cabestany expresa con respecto a las v\u00edctimas de acoso que \u00aba las pocas que lo dicen, tenemos que darles presunci\u00f3n de veracidad y practicar aquello del yo s\u00ed te creo, porque si no les hacemos caso, ya no lo van a volver a decir\u00bb. La experta concluye que <strong>\u00abel sistema es muy garantista con el acosador y muy poco garantista con la v\u00edctima<\/strong>\u00ab.<\/p>\n<p style=\"text-align: justify;\">Carmen Guill\u00e9n se\u00f1ala que con la metodolog\u00eda actual \u00aba los ni\u00f1os se les da mucha carga\u00bb. Seg\u00fan cuenta, \u00abtenemos alumnos mediadores y hermanos mayores que funcionan muy bien, pero no se le puede derivar la carga de un problema como este\u00bb. Para ella, las v\u00edctimas de acoso escolar \u00abson los ni\u00f1os m\u00e1s valientes del mundo\u00bb porque \u00abning\u00fan adulto aguantar\u00eda durante a\u00f1os situaciones como las que ellos viven\u00bb. La presidenta de la Fedecae referencia el <a href=\"https:\/\/www.boe.es\/buscar\/act.php?id=BOE-A-1889-4763#art1903:~:text=Las%20personas%20o%20entidades,o%20extraescolares%20y%20complementarias\" target=\"_blank\" rel=\"nofollow noopener\">art\u00edculo 1903<\/a> del C\u00f3digo Civil por el que se dictamina que los centros \u00abson garantes del bienestar de esa persona\u00bb mientras est\u00e9n ah\u00ed.<\/p>\n<p><strong class=\"author\">Lara\u00a0Huwyler<\/strong><\/p>\n<p>FOTO: Imagen de archivo de tizas y un borrador sobre una pizarra escolar <em role=\"contentinfo\"> Getty Images \/ VerificaRTVE <\/em><\/p>\n<p>https:\/\/www.rtve.es\/noticias\/20251023\/puntos-debiles-protocolos-contra-acoso-escolar-analisis-expertos\/16783657.shtml<\/p>\n<\/div>\n<\/div>\n<\/div>\n","protected":false},"excerpt":{"rendered":"<p>El suicidio de Sandra Pe\u00f1a, una alumna de 14 a\u00f1os de un colegio de Sevilla,&#8230;<\/p>\n","protected":false},"author":1,"featured_media":79634,"comment_status":"closed","ping_status":"closed","sticky":false,"template":"","format":"standard","meta":{"_coblocks_attr":"","_coblocks_dimensions":"","_coblocks_responsive_height":"","_coblocks_accordion_ie_support":"","jetpack_post_was_ever_published":false,"_jetpack_newsletter_access":"","_jetpack_dont_email_post_to_subs":false,"_jetpack_newsletter_tier_id":0,"_jetpack_memberships_contains_paywalled_content":false,"_jetpack_memberships_contains_paid_content":false,"footnotes":"","jetpack_publicize_message":"","jetpack_publicize_feature_enabled":true,"jetpack_social_post_already_shared":true,"jetpack_social_options":{"image_generator_settings":{"template":"highway","default_image_id":0,"enabled":false},"version":2}},"categories":[187,1161,186,44],"tags":[],"class_list":["post-79633","post","type-post","status-publish","format-standard","has-post-thumbnail","hentry","category-centros-educativos","category-ciudadania","category-instituciones","category-noticias-de-hoy"],"jetpack_publicize_connections":[],"jetpack_featured_media_url":"https:\/\/i0.wp.com\/miradordeatarfe.es\/wp-content\/uploads\/2025\/10\/img2.rtve_.jpeg?fit=1600%2C901&ssl=1","jetpack_likes_enabled":true,"jetpack_sharing_enabled":true,"_links":{"self":[{"href":"https:\/\/miradordeatarfe.es\/index.php?rest_route=\/wp\/v2\/posts\/79633","targetHints":{"allow":["GET"]}}],"collection":[{"href":"https:\/\/miradordeatarfe.es\/index.php?rest_route=\/wp\/v2\/posts"}],"about":[{"href":"https:\/\/miradordeatarfe.es\/index.php?rest_route=\/wp\/v2\/types\/post"}],"author":[{"embeddable":true,"href":"https:\/\/miradordeatarfe.es\/index.php?rest_route=\/wp\/v2\/users\/1"}],"replies":[{"embeddable":true,"href":"https:\/\/miradordeatarfe.es\/index.php?rest_route=%2Fwp%2Fv2%2Fcomments&post=79633"}],"version-history":[{"count":1,"href":"https:\/\/miradordeatarfe.es\/index.php?rest_route=\/wp\/v2\/posts\/79633\/revisions"}],"predecessor-version":[{"id":79635,"href":"https:\/\/miradordeatarfe.es\/index.php?rest_route=\/wp\/v2\/posts\/79633\/revisions\/79635"}],"wp:featuredmedia":[{"embeddable":true,"href":"https:\/\/miradordeatarfe.es\/index.php?rest_route=\/wp\/v2\/media\/79634"}],"wp:attachment":[{"href":"https:\/\/miradordeatarfe.es\/index.php?rest_route=%2Fwp%2Fv2%2Fmedia&parent=79633"}],"wp:term":[{"taxonomy":"category","embeddable":true,"href":"https:\/\/miradordeatarfe.es\/index.php?rest_route=%2Fwp%2Fv2%2Fcategories&post=79633"},{"taxonomy":"post_tag","embeddable":true,"href":"https:\/\/miradordeatarfe.es\/index.php?rest_route=%2Fwp%2Fv2%2Ftags&post=79633"}],"curies":[{"name":"wp","href":"https:\/\/api.w.org\/{rel}","templated":true}]}}