{"id":79636,"date":"2025-10-29T09:11:23","date_gmt":"2025-10-29T08:11:23","guid":{"rendered":"https:\/\/miradordeatarfe.es\/?p=79636"},"modified":"2025-10-29T09:21:16","modified_gmt":"2025-10-29T08:21:16","slug":"la-soledad-no-deseada-aumenta-a-partir-de-los-65-y-alcanza-al-20-de-los-mayores-de-75-anos","status":"publish","type":"post","link":"https:\/\/miradordeatarfe.es\/?p=79636","title":{"rendered":"La soledad no deseada aumenta a partir de los 65 y alcanza al 20% de los mayores de 75 a\u00f1os"},"content":{"rendered":"<h3 style=\"text-align: justify;\"><strong>La soledad no deseada<\/strong> aumenta en la poblaci\u00f3n a partir de los 65 a\u00f1os y\u00a0<strong>alcanza al 20 por ciento de los mayores de 75<\/strong>. As\u00ed se desprende de los datos manejados por el\u00a0<strong>Observatorio Estatal de la Soledad no Deseada, \u2018SoledadES\u2019<\/strong>, que refleja c\u00f3mo en los \u00faltimos a\u00f1os de la vida el aislamiento aumenta.<\/h3>\n<p style=\"text-align: justify;\">Seg\u00fan estos datos del o<strong>bservatorio, impulsado por Fundaci\u00f3n ONCE<\/strong>, la soledad tiene forma de U: es alta entre los j\u00f3venes, va decreciendo en la edad adulta y vuelve a subir, especialmente a partir de los 75 a\u00f1os. As\u00ed, la prevalencia de soledad de las personas entre 65-74 a\u00f1os es del 14,5%. Sin embargo, en la poblaci\u00f3n de 75 y m\u00e1s sube hasta el 20%.<\/p>\n<p style=\"text-align: justify;\">Adem\u00e1s, aunque la prevalencia sea menor que en el grupo de la juventud, la soledad en mayores suele ser\u00a0<strong>m\u00e1s intensa y persistente<\/strong>, vinculada a p\u00e9rdidas familiares, limitaciones f\u00edsicas y dificultad para crear nuevos v\u00ednculos.<\/p>\n<p style=\"text-align: justify;\">En el conjunto de la poblaci\u00f3n la principal causa de la soledad es\u00a0<strong>la p\u00e9rdida de convivencia<\/strong>, incluyendo la distancia o la ausencia de familiares con quienes vivir, una situaci\u00f3n que se\u00f1alan el 57,3% de las personas en soledad y que se agrava en la vejez por viudez, emigraci\u00f3n de hijos o tambi\u00e9n por la institucionalizaci\u00f3n.<\/p>\n<p style=\"text-align: justify;\">Las consecuencias de esa soledad, a\u00f1ade el informe, son unos altos costes sociales y sanitarios, ya que la soledad prolongada, especialmente en las personas mayores, tiene impactos en la salud f\u00edsica y mental:\u00a0 <strong>aumenta el riesgo de depresi\u00f3n, ansiedad o enfermedades card\u00edacas.<\/strong><\/p>\n<p style=\"text-align: justify;\">Al igual que ocurre en el conjunto de la poblaci\u00f3n, el sentimiento de soledad\u00a0<strong>es mayor entre las mujeres<\/strong>. Esta situaci\u00f3n se agrava a partir de los 55 a\u00f1os, con diferencias entre hombres y mujeres de m\u00e1s de 7 puntos porcentuales. En el grupo de 65 y m\u00e1s a\u00f1os, las mujeres tienen 7,8 puntos porcentuales m\u00e1s de sentimiento de soledad que los hombres (19,85 frente al 12%).<\/p>\n<p style=\"text-align: justify;\">Esta realidad se relaciona tambi\u00e9n con la mayor esperanza de vida entre las mujeres y la tendencia cultural de que ellas se casen con hombres de mayor edad, lo que tiene como consecuencia un mayor nivel de viudez entre la poblaci\u00f3n femenina. Los datos en Espa\u00f1a muestran que de hecho entre las personas viudas de 70 y m\u00e1s a\u00f1os el 18% son hombres y el 82% mujeres.<\/p>\n<p style=\"text-align: justify;\">Aun as\u00ed, desde SoledadES explican que la mayor proporci\u00f3n de mujeres viudas no significa necesariamente que la viudez tenga un mayor efecto en la soledad en las mujeres que en los hombres.<\/p>\n<p style=\"text-align: justify;\">Por \u00faltimo, en relaci\u00f3n con el h\u00e1bitat rural\/urbano, los datos revelan que\u00a0<strong>las personas mayores que viven en grandes ciudades se sienten m\u00e1s solas<\/strong>: entre la poblaci\u00f3n de 65 y m\u00e1s a\u00f1os la prevalencia de la soledad se incrementa a medida que aumenta la poblaci\u00f3n del municipio en el que viven. De esta manera, la prevalencia de la soledad no deseada entre personas de 65 y m\u00e1s a\u00f1os aumenta del 12,7% en los municipios de hasta 20.000 habitantes al doble (25,1%) en las grandes urbes (m\u00e1s de 500.000 habitantes).<\/p>\n<p style=\"text-align: justify;\"><strong>SoledadES<\/strong><\/p>\n<p style=\"text-align: justify;\">El<strong> Observatorio Estatal de la Soledad no Deseada (SoledadES)\u00a0<\/strong>es un espacio de intercambio de investigaciones y conocimientos entre administraciones y profesionales que pretende conocer la dimensi\u00f3n del aislamiento involuntario en que viven muchas personas en Espa\u00f1a y contribuir despu\u00e9s a su mejora.<\/p>\n<p style=\"text-align: justify;\">Es una iniciativa de Fundaci\u00f3n ONCE en <strong>colaboraci\u00f3n con<\/strong> Cruz Roja, ONCE, Red contra la Soledad no deseada, FEMP, Plataforma del Tercer Sector, Plataforma del Voluntariado, Red de Lucha contra la Pobreza y la Exclusi\u00f3n Social, Consejo de la Juventud de Espa\u00f1a, UGT, CCOO, CERMI, Plataforma de Organizaciones de Pacientes y Uni\u00f3n profesional, Consejo General de Farmac\u00e9uticos y Mensajeros por la Paz.\u00a0<\/p>\n<p>https:\/\/www.fundaciononce.es\/es\/comunicacion\/noticias\/la-soledad-no-deseada-aumenta-partir-de-los-65-y-alcanza-al-20-de-los-mayores<\/p>\n","protected":false},"excerpt":{"rendered":"<p>La soledad no deseada aumenta en la poblaci\u00f3n a partir de los 65 a\u00f1os y\u00a0alcanza&#8230;<\/p>\n","protected":false},"author":1,"featured_media":79637,"comment_status":"closed","ping_status":"closed","sticky":false,"template":"","format":"standard","meta":{"_coblocks_attr":"","_coblocks_dimensions":"","_coblocks_responsive_height":"","_coblocks_accordion_ie_support":"","jetpack_post_was_ever_published":false,"_jetpack_newsletter_access":"","_jetpack_dont_email_post_to_subs":false,"_jetpack_newsletter_tier_id":0,"_jetpack_memberships_contains_paywalled_content":false,"_jetpack_memberships_contains_paid_content":false,"footnotes":"","jetpack_publicize_message":"","jetpack_publicize_feature_enabled":true,"jetpack_social_post_already_shared":false,"jetpack_social_options":{"image_generator_settings":{"template":"highway","default_image_id":0,"enabled":false},"version":2}},"categories":[1161,186,44],"tags":[],"class_list":["post-79636","post","type-post","status-publish","format-standard","has-post-thumbnail","hentry","category-ciudadania","category-instituciones","category-noticias-de-hoy"],"jetpack_publicize_connections":[],"jetpack_featured_media_url":"https:\/\/i0.wp.com\/miradordeatarfe.es\/wp-content\/uploads\/2025\/10\/Screenshot-2025-10-25-at-11-12-16-La-soledad-no-deseada-aumenta-a-partir-de-los-65-y-alcanza-al-20-de-los-mayores-de-75-anos-segun-un-estudio.png?fit=485%2C368&ssl=1","jetpack_likes_enabled":true,"jetpack_sharing_enabled":true,"_links":{"self":[{"href":"https:\/\/miradordeatarfe.es\/index.php?rest_route=\/wp\/v2\/posts\/79636","targetHints":{"allow":["GET"]}}],"collection":[{"href":"https:\/\/miradordeatarfe.es\/index.php?rest_route=\/wp\/v2\/posts"}],"about":[{"href":"https:\/\/miradordeatarfe.es\/index.php?rest_route=\/wp\/v2\/types\/post"}],"author":[{"embeddable":true,"href":"https:\/\/miradordeatarfe.es\/index.php?rest_route=\/wp\/v2\/users\/1"}],"replies":[{"embeddable":true,"href":"https:\/\/miradordeatarfe.es\/index.php?rest_route=%2Fwp%2Fv2%2Fcomments&post=79636"}],"version-history":[{"count":1,"href":"https:\/\/miradordeatarfe.es\/index.php?rest_route=\/wp\/v2\/posts\/79636\/revisions"}],"predecessor-version":[{"id":79638,"href":"https:\/\/miradordeatarfe.es\/index.php?rest_route=\/wp\/v2\/posts\/79636\/revisions\/79638"}],"wp:featuredmedia":[{"embeddable":true,"href":"https:\/\/miradordeatarfe.es\/index.php?rest_route=\/wp\/v2\/media\/79637"}],"wp:attachment":[{"href":"https:\/\/miradordeatarfe.es\/index.php?rest_route=%2Fwp%2Fv2%2Fmedia&parent=79636"}],"wp:term":[{"taxonomy":"category","embeddable":true,"href":"https:\/\/miradordeatarfe.es\/index.php?rest_route=%2Fwp%2Fv2%2Fcategories&post=79636"},{"taxonomy":"post_tag","embeddable":true,"href":"https:\/\/miradordeatarfe.es\/index.php?rest_route=%2Fwp%2Fv2%2Ftags&post=79636"}],"curies":[{"name":"wp","href":"https:\/\/api.w.org\/{rel}","templated":true}]}}