{"id":79639,"date":"2025-10-25T10:39:53","date_gmt":"2025-10-25T08:39:53","guid":{"rendered":"https:\/\/miradordeatarfe.es\/?p=79639"},"modified":"2025-10-25T11:23:20","modified_gmt":"2025-10-25T09:23:20","slug":"amama-la-fuerza-y-la-sororidad-de-las-mujeres-con-cancer-de-mama","status":"publish","type":"post","link":"https:\/\/miradordeatarfe.es\/?p=79639","title":{"rendered":"Amama, la fuerza y la sororidad de las mujeres con c\u00e1ncer de mama"},"content":{"rendered":"<h3 style=\"text-align: justify;\">El d\u00eda mundial para visibilizar el c\u00e1ncer de mama se ha conmemorado este a\u00f1o en plena crisis por los cribados, un problema que preocupa a Amama, que sigue adelante con su labor de apoyo y escucha a las mujeres con c\u00e1ncer de mama, una labor que desarrolla desde 1992.<\/h3>\n<p style=\"text-align: justify;\">La de este lunes fue una jornada de puertas abiertas en la Asociaci\u00f3n de Mujeres con C\u00e1ncer de Mama, Amama, en Granada. La iniciativa, en el marco del D\u00eda Mundial para visibilizar el C\u00e1ncer de Mama, fue una jornada de encuentro entre las mujeres que forman parte de la asociaci\u00f3n, que comenz\u00f3 sus pasos en 1992, pero tambi\u00e9n para dar a conocer su actividad. Una jornada de puertas abiertas para hablar y para escuchar.\u00a0<\/p>\n<p style=\"text-align: justify;\">Cuando comenz\u00f3 su andadura el colectivo hablar de c\u00e1ncer de mama era hablar de mujeres mastectomizadas. De hecho, as\u00ed figura el nombre de la asociaci\u00f3n en el registro. Los avances y la detecci\u00f3n precoz, tan importante y cuyos cimientos se han tambaleado con el esc\u00e1ndalo de los cribados, han hecho que hablar de c\u00e1ncer ya no sea hablar de muerte. La tasa de supervivencia se acerca al 85 por ciento. As\u00ed lo trasladaron este lunes las mujeres de Amama reunidas en la asociaci\u00f3n, que recibi\u00f3 tambi\u00e9n a <em>El Independiente de Granada\u00a0<\/em>en el marco de su jornada de puertas abiertas.<\/p>\n<p class=\"sumari\" style=\"text-align: justify;\">La crisis de los cribados, que ha aflorado los casos de mujeres que no fueron informadas de diagn\u00f3sticos dudosos al participar en ese programa de detecci\u00f3n precoz tan importante, se ha vivido \u00abcon rabia e impotencia\u00bb<\/p>\n<p style=\"text-align: justify;\">Por ese motivo, la crisis de los cribados, que ha aflorado los casos de mujeres que no fueron informadas de diagn\u00f3sticos dudosos al participar en ese programa de detecci\u00f3n precoz tan importante, se ha vivido \u00abcon rabia e impotencia\u00bb. Porque las mujeres afectadas se preguntan si esos fallos han impedido que mujeres se salven o han provocado que se corte una mama, cuando podr\u00eda no haberse llegado a ese punto.<\/p>\n<p style=\"text-align: justify;\">Clotilde Quesada, trabajadora social de Amama, explica a este diario que los testimonios de mujeres por esa crisis no paran de llegar a Amama Granada. Tambi\u00e9n de Ja\u00e9n, que tiene al Hospital Virgen de las Nieves de referencia, y de M\u00e1laga. Algunos testimonios, agrega Clotilde, son \u00abdesgarradores\u00bb.\u00a0<\/p>\n<p style=\"text-align: justify;\">Lo que est\u00e1 haciendo Amama, adem\u00e1s de escuchar, tan importante, y acompa\u00f1ar, es animar a todas las mujeres a que reclamen sus resultados. Que vuelvan a llamar, que insistan. Saben que no es f\u00e1cil romper las barreras administrativas y tambi\u00e9n de las dificultades para acceder a la Atenci\u00f3n Primaria, pero insiste: \u00abque vuelvan a llamar, que vuelvan a reclamar\u00bb.\u00a0<\/p>\n<p style=\"text-align: justify;\">Amama Granada ha pedido una reuni\u00f3n con el delegado de Salud en Granada, Indalecio S\u00e1nchez-Montesinos. Estaba fijada pero, motivos de agenda, se ha retrasado.<\/p>\n<div class=\"divdest\" style=\"text-align: justify;\">\n<div class=\"media media-element-container media-default\">\n<div id=\"file-120239\" class=\"file file-image file-image-jpeg\">\n<h2 class=\"element-invisible\"><img data-recalc-dims=\"1\" loading=\"lazy\" decoding=\"async\" class=\"media-element file-default alignleft\" src=\"https:\/\/i0.wp.com\/www.elindependientedegranada.es\/sites\/default\/files\/nani_y_antonia.jpg?resize=640%2C480&#038;ssl=1\" alt=\"\" width=\"640\" height=\"480\" data-delta=\"1\" \/><\/h2>\n<\/div>\n<\/div>\n<p>Nani Aguilar (izquierda) y Antonia Rueda, son socias de Amama Granada. Nani cuenta que est\u00e1 operada de las dos mamas y recuerda durante su conversaci\u00f3n los graves problemas que surgieron, por los efectos y diagn\u00f3sticos no acertados, durante los ciclos de quimioterapia. \u00abNi eso me ha frenado\u00bb, relata durante la conversaci\u00f3n junto a Antonia, en la que resaltan que en Amama no solo hablan de c\u00e1ncer. De nuevo, como antes otras compa\u00f1eras hab\u00edan se\u00f1alado, hablan de escuchar.\u00a0<\/p>\n<p>Tambi\u00e9n de las actividades y talleres que llevan a cabo, ajustados a un presupuesto muy escaso, recuerdan. Y uno de los actos m\u00e1s conocidos, un desfile de ba\u00f1adores y ropa. Animan a las mujeres j\u00f3venes a acercarse a la asociaci\u00f3n.<\/p>\n<p>Las dos coincidieron en subrayar la importancia del diagn\u00f3stico precoz. Y por ello se\u00f1alan que la edad para comenzar los cribados se debe adelantar, \u00aba los 40 por lo menos\u00bb. Lo sabe bien Antonia, que fue diagnosticada de c\u00e1ncer de mama con solo 47 a\u00f1os.\u00a0<\/p><\/div>\n<p style=\"text-align: justify;\">Entre las pr\u00f3ximas actividades previstas est\u00e1 la presentaci\u00f3n del proyecto Revela-CM, en el que Amama ha participado y que ha permitido, entre otras acciones, la elaboraci\u00f3n de una gu\u00eda laboral para mujeres que son diagnosticadas de c\u00e1ncer de mama. El objetivo es dar instrumentos a las mujeres para saber c\u00f3mo actuar. \u00abNo queremos ser la guerrera solitaria vestida de rosa\u00bb, resume Victoria Fern\u00e1ndez, que es la responsable del proyecto y que comparti\u00f3 este lunes las jornadas de puertas abiertas con Amama en la sede de Moral de la Magdalena.<\/p>\n<p style=\"text-align: justify;\">Los resultados del proyecto, en el que participan otras asociaciones, como Mariposa o Remama, y la UGR, entre otras entidades, se dar\u00e1n a conocer en la Casa de Mariana Pineda el pr\u00f3ximo 27 de octubre, a partir de las 18.00 horas.\u00a0<\/p>\n<div class=\"divdest\" style=\"text-align: justify;\">\n<div class=\"media media-element-container media-default\">\n<div id=\"file-120240\" class=\"file file-image file-image-jpeg\">\n<h2 class=\"element-invisible\"><img data-recalc-dims=\"1\" loading=\"lazy\" decoding=\"async\" class=\"media-element file-default\" src=\"https:\/\/i0.wp.com\/www.elindependientedegranada.es\/sites\/default\/files\/jornada_puertas_abiertas_2.jpg?resize=535%2C401&#038;ssl=1\" alt=\"\" width=\"535\" height=\"401\" data-delta=\"2\" \/> \u00a0<img data-recalc-dims=\"1\" loading=\"lazy\" decoding=\"async\" class=\"media-element file-default\" src=\"https:\/\/i0.wp.com\/www.elindependientedegranada.es\/sites\/default\/files\/amama.jpg?resize=550%2C442&#038;ssl=1\" alt=\"\" width=\"550\" height=\"442\" data-delta=\"3\" \/><\/h2>\n<\/div>\n<\/div>\n<p>\u00a0Otros momentos de la jornada de puertas abiertas en Amama.\u00a0<\/p><\/div>\n<p style=\"text-align: justify;\">\u00a0<\/p>\n<p style=\"text-align: justify;\">\u00a0<\/p>\n","protected":false},"excerpt":{"rendered":"<p>El d\u00eda mundial para visibilizar el c\u00e1ncer de mama se ha conmemorado este a\u00f1o en&#8230;<\/p>\n","protected":false},"author":1,"featured_media":79640,"comment_status":"closed","ping_status":"closed","sticky":false,"template":"","format":"standard","meta":{"_coblocks_attr":"","_coblocks_dimensions":"","_coblocks_responsive_height":"","_coblocks_accordion_ie_support":"","jetpack_post_was_ever_published":false,"_jetpack_newsletter_access":"","_jetpack_dont_email_post_to_subs":false,"_jetpack_newsletter_tier_id":0,"_jetpack_memberships_contains_paywalled_content":false,"_jetpack_memberships_contains_paid_content":false,"footnotes":"","jetpack_publicize_message":"","jetpack_publicize_feature_enabled":true,"jetpack_social_post_already_shared":true,"jetpack_social_options":{"image_generator_settings":{"template":"highway","default_image_id":0,"enabled":false},"version":2}},"categories":[1161,10781,44,10799],"tags":[],"class_list":["post-79639","post","type-post","status-publish","format-standard","has-post-thumbnail","hentry","category-ciudadania","category-granada","category-noticias-de-hoy","category-voluntariado"],"jetpack_publicize_connections":[],"jetpack_featured_media_url":"https:\/\/i0.wp.com\/miradordeatarfe.es\/wp-content\/uploads\/2025\/10\/amama_portada_1.jpg?fit=750%2C562&ssl=1","jetpack_likes_enabled":true,"jetpack_sharing_enabled":true,"_links":{"self":[{"href":"https:\/\/miradordeatarfe.es\/index.php?rest_route=\/wp\/v2\/posts\/79639","targetHints":{"allow":["GET"]}}],"collection":[{"href":"https:\/\/miradordeatarfe.es\/index.php?rest_route=\/wp\/v2\/posts"}],"about":[{"href":"https:\/\/miradordeatarfe.es\/index.php?rest_route=\/wp\/v2\/types\/post"}],"author":[{"embeddable":true,"href":"https:\/\/miradordeatarfe.es\/index.php?rest_route=\/wp\/v2\/users\/1"}],"replies":[{"embeddable":true,"href":"https:\/\/miradordeatarfe.es\/index.php?rest_route=%2Fwp%2Fv2%2Fcomments&post=79639"}],"version-history":[{"count":1,"href":"https:\/\/miradordeatarfe.es\/index.php?rest_route=\/wp\/v2\/posts\/79639\/revisions"}],"predecessor-version":[{"id":79641,"href":"https:\/\/miradordeatarfe.es\/index.php?rest_route=\/wp\/v2\/posts\/79639\/revisions\/79641"}],"wp:featuredmedia":[{"embeddable":true,"href":"https:\/\/miradordeatarfe.es\/index.php?rest_route=\/wp\/v2\/media\/79640"}],"wp:attachment":[{"href":"https:\/\/miradordeatarfe.es\/index.php?rest_route=%2Fwp%2Fv2%2Fmedia&parent=79639"}],"wp:term":[{"taxonomy":"category","embeddable":true,"href":"https:\/\/miradordeatarfe.es\/index.php?rest_route=%2Fwp%2Fv2%2Fcategories&post=79639"},{"taxonomy":"post_tag","embeddable":true,"href":"https:\/\/miradordeatarfe.es\/index.php?rest_route=%2Fwp%2Fv2%2Ftags&post=79639"}],"curies":[{"name":"wp","href":"https:\/\/api.w.org\/{rel}","templated":true}]}}