{"id":79642,"date":"2025-10-26T11:18:52","date_gmt":"2025-10-26T10:18:52","guid":{"rendered":"https:\/\/miradordeatarfe.es\/?p=79642"},"modified":"2025-10-25T13:22:23","modified_gmt":"2025-10-25T11:22:23","slug":"abuelos-por-alberto-granados","status":"publish","type":"post","link":"https:\/\/miradordeatarfe.es\/?p=79642","title":{"rendered":"\u00abABUELOS\u00bb por Alberto Granados"},"content":{"rendered":"<h3 style=\"text-align: justify;\">Desde hace unos a\u00f1os ejerzo el abuelato, esa especial condici\u00f3n familiar que me lleva a cuidar de mi nieto en la piscina, a comprarle cromos de Pok\u00e9mon, a recogerlo del colegio o a llevarlo a alg\u00fan cumplea\u00f1os. Son circunstancias normales en la vida actual, muy distinta de la que observ\u00e9 en los abuelos durante la \u00e9poca de mi ni\u00f1ez.<\/h3>\n<p style=\"text-align: justify;\">Tuve unos abuelos bastante peculiares. Mi abuelo materno, Dionisio, era miembro de una familia de viticultores manchegos. Todos se afanaban por el campo, que iban ampliando a\u00f1o a a\u00f1o, mientras so\u00f1aban con crear su propia bodega. Para ello, mi bisabuelo contaba con cinco hijos varones, pero la armon\u00eda se torci\u00f3 cuando mi abuelo plante\u00f3 que quer\u00eda ser militar e irse a la Academia de Toledo. Su padre accedi\u00f3, pero dejando claro que los gastos que esos caros estudios generaran iban a cuenta de herencia. El cadete Palacios termin\u00f3 el siglo XIX siendo teniente de Infanter\u00eda, aunque \u00e9l pidi\u00f3 el cambio del ej\u00e9rcito a la Guardia Civil, lo que le supuso perder su primer ascenso al haber cambiado de arma.<br \/>\nY uno de los primeros destinos fue el cuartel del pueblo en que nac\u00ed. All\u00ed, alg\u00fan guardia debi\u00f3 ponerlo en antecedentes de que mi familia materna ten\u00eda numerosos miembros en el ej\u00e9rcito e incluso en la Guardia Real. Y fue a casa de mis bisabuelos a presentarse y ofrecer sus servicios. All\u00ed conoci\u00f3 a una chica de 17 a\u00f1os que, con el tiempo, fue su esposa y mi abuela materna.<\/p>\n<p style=\"text-align: justify;\">Durante unos cuarenta a\u00f1os, mi t\u00eda y mi madre pasaron juntas sus tardes de viuda y el tema sali\u00f3 m\u00e1s de una vez, pero nunca se abrieron de capa, solamente dejaban ver una sonrisa que ampliaba la leyenda que circulaba por el pueblo: el teniente Palacios hab\u00eda mandado a los n\u00fameros del cuartel robar las gallinas que mis bisabuelos ten\u00edan en el huerto anexo al caser\u00f3n donde viv\u00edan, solo por tener un pretexto para entrar en la casa y ver a mi recatada abuela. Nunca sabr\u00e9 si se trata de una realidad o una leyenda, pero que un oficial de la Benem\u00e9rita provoque un robo por amor me parece algo m\u00e1s vinculado al realismo m\u00e1gico que a lo cotidiano: Garc\u00eda M\u00e1rquez hubiera escrito una novela con ese material, no se sabe si real o legendario.<\/p>\n<p style=\"text-align: justify;\">La pareja, casada en 1905, tuvo muchos hijos, la mayor de las cuales era mi madre. Y aquel teniente de la Guardia Civil fue ascendiendo poco a poco y termin\u00f3 llevando la Comandancia de Canarias y despu\u00e9s la de Ja\u00e9n, donde le sobrevino la Rep\u00fablica y, siendo conservador y mon\u00e1rquico, se acogi\u00f3 a la Ley Aza\u00f1a. Abandon\u00f3 su profesi\u00f3n con 63 a\u00f1os, a punto de obtener el generalato, pero estaba muy enfermo y los nuevos aires republicanos no le parecieron id\u00f3neos. Muri\u00f3 en 1933, con lo que se ahorr\u00f3 la guerra civil. Mi abuela le sigui\u00f3 de cuartel en cuartel por media Espa\u00f1a, le llen\u00f3 la casa de hijos y lo acompa\u00f1\u00f3 cuando estaba enfermo hasta su muerte.<\/p>\n<p style=\"text-align: justify;\">Si lo de implicarse en robar gallinas ya es raro, mi otro abuelo tambi\u00e9n tuvo su historia. Hijo de un m\u00e9dico mas\u00f3n, estudi\u00f3 Farmacia en la Universidad granadina y estableci\u00f3 en mi pueblo una botica de las de principios del siglo XX, con mil tarros de porcelana con los nombres bot\u00e1nicos de los principios que conten\u00edan, su autoclave, sus matraces, sus botes de laboratorio y su caj\u00f3n de los corchos, donde guardaba una arm\u00f3nica que tocaba cada vez que hab\u00eda un apag\u00f3n porque le exasperaba el silencio en la oscuridad. Solo sab\u00eda tocar La raspa y lo hac\u00eda bastante mal, pero era su forma de conjurar los apagones.<\/p>\n<p style=\"text-align: justify;\">Cuando mont\u00f3 la botica, era, para las chicas casaderas del pueblo, un partido apetecible, pero \u00e9l llevaba en secreto que ten\u00eda una novia en Granada: Carmen, una mujer muy sencilla, hija de una camisera de La Manigua. Cuando se casaron ella not\u00f3 que las dem\u00e1s se\u00f1oras le hac\u00edan el vac\u00edo por su origen humilde y ah\u00ed acab\u00f3 su vida p\u00fablica. Iba cada ma\u00f1ana a misa del alba y se encerraba en su casa, donde atend\u00eda la farmacia, los hijos (el mayor de ellos, mi padre), la casa y le\u00eda sin parar. La recuerdo, siempre dulce, con una pronunciaci\u00f3n netamente granadina y en su pecho un medall\u00f3n de oro de la Virgen de las Angustias, de la que siempre fue muy devota.<\/p>\n<p style=\"text-align: justify;\">El abuelo era impermeable al paso del tiempo. Llev\u00f3 capa hasta los sesenta, cuando nadie la llevaba y era ya un vestigio costumbrista de otro tiempo; pagaba los caf\u00e9s que tomaba o los pelados y afeitados que le hac\u00eda el barbero de al lado, al mismo precio de veinte o treinta a\u00f1os antes. Despu\u00e9s los hijos ten\u00edan que liquidar aquellas diferencias. <br \/>\nOtra demostraci\u00f3n de que jugaba con el tiempo a su capricho, era que le\u00eda el ABC hasta los anuncios por palabras, lo que implicaba que un peri\u00f3dico le durara varios d\u00edas y que acumulara un retraso de meses, y aun de a\u00f1os, en las noticias que iba descubriendo en su ejemplar. A consecuencia de ese retraso, ten\u00eda la rebotica hecha un almac\u00e9n de prensa, porque nunca lleg\u00f3 a ponerse al d\u00eda. Se enter\u00f3 de las bombas at\u00f3micas lanzadas sobre Jap\u00f3n cuando yo ten\u00eda nueve o diez a\u00f1os, es decir quince a\u00f1os despu\u00e9s de 1945. Apareci\u00f3 por mi casa muy alarmado para hablar con su hijo mayor, que tras tranquilizarlo, volvi\u00f3 a la mesa muerto de risa.<\/p>\n<p style=\"text-align: justify;\">Le gustaban los gatos, a los que acog\u00eda en su casa y les pon\u00eda nombres sacados de la aristocracia a los que a\u00f1ad\u00eda el t\u00edtulo: Sem\u00edramis, Emperatriz de Babilonia, gata remilgada donde las hubiera; el Bar\u00f3n von Bismarck, Mariscal de los ej\u00e9rcitos teutones, gato con espesos bigotes\u2026 Hablaba con ellos como si fueran nietos, o incluso con un lenguaje m\u00e1s afectivo. <br \/>\nGran lector de textos licenciosos franceses, lleg\u00f3 a tener una notable biblioteca galante, que a su muerte, mi padre y mi t\u00eda se apresuraron a eliminar, siguiendo el viejo uso espa\u00f1ol de la hoguera. Una verdadera pena.<\/p>\n<p style=\"text-align: justify;\">Recuerdo que el abuelo muri\u00f3 cuando yo ten\u00eda unos quince a\u00f1os. Como \u00e9ramos muchos nietos nos turn\u00e1bamos de noche. El silencio y la proximidad del enfermo propiciaron muchas horas de lectura. Alguien hab\u00eda llevado a casa de mi t\u00eda unas obras completas de Alejandro Casona, y poco a poco nos las fuimos leyendo, sin saber qui\u00e9n era el autor, ni las circunstancias de su exilio, pero recuerdo haber disfrutado mucho aquel teatro po\u00e9tico.<\/p>\n<p style=\"text-align: justify;\">Podr\u00eda contar miles de an\u00e9cdotas sobre esos pintorescos personajes que fueron mis abuelos, pero prefiero reflexionar sobre ese amplio margen de maniobra con que cuenta la Gen\u00e9tica, que deja en manos del azar la forma de ser con que nacemos, sin determinar del todo nuestro ser y nuestro futuro: ser\u00eda muy previsible si un reci\u00e9n nacido no contara con esa loter\u00eda de lo aleatorio que es, en \u00faltimo extremo, donde est\u00e1 el meollo de lo que ser\u00e1 un ser humano. Aunque siento un cordial afecto por mis abuelos, incluso por el que no llegu\u00e9 a conocer, me preocupar\u00eda haber heredado la tendencia de robar gallinas para acercarme a una mujer o manejar el tiempo como si fuera plastilina mientras toco La raspa cada vez que hay un apag\u00f3n.<\/p>\n<p style=\"text-align: justify;\">FOTO: https:\/\/www.svobodnaya-gruzia.com\/50966\/<\/p>\n","protected":false},"excerpt":{"rendered":"<p>Desde hace unos a\u00f1os ejerzo el abuelato, esa especial condici\u00f3n familiar que me lleva a&#8230;<\/p>\n","protected":false},"author":1,"featured_media":79643,"comment_status":"closed","ping_status":"closed","sticky":false,"template":"","format":"standard","meta":{"_coblocks_attr":"","_coblocks_dimensions":"","_coblocks_responsive_height":"","_coblocks_accordion_ie_support":"","jetpack_post_was_ever_published":false,"_jetpack_newsletter_access":"","_jetpack_dont_email_post_to_subs":false,"_jetpack_newsletter_tier_id":0,"_jetpack_memberships_contains_paywalled_content":false,"_jetpack_memberships_contains_paid_content":false,"footnotes":"","jetpack_publicize_message":"","jetpack_publicize_feature_enabled":true,"jetpack_social_post_already_shared":true,"jetpack_social_options":{"image_generator_settings":{"template":"highway","default_image_id":0,"enabled":false},"version":2}},"categories":[39,1161,44],"tags":[],"class_list":["post-79642","post","type-post","status-publish","format-standard","has-post-thumbnail","hentry","category-opinion-de-alberto-granados","category-ciudadania","category-noticias-de-hoy"],"jetpack_publicize_connections":[],"jetpack_featured_media_url":"https:\/\/i0.wp.com\/miradordeatarfe.es\/wp-content\/uploads\/2025\/10\/8-cosas-que-nuestros-abuelos-hicieron-con-sus-hijos-y-que-no-podrian-repetir-hoy-banner.jpg?fit=1200%2C628&ssl=1","jetpack_likes_enabled":true,"jetpack_sharing_enabled":true,"_links":{"self":[{"href":"https:\/\/miradordeatarfe.es\/index.php?rest_route=\/wp\/v2\/posts\/79642","targetHints":{"allow":["GET"]}}],"collection":[{"href":"https:\/\/miradordeatarfe.es\/index.php?rest_route=\/wp\/v2\/posts"}],"about":[{"href":"https:\/\/miradordeatarfe.es\/index.php?rest_route=\/wp\/v2\/types\/post"}],"author":[{"embeddable":true,"href":"https:\/\/miradordeatarfe.es\/index.php?rest_route=\/wp\/v2\/users\/1"}],"replies":[{"embeddable":true,"href":"https:\/\/miradordeatarfe.es\/index.php?rest_route=%2Fwp%2Fv2%2Fcomments&post=79642"}],"version-history":[{"count":1,"href":"https:\/\/miradordeatarfe.es\/index.php?rest_route=\/wp\/v2\/posts\/79642\/revisions"}],"predecessor-version":[{"id":79644,"href":"https:\/\/miradordeatarfe.es\/index.php?rest_route=\/wp\/v2\/posts\/79642\/revisions\/79644"}],"wp:featuredmedia":[{"embeddable":true,"href":"https:\/\/miradordeatarfe.es\/index.php?rest_route=\/wp\/v2\/media\/79643"}],"wp:attachment":[{"href":"https:\/\/miradordeatarfe.es\/index.php?rest_route=%2Fwp%2Fv2%2Fmedia&parent=79642"}],"wp:term":[{"taxonomy":"category","embeddable":true,"href":"https:\/\/miradordeatarfe.es\/index.php?rest_route=%2Fwp%2Fv2%2Fcategories&post=79642"},{"taxonomy":"post_tag","embeddable":true,"href":"https:\/\/miradordeatarfe.es\/index.php?rest_route=%2Fwp%2Fv2%2Ftags&post=79642"}],"curies":[{"name":"wp","href":"https:\/\/api.w.org\/{rel}","templated":true}]}}