{"id":79646,"date":"2025-10-27T11:35:11","date_gmt":"2025-10-27T10:35:11","guid":{"rendered":"https:\/\/miradordeatarfe.es\/?p=79646"},"modified":"2026-03-01T21:03:22","modified_gmt":"2026-03-01T20:03:22","slug":"muera-la-inteligencia-por-remedios-sanchez","status":"publish","type":"post","link":"https:\/\/miradordeatarfe.es\/?p=79646","title":{"rendered":"\u00abMUERA LA INTELIGENCIA\u00bb por  Remedios S\u00e1nchez"},"content":{"rendered":"<h3 style=\"text-align: justify;\">De Valencia a Buenos Aires, de Madrid hasta Albacete, ah\u00ed va Vito Quiles, por las universidades de Espa\u00f1a con su cruzada a la espalda, antorcha encendida ante la oscuridad del caos que habitamos, hombre s\u00f3lo ante el poder de una patria que ejerce a la vez de madre y de madrastra porque obliga a sus m\u00e1s preclaros hijos, a los que se han visto tocados por el hado del sutil discernimiento, como \u00e9l, a sacrificar su tiempo y sus desvelos en beneficio de la causa.<\/h3>\n<p style=\"text-align: justify;\">\u00bfY cu\u00e1l es la causa? La de siempre, evidentemente. La de protegernos a nosotros, plebe de mostrencos manipulados, de los desmanes de la desinformaci\u00f3n que genera el poder omn\u00edmodo (central o de autonom\u00edas, tanto da), ese al que le sacan los colores un d\u00eda s\u00ed y al siguiente tambi\u00e9n, una mayor\u00eda de medios de comunicaci\u00f3n. Pero, como los hechos sin pasar por el espejo deformador aburren, una cabeza como la suya, a fuerza de gritos y confrontaci\u00f3n en las plazas universitarias viene a modularlos; as\u00ed ha de hacer caer del pedestal a tantos miserables letrados con muceta, a tanto periodista impertinente que comete el desatino de atrincherarse en la indesmayable veracidad de la informaci\u00f3n.<\/p>\n<p style=\"text-align: justify;\">Lo suyo es otra cosa, desde luego: la chuler\u00eda rampante de un redentor en vaqueros; la reactualizaci\u00f3n, con polo de marca y exceso de autobronceador, de aquellos se\u00f1oritos de jaca torda y espuelas de plata que ven\u00edan a Andaluc\u00eda antiguamente para llevarse los dineros mientras invocaban a la patria. Luego la vend\u00edan (aunque esa sea otra historia), mientras el pueblo hist\u00f3ricamente la ha salvado con su sangre, que esto ya lo explic\u00f3 don Antonio Machado.<\/p>\n<p style=\"text-align: justify;\">Pero sucede que Quiles anda demasiado ocupado como para leer textos que superen los 280 caracteres, con lo que lo suyo es ir m\u00e1s al bulto, igual que un toro fiero que sale a la plaza y embiste incluso al burladero. Los suyos lo llaman bravura aunque t\u00e9cnicamente sea cuesti\u00f3n hormonal: el cortisol, ustedes saben. Vito se sube a las vallas, besa la bandera como si esto fuese una ofensa al espa\u00f1ol racional que no grita, deja que sus huestes le hagan fotos para las redes y se gusta. Se gusta mucho en su papel de Dem\u00f3stenes clandestino, de doctor de la ense\u00f1a preconstitucional; porque hay que tener valor para llevar el escudo del \u00e1guila a la Plaza de la Universidad, al espacio de horror, muerte y perfidia que fue la puerta del Gobierno Civil durante la sublevaci\u00f3n del 36. Debieran citarse aqu\u00ed los nombres de quienes salieron de all\u00ed camino del fusilamiento, culpables de ser decentes, gentes que quer\u00edan transformar el pa\u00eds con su trabajo, pero esto importa poco al modelo amoral y obsceno del fulano.<\/p>\n<p style=\"text-align: justify;\">\u00bfQui\u00e9nes fueron Garc\u00eda Lorca, Manuel Fern\u00e1ndez-Montesinos, Salvador Vila, Jos\u00e9 Palanco Romero, Agust\u00edn Escribano o cualquier otro de la n\u00f3mina revisada por historiadores de prestigio incuestionable como Manuel Titos o Miguel \u00c1ngel del Arco? \u00a0Pura irrelevancia para un fen\u00f3meno como \u00e9l, que, aunque lo imite con precisi\u00f3n milim\u00e9trica, dice despreciar a Mill\u00e1n Astray, jefe de prensa y propaganda de los golpistas. Y as\u00ed, tirando de testosterona \u00e1grafa, de deformaci\u00f3n de la realidad, de ignorancia rentable,\u00a0logra ser \u2018trending topic\u2019. Es la performance de impostura exhibicionista que revela el desaf\u00edo social que afrontamos. La necesidad apremiante de l\u00f3gica y raz\u00f3n para hacer frente a esta rabiosa majader\u00eda estulta.<\/p>\n<p style=\"text-align: justify;\">\u00a0<\/p>\n","protected":false},"excerpt":{"rendered":"<p>De Valencia a Buenos Aires, de Madrid hasta Albacete, ah\u00ed va Vito Quiles, por las&#8230;<\/p>\n","protected":false},"author":1,"featured_media":79647,"comment_status":"closed","ping_status":"closed","sticky":false,"template":"","format":"standard","meta":{"_coblocks_attr":"","_coblocks_dimensions":"","_coblocks_responsive_height":"","_coblocks_accordion_ie_support":"","jetpack_post_was_ever_published":false,"_jetpack_newsletter_access":"","_jetpack_dont_email_post_to_subs":false,"_jetpack_newsletter_tier_id":0,"_jetpack_memberships_contains_paywalled_content":false,"_jetpack_memberships_contains_paid_content":false,"footnotes":"","jetpack_publicize_message":"","jetpack_publicize_feature_enabled":true,"jetpack_social_post_already_shared":true,"jetpack_social_options":{"image_generator_settings":{"template":"highway","default_image_id":0,"enabled":false},"version":2}},"categories":[1161,10781,44,6914],"tags":[],"class_list":["post-79646","post","type-post","status-publish","format-standard","has-post-thumbnail","hentry","category-ciudadania","category-granada","category-noticias-de-hoy","category-opinion-de-reme-sanchez"],"jetpack_publicize_connections":[],"jetpack_featured_media_url":"https:\/\/i0.wp.com\/miradordeatarfe.es\/wp-content\/uploads\/2025\/10\/vito-quiles-granada_69.webp?fit=1280%2C720&ssl=1","jetpack_likes_enabled":true,"jetpack_sharing_enabled":true,"_links":{"self":[{"href":"https:\/\/miradordeatarfe.es\/index.php?rest_route=\/wp\/v2\/posts\/79646","targetHints":{"allow":["GET"]}}],"collection":[{"href":"https:\/\/miradordeatarfe.es\/index.php?rest_route=\/wp\/v2\/posts"}],"about":[{"href":"https:\/\/miradordeatarfe.es\/index.php?rest_route=\/wp\/v2\/types\/post"}],"author":[{"embeddable":true,"href":"https:\/\/miradordeatarfe.es\/index.php?rest_route=\/wp\/v2\/users\/1"}],"replies":[{"embeddable":true,"href":"https:\/\/miradordeatarfe.es\/index.php?rest_route=%2Fwp%2Fv2%2Fcomments&post=79646"}],"version-history":[{"count":2,"href":"https:\/\/miradordeatarfe.es\/index.php?rest_route=\/wp\/v2\/posts\/79646\/revisions"}],"predecessor-version":[{"id":79656,"href":"https:\/\/miradordeatarfe.es\/index.php?rest_route=\/wp\/v2\/posts\/79646\/revisions\/79656"}],"wp:featuredmedia":[{"embeddable":true,"href":"https:\/\/miradordeatarfe.es\/index.php?rest_route=\/wp\/v2\/media\/79647"}],"wp:attachment":[{"href":"https:\/\/miradordeatarfe.es\/index.php?rest_route=%2Fwp%2Fv2%2Fmedia&parent=79646"}],"wp:term":[{"taxonomy":"category","embeddable":true,"href":"https:\/\/miradordeatarfe.es\/index.php?rest_route=%2Fwp%2Fv2%2Fcategories&post=79646"},{"taxonomy":"post_tag","embeddable":true,"href":"https:\/\/miradordeatarfe.es\/index.php?rest_route=%2Fwp%2Fv2%2Ftags&post=79646"}],"curies":[{"name":"wp","href":"https:\/\/api.w.org\/{rel}","templated":true}]}}