{"id":7965,"date":"2016-04-03T09:00:30","date_gmt":"2016-04-03T09:00:30","guid":{"rendered":"http:\/\/miradordeatarfe.es\/?p=7965"},"modified":"2016-04-03T09:18:03","modified_gmt":"2016-04-03T09:18:03","slug":"abrileando-por-juan-alfredo-bellon","status":"publish","type":"post","link":"https:\/\/miradordeatarfe.es\/?p=7965","title":{"rendered":"ABRILEANDO por Juan Alfredo Bell\u00f3n"},"content":{"rendered":"<p><strong><em>ABRILEANDO, <\/em><\/strong><strong>Juan Alfredo Bell\u00f3n , <\/strong><strong>Para\u00a0 EL MIRADOR DE ATARFE, <\/strong><strong>del domingo 03-04-2016<\/strong><!--more--><\/p>\n<p><strong>\u00a0<\/strong><\/p>\n<p><strong>\u00a0\u00a0\u00a0\u00a0\u00a0\u00a0\u00a0\u00a0\u00a0\u00a0\u00a0\u00a0\u00a0\u00a0\u00a0 <\/strong>Cuando se escribe cabalgando entre marzo y abril, como ocurre con esta columna, se tiene la sensaci\u00f3n de andar a rebufo de la vitalidad de la primavera y de los inconvenientes de filtrar con los pulmones las pujanzas m\u00e1s invasivas de la vida, que intenta emerger a cualquier precio, a costa de lo que se le ponga por delante. Y si pasamos del terreno estrictamente meteorol\u00f3gico al m\u00e1s puramente bio-est\u00e9tico, diremos como anta\u00f1o que<em> marzo ventoso y abril lluvioso hacen a mayo florido y hermoso<\/em>. Ojal\u00e1.<\/p>\n<p>Y as\u00ed debe de ser porque, atendiendo a los ciclos de las temperaturas, las aguas dulcemente dispensadas y la luz solar en suave incremento, desembocan en el periodo preestival donde las flores y los frutos preparan su saz\u00f3n con la ayuda inestimable del viento y los insectos y las aves polinizadores, celestinos confesos de la armon\u00eda universal, no habiendo espacio natural (incluido el alf\u00e9izar de mi ventana) donde no se interpreten los c\u00e1nticos acompasados de rigor, tanto en los albores del amanecer, cuando emerge la aurora de ros\u00e1ceos dedos, como en la\u00a0 ca\u00edda de la tarde, cuando el sol se ba\u00f1a en sangre y sumerge lentamente lo rotundo de su color granate en la l\u00ednea del horizonte.<\/p>\n<p>Esta ma\u00f1ana he salido de casa para comprar el pan y la prensa y, al desembocar en Plaza Nueva, me ha reventado en la cara toda la luz de abril como si fuera un fogonazo incandescente de la primavera que, sin misericordia ni miramiento con mis dos retinas, tratara de ense\u00f1arme de un solo golpe de resplandor cu\u00e1nta luz acumula el universo\u00a0 y c\u00f3mo ese rel\u00e1mpago incandescente ba\u00f1a el cielo y la tierra, las personas, los animales y las plantas y especialmente las acu\u00e1ticas, que flotan y perfilan sus talles en las albercas del Albayc\u00edn, que ahora se reponen de tant\u00edsima visita semana santera. \u00a1Oj\u00fa cu\u00e1nta bulla! Ha sido tanta la gente que me ha preguntado por la ruta m\u00e1s conveniente para ir a la Plaza de San Nicol\u00e1s y a su mirador panor\u00e1mico, que he terminado por mandarla a la Fuente del Avellano, a ver si se le aclaraba la voz y se le pegaba algo de la malafoll\u00e1 de su autocton\u00eda.<\/p>\n<p>Y me da entonces por acordarme de Carlos Cano la fiesta de cuyo hipot\u00e9tico setenta aniversario celebramos el otro d\u00eda en el Palacio de los Deportes granadino: <em>\u00a1Abril para vivir&#8230;! <\/em>Para que luego digan que en Gran\u00e1 no hay primavera y que aqu\u00ed se pasa directamente del invierno al verano, sin transici\u00f3n.\u00a0 \u00bfQu\u00e9 ser\u00e1 pues lo que bulle estos d\u00edas por las calles y las placetas granadinas, por los callejones y los miradores, en los corazones de la chiquiller\u00eda y en la respiraci\u00f3n entrecortada de la adolescencia? <em>\u00a0<\/em>Seguramente Abril.<\/p>\n<p>Claro que el mismo abril mediterr\u00e1neo que en las playas de Lesbos, en el Estrecho de Sicilia o en las murallas de Chipre. El mismo abril que concita las emergencias vitales de los refugiados futboleando en los lodazales de Macedonia y en los pedregales de Turqu\u00eda, ausente Palmira de turistas occidentales y poblado su cielo de aviones rusos (&#8230;iba a decir <em>sovi\u00e9ticos<\/em>) mientras arden los rascacielos de los Emiratos y las gentes hacen cola en el Camp Nou recordando a Cruyff, aquel holand\u00e9s errante, flaco y estr\u00e1bico, que ense\u00f1\u00f3 al mundo lo que se pude hacer con una pelota si se sabe levantar la cabeza. Si hubiera que bautizar con un nombre ajeno a la publicidad a los estadios de f\u00fatbol, todos se llamar\u00edan igual, para mayor desesperaci\u00f3n de los merengones y de los cul\u00e9s separatistas: -Vamos al estadio Johan Cruyff para ver al Bayer jugar contra el Galatasaray.<\/p>\n<p>Y a Florentino le dar\u00eda un ataque de cuernos porque, siendo quien fue don Alfredo Di Stefano, a nadie se le ocurri\u00f3 bautizar con su nombre un campo de f\u00faltbol. Claro que se consolar\u00e1 pensando que Adolfo Su\u00e1rez muri\u00f3 despu\u00e9s que don Alfredo. Y que todav\u00eda tiene la plaza de toros de Las Ventas para cambiarle el nombre (el <em>coso-arena de Alfredo Di St\u00e9fano <\/em>estar\u00eda bien) y no quedarse atr\u00e1s emulando al Bar\u00e7a. Ni siquiera la estigmatizaci\u00f3n del catalanismo por inferencias sociopol\u00edticas interesadas est\u00e1 pudiendo acabar con la supremac\u00eda futbol\u00edstica blaugrana de los \u00faltimos treinta a\u00f1os. Y a las pruebas me remito. La de la hegemon\u00eda absoluta durante los presentes campeonatos de Liga y Copa, el resultado mayoritario de los \u00faltimos <em>cl\u00e1sicos <\/em>y el gesto que se les pone a Jos\u00e9 Mar\u00eda Aznar y a Mariano Rajoy estirajando aquel la jeta y el labio superior donde estuvo el bigote y gui\u00f1ando este el ojo izquierdo, en el palco de autoridades del Bernabeu, cuando el Madrid pierde, que parecen mismamente la representaci\u00f3n a d\u00fao de <em>La Consagraci\u00f3n de la Primavera <\/em>y la interpretaci\u00f3n de\u00a0 La del <em>Soto del Parral.<\/em> Aunque, para d\u00faos, bien valen los de Pedro S\u00e1nchez con Pablo Iglesias y Albert Rivera respectivamente, cantando todos, a coro, la gallina.<\/p>\n<p><em>\u00a0\u00a0\u00a0\u00a0\u00a0\u00a0\u00a0\u00a0\u00a0\u00a0\u00a0\u00a0\u00a0\u00a0\u00a0 <\/em>\u00a1Ay, redi\u00f3s, si Boticelli y Genov\u00e9s levantaran la cabeza!<\/p>\n","protected":false},"excerpt":{"rendered":"<p>ABRILEANDO, Juan Alfredo Bell\u00f3n , Para\u00a0 EL MIRADOR DE ATARFE, del domingo 03-04-2016<\/p>\n","protected":false},"author":1,"featured_media":7966,"comment_status":"closed","ping_status":"closed","sticky":false,"template":"","format":"standard","meta":{"_coblocks_attr":"","_coblocks_dimensions":"","_coblocks_responsive_height":"","_coblocks_accordion_ie_support":"","jetpack_post_was_ever_published":false,"_jetpack_newsletter_access":"","_jetpack_dont_email_post_to_subs":false,"_jetpack_newsletter_tier_id":0,"_jetpack_memberships_contains_paywalled_content":false,"_jetpack_memberships_contains_paid_content":false,"footnotes":"","jetpack_publicize_message":"","jetpack_publicize_feature_enabled":true,"jetpack_social_post_already_shared":false,"jetpack_social_options":{"image_generator_settings":{"template":"highway","default_image_id":0,"enabled":false},"version":2}},"categories":[36,9,44,15],"tags":[666,914],"class_list":["post-7965","post","type-post","status-publish","format-standard","has-post-thumbnail","hentry","category-opinion-de-juan-alfredo-bellon","category-medio-ambiente","category-noticias-de-hoy","category-ultimas-noticias","tag-futbol","tag-verano"],"jetpack_publicize_connections":[],"jetpack_featured_media_url":"https:\/\/i0.wp.com\/miradordeatarfe.es\/wp-content\/uploads\/2016\/04\/abril.jpg?fit=259%2C194&ssl=1","jetpack_likes_enabled":true,"jetpack_sharing_enabled":true,"_links":{"self":[{"href":"https:\/\/miradordeatarfe.es\/index.php?rest_route=\/wp\/v2\/posts\/7965","targetHints":{"allow":["GET"]}}],"collection":[{"href":"https:\/\/miradordeatarfe.es\/index.php?rest_route=\/wp\/v2\/posts"}],"about":[{"href":"https:\/\/miradordeatarfe.es\/index.php?rest_route=\/wp\/v2\/types\/post"}],"author":[{"embeddable":true,"href":"https:\/\/miradordeatarfe.es\/index.php?rest_route=\/wp\/v2\/users\/1"}],"replies":[{"embeddable":true,"href":"https:\/\/miradordeatarfe.es\/index.php?rest_route=%2Fwp%2Fv2%2Fcomments&post=7965"}],"version-history":[{"count":1,"href":"https:\/\/miradordeatarfe.es\/index.php?rest_route=\/wp\/v2\/posts\/7965\/revisions"}],"predecessor-version":[{"id":7967,"href":"https:\/\/miradordeatarfe.es\/index.php?rest_route=\/wp\/v2\/posts\/7965\/revisions\/7967"}],"wp:featuredmedia":[{"embeddable":true,"href":"https:\/\/miradordeatarfe.es\/index.php?rest_route=\/wp\/v2\/media\/7966"}],"wp:attachment":[{"href":"https:\/\/miradordeatarfe.es\/index.php?rest_route=%2Fwp%2Fv2%2Fmedia&parent=7965"}],"wp:term":[{"taxonomy":"category","embeddable":true,"href":"https:\/\/miradordeatarfe.es\/index.php?rest_route=%2Fwp%2Fv2%2Fcategories&post=7965"},{"taxonomy":"post_tag","embeddable":true,"href":"https:\/\/miradordeatarfe.es\/index.php?rest_route=%2Fwp%2Fv2%2Ftags&post=7965"}],"curies":[{"name":"wp","href":"https:\/\/api.w.org\/{rel}","templated":true}]}}