{"id":79651,"date":"2025-10-27T10:21:45","date_gmt":"2025-10-27T09:21:45","guid":{"rendered":"https:\/\/miradordeatarfe.es\/?p=79651"},"modified":"2025-10-27T10:29:29","modified_gmt":"2025-10-27T09:29:29","slug":"79651","status":"publish","type":"post","link":"https:\/\/miradordeatarfe.es\/?p=79651","title":{"rendered":"\u00abGRANADA ESTUVO EN LA MAREA ROSA DE SEVILLA POR EL CRIBADO DEL C\u00c1NCER DE MAMA\u00bb"},"content":{"rendered":"<h2>Desde la asociaci\u00f3n de mujeres AMAMA de Granada, La plataforma 8M25M, y CCOO\u00a0 y PSOE muchas mujeres y hombres hicieron acto de presencia en la concentraci\u00f3n ante el Palacio de San T\u00e9lmo en la lucha por el esc\u00e1ndalo del cribado del c\u00e1ncer de mama.<\/h2>\n<h3>Reproducimos el art\u00edculo de <strong>\u00a0Mar\u00eda Andrade publicado en el INDEPENDIENTE DE GRANADA : <a href=\"https:\/\/www.elindependientedegranada.es\/politica\/inmensa-marea-rosa-reprueba-gestion-sanitaria-moreno-pide-dimision-puertas-san-telmo\">https:\/\/www.elindependientedegranada.es\/politica\/inmensa-marea-rosa-reprueba-gestion-sanitaria-moreno-pide-dimision-puertas-san-telmo<\/a><\/strong><\/h3>\n<p style=\"text-align: justify;\"><em>Una inmensa marea rosa reprueba la gesti\u00f3n sanitaria de Moreno y pide su dimisi\u00f3n a las puertas de San Telmo.La protesta sin precedente desaprueba con dureza la gesti\u00f3n del Gobierno andaluz del PP en el esc\u00e1ndalo del cribado del c\u00e1ncer de mama, que extiende a una crisis de todo el sistema sanitario p\u00fablico al que Moreno la ha llevado.\u00a0\u00a0<\/em><\/p>\n<div class=\"cuerpo\">\n<p><em>Una impresionante marea ciudadana, -algunas fuentes la cifran en 30.000 personas- en la que predominaba el color rosa, como s\u00edmbolo del c\u00e1ncer de mama, tom\u00f3 este mediod\u00eda en Sevilla las inmediaciones de San Telmo, para reprobar con fuertes cr\u00edticas la gesti\u00f3n del Gobierno de Juan Manuel Moreno Bonilla en el cribado del c\u00e1ncer de mama. La ciudadan\u00eda respondi\u00f3 con creces y la movilizaci\u00f3n desbord\u00f3 todas las previsiones.<\/em><\/p>\n<p class=\"sumari\"><em>La protesta fue tan contundente y con pasajes tan emocionantes, con mujeres afectadas, visiblemente, preocupadas, algunas llorando, o mostrando sus mamograf\u00edas, ofreciendo sus dur\u00edsimos testimonios, llenos de retrasos en llamadas de hospitales, esperas interminables, angustia, desesperaci\u00f3n que supone una seria llamada de atenci\u00f3n de alto voltaje al Gobierno andaluz del PP<\/em><\/p>\n<p><em>La protesta fue tan contundente y con pasajes tan emocionantes, con mujeres afectadas, visiblemente, preocupadas, algunas llorando, o mostrando sus mamograf\u00edas, ofreciendo sus dur\u00edsimos testimonios, llenos de retrasos en llamadas de hospitales, esperas interminables, angustia, desesperaci\u00f3n que supone una seria llamada de atenci\u00f3n de alto voltaje al Gobierno andaluz del PP.<\/em><\/p>\n<p><em>Si en un mes, el Gobierno de Juan Manuel Moreno pas\u00f3 de \u201cpedir disculpas\u201d por el \u201cerror\u201d al desprecio a mujeres afectadas, al minimizar su dolor, y a asociaciones como Amama Sevilla, y a la oposici\u00f3n, en el Parlamento andaluz, la movilizaci\u00f3n de este domingo deja muy claro el sentir una ciudadan\u00eda harta de la soberbia del presidente andaluz y su n\u00famero dos, nuevo consejero de Sanidad, que sigue sin convencer en cada intervenci\u00f3n.<\/em><\/p>\n<p><em>Nutrida la inmensa concentraci\u00f3n -8.500 personas, seg\u00fan la Polic\u00eda Nacional- con representantes de asociaciones de mujeres llegadas de toda Andaluc\u00eda, entre ellas, Amama Sevilla, que dio visibilidad hace un mes al esc\u00e1ndalo en la sanidad andaluz, y respaldada por sindicatos y partidos pol\u00edticos de izquierda -con representantes presentes, pero en discretos segundos planos-. Tambi\u00e9n mujeres con c\u00e1ncer de mama y de otros tipos, afectadas por los retrasos injustificados de mamograf\u00edas, por los que la Fiscal\u00eda abri\u00f3 diligencias, y otra multitud, en su apoyo para demostrarles que no est\u00e1n solas.<\/em><\/p>\n<p><em>Desde antes del mediod\u00eda, hora se\u00f1alada para el inicio de la protesta, ya se escuchaban los c\u00e1nticos que luego no se dejaron o\u00edr, como \u201cAmama somos todas\u201d y otro un\u00e1nime: \u201cSanidad p\u00fablica\u201d, coreada con rotundidad en cada s\u00edlaba.<\/em><\/p>\n<div class=\"media media-element-container media-default\">\n<div id=\"file-120409\" class=\"file file-image file-image-jpeg\">\n<div class=\"content\"><em><img data-recalc-dims=\"1\" loading=\"lazy\" decoding=\"async\" class=\"media-element file-default alignleft\" src=\"https:\/\/i0.wp.com\/www.elindependientedegranada.es\/sites\/default\/files\/porunasanidad.jpeg?resize=554%2C416&#038;ssl=1\" alt=\"\" width=\"554\" height=\"416\" data-delta=\"1\" \/>\u00a0\u00a0<\/em><\/div>\n<\/div>\n<\/div>\n<div class=\"media media-element-container media-default\">\n<div id=\"file-120412\" class=\"file file-image file-image-jpeg\">\n<div class=\"content\"><em><img data-recalc-dims=\"1\" loading=\"lazy\" decoding=\"async\" class=\"media-element file-default\" src=\"https:\/\/i0.wp.com\/www.elindependientedegranada.es\/sites\/default\/files\/mas_1.jpeg?resize=574%2C431&#038;ssl=1\" alt=\"\" width=\"574\" height=\"431\" data-delta=\"4\" \/><\/em><\/div>\n<\/div>\n<\/div>\n<div class=\"media media-element-container media-default\">\n<div id=\"file-120411\" class=\"file file-image file-image-jpeg\">\n<div class=\"content\"><em><img data-recalc-dims=\"1\" loading=\"lazy\" decoding=\"async\" class=\"media-element file-default alignleft\" src=\"https:\/\/i0.wp.com\/www.elindependientedegranada.es\/sites\/default\/files\/nuestras_vidas.jpeg?resize=539%2C405&#038;ssl=1\" alt=\"\" width=\"539\" height=\"405\" data-delta=\"3\" \/><\/em><\/div>\n<\/div>\n<\/div>\n<div class=\"media media-element-container media-default\">\n<div id=\"file-120413\" class=\"file file-image file-image-jpeg\">\n<div class=\"content\"><em><img data-recalc-dims=\"1\" loading=\"lazy\" decoding=\"async\" class=\"media-element file-default\" src=\"https:\/\/i0.wp.com\/www.elindependientedegranada.es\/sites\/default\/files\/una_de_las_mujers.jpeg?resize=571%2C429&#038;ssl=1\" alt=\"\" width=\"571\" height=\"429\" data-delta=\"5\" \/><\/em><\/div>\n<\/div>\n<\/div>\n<h3 class=\"divdest\"><em><strong>Una amplia representaci\u00f3n de Granada acudi\u00f3 a Sevilla a la manifestaci\u00f3n<\/strong>. La mayor\u00eda en un autob\u00fas fletado por la organizaci\u00f3n provincial de CCOO, con su secretario general, Dani Mesa a la cabeza. Junto a ellos, adem\u00e1s de Amama Granada, con su presidenta, Encarna Guerrero, y otras integrantes de la asociaci\u00f3n, la siempre presente Plataforma 8M-25, con Paqui Fuillerat, al frente.<\/em><\/h3>\n<div class=\"divdest\">\n<div class=\"media media-element-container media-default\">\n<div id=\"file-120414\" class=\"file file-image file-image-jpeg\">\n<div class=\"content\"><em><img data-recalc-dims=\"1\" loading=\"lazy\" decoding=\"async\" class=\"media-element file-default alignleft\" src=\"https:\/\/i0.wp.com\/www.elindependientedegranada.es\/sites\/default\/files\/1_16.jpeg?resize=610%2C365&#038;ssl=1\" alt=\"\" width=\"610\" height=\"365\" data-delta=\"6\" \/><\/em><\/div>\n<\/div>\n<\/div>\n<div class=\"media media-element-container media-default\">\n<div id=\"file-120416\" class=\"file file-image file-image-jpeg\">\n<div class=\"content\"><em><img data-recalc-dims=\"1\" loading=\"lazy\" decoding=\"async\" class=\"media-element file-default\" src=\"https:\/\/i0.wp.com\/www.elindependientedegranada.es\/sites\/default\/files\/granda_bus_0.jpeg?resize=530%2C398&#038;ssl=1\" alt=\"\" width=\"530\" height=\"398\" data-delta=\"7\" \/><\/em><\/div>\n<\/div>\n<\/div>\n<\/div>\n<p><div class=\"jetpack-video-wrapper\"><iframe loading=\"lazy\" title=\"Una inmensa marea rosa reprueba la gesti\u00f3n sanitaria de Moreno y pide su dimisi\u00f3n\" width=\"640\" height=\"360\" src=\"https:\/\/www.youtube.com\/embed\/LVftT0kNiNo?feature=oembed\" frameborder=\"0\" allow=\"accelerometer; autoplay; clipboard-write; encrypted-media; gyroscope; picture-in-picture; web-share\" referrerpolicy=\"strict-origin-when-cross-origin\" allowfullscreen><\/iframe><\/div>\n<\/p>\n<p class=\"sumari\"><em>Por primera en siete a\u00f1os, los \u00faltimos cinco, con mayor\u00eda absoluta, se escucharon varias veces otro canto un\u00e1nime, en el que se ped\u00eda la dimisi\u00f3n de Moreno, el presidente andaluz que, como el consejero de Sanidad, Antonio Sanz, a\u00fan no han explicado qu\u00e9 sucedi\u00f3<\/em><\/p>\n<div><em>Convocada la movilizaci\u00f3n con el lema \u201cNuestras vidas no pueden esperar\u201d, la protesta sin precedentes a\u00f1adi\u00f3 un detalle singular. Por primera en siete a\u00f1os, los \u00faltimos cinco, con mayor\u00eda absoluta, se escucharon varias veces otro canto un\u00e1nime, en el que se ped\u00eda la dimisi\u00f3n de Moreno, el presidente andaluz que, como el consejero de Sanidad, Antonio Sanz, a\u00fan no han explicado qu\u00e9 sucedi\u00f3. Si bien, de los \u201ccuatro casos\u201d iniciales de la cesada consejera de Salud, Roc\u00edo Hern\u00e1ndez, la \u00faltima contabilizaci\u00f3n de la Junta ampli\u00f3 a 2.317 las mujeres afectadas. Amama da muchas miles m\u00e1s. Y cada d\u00eda reciben m\u00e1s denuncias.<\/em><\/div>\n<p><em>Y llegaron al estrado las representantes de las asociaciones de mujeres, entre ellas, la de Amama Granada, Encarna Guerrero, recibida con fuertes aplausos.<\/em><\/p>\n<p><em>Luego, \u00c1ngela Claverol, presidenta de Sevilla agradeci\u00f3, emocionada, la gran asistencia y a tantas personas que les paran por la calle para saludarlas, animarlas y darles las gracias. Y, dirigi\u00e9ndose al Gobierno andaluz -se\u00f1al\u00f3 el edificio de San Telmo- dijo: \u201cVoy a decir qui\u00e9nes somos, porque los de ese edificio no lo saben. Somos una asociaci\u00f3n con 30 a\u00f1os de historia, somos voluntarias, pacientes oncol\u00f3gicas y nos dejamos la piel para recaudar fondos para investigaci\u00f3n. A eso se dedica Amama\u201d.<\/em><\/p>\n<p class=\"sumari\"><em>\u00abYo soy pensionista oncol\u00f3gica. No soy de ning\u00fan partido. No me vendo por nada.<\/em><\/p>\n<p><em>\u00abYo soy pensionista oncol\u00f3gica. No soy de ning\u00fan partido. No me vendo por nada. Queremos morirnos de viejas, no de c\u00e1ncer\u201d, dijo Claverol, quien relat\u00f3 que, desde 2021, llevan peregrinando y alertando\u201d a los responsables de la Consejer\u00eda de los fallos en el cribado del c\u00e1ncer de mama, una verg\u00fcenza.<\/em><\/p>\n<p><em>\u201cEllos tienen miedo, se han puesto nerviosos porque no somos nada para ellos\u201d, dijo,\u00a0 tras afirmar que a los consejeros de Salud que ha tenido Moreno las v\u00edctimas de c\u00e1ncer de mama \u201cno les importamos una mierda\u201d.<\/em><\/p>\n<p class=\"sumari\"><em>\u201cEllos tienen miedo, se han puesto nerviosos porque no somos nada para ellos\u201d, dijo,\u00a0 tras afirmar que a los consejeros de Salud que ha tenido Moreno las v\u00edctimas de c\u00e1ncer de mama \u201cno les importamos una mierda\u201d<\/em><\/p>\n<div><em>Y as\u00ed, con los tres consejeros del PP, Jes\u00fas Aguirre, presidente ahora del Parlamento andaluz; Catalina Garc\u00eda, que sigue en el Gobierno y Roc\u00edo Hern\u00e1ndez, fue cr\u00edtica, pero, en especial, con la \u00faltima, a la que algunas de las mujeres que le acompa\u00f1aban en el escenario le contaron que \u201cle hab\u00eda destruido la vida\u201d.<\/em><\/div>\n<p><em>Entre gritos de d\u00f3nde estaba Canal Sur y contra la manipulaci\u00f3n de los medios sat\u00e9lites del PP, exigi\u00f3 que se conozca \u201cla dimensi\u00f3n real del problema\u201d y que se depuren \u201cresponsabilidades pol\u00edticas\u201d.<\/em><\/p>\n<p><em>Desde el estrado se lanzaron al cielo globos rosas. Y una esperanza.<\/em><\/p>\n<\/div>\n<p><em><strong>MAR\u00cdA ANDRADE<\/strong><\/em><\/p>\n<p><em>El Independiente de Granada<\/em><\/p>\n<p>&nbsp;<\/p>\n","protected":false},"excerpt":{"rendered":"<p>Desde la asociaci\u00f3n de mujeres AMAMA de Granada, La plataforma 8M25M, y CCOO\u00a0 y PSOE&#8230;<\/p>\n","protected":false},"author":1,"featured_media":79652,"comment_status":"closed","ping_status":"closed","sticky":false,"template":"","format":"standard","meta":{"_coblocks_attr":"","_coblocks_dimensions":"","_coblocks_responsive_height":"","_coblocks_accordion_ie_support":"","jetpack_post_was_ever_published":false,"_jetpack_newsletter_access":"","_jetpack_dont_email_post_to_subs":false,"_jetpack_newsletter_tier_id":0,"_jetpack_memberships_contains_paywalled_content":false,"_jetpack_memberships_contains_paid_content":false,"footnotes":"","jetpack_publicize_message":"","jetpack_publicize_feature_enabled":true,"jetpack_social_post_already_shared":true,"jetpack_social_options":{"image_generator_settings":{"template":"highway","default_image_id":0,"enabled":false},"version":2}},"categories":[1161,10781,44,10808],"tags":[],"class_list":["post-79651","post","type-post","status-publish","format-standard","has-post-thumbnail","hentry","category-ciudadania","category-granada","category-noticias-de-hoy","category-plataforma-8m25n"],"jetpack_publicize_connections":[],"jetpack_featured_media_url":"https:\/\/i0.wp.com\/miradordeatarfe.es\/wp-content\/uploads\/2025\/10\/portada_1.jpeg?fit=750%2C458&ssl=1","jetpack_likes_enabled":true,"jetpack_sharing_enabled":true,"_links":{"self":[{"href":"https:\/\/miradordeatarfe.es\/index.php?rest_route=\/wp\/v2\/posts\/79651","targetHints":{"allow":["GET"]}}],"collection":[{"href":"https:\/\/miradordeatarfe.es\/index.php?rest_route=\/wp\/v2\/posts"}],"about":[{"href":"https:\/\/miradordeatarfe.es\/index.php?rest_route=\/wp\/v2\/types\/post"}],"author":[{"embeddable":true,"href":"https:\/\/miradordeatarfe.es\/index.php?rest_route=\/wp\/v2\/users\/1"}],"replies":[{"embeddable":true,"href":"https:\/\/miradordeatarfe.es\/index.php?rest_route=%2Fwp%2Fv2%2Fcomments&post=79651"}],"version-history":[{"count":3,"href":"https:\/\/miradordeatarfe.es\/index.php?rest_route=\/wp\/v2\/posts\/79651\/revisions"}],"predecessor-version":[{"id":79655,"href":"https:\/\/miradordeatarfe.es\/index.php?rest_route=\/wp\/v2\/posts\/79651\/revisions\/79655"}],"wp:featuredmedia":[{"embeddable":true,"href":"https:\/\/miradordeatarfe.es\/index.php?rest_route=\/wp\/v2\/media\/79652"}],"wp:attachment":[{"href":"https:\/\/miradordeatarfe.es\/index.php?rest_route=%2Fwp%2Fv2%2Fmedia&parent=79651"}],"wp:term":[{"taxonomy":"category","embeddable":true,"href":"https:\/\/miradordeatarfe.es\/index.php?rest_route=%2Fwp%2Fv2%2Fcategories&post=79651"},{"taxonomy":"post_tag","embeddable":true,"href":"https:\/\/miradordeatarfe.es\/index.php?rest_route=%2Fwp%2Fv2%2Ftags&post=79651"}],"curies":[{"name":"wp","href":"https:\/\/api.w.org\/{rel}","templated":true}]}}