{"id":79660,"date":"2025-10-28T10:07:16","date_gmt":"2025-10-28T09:07:16","guid":{"rendered":"https:\/\/miradordeatarfe.es\/?p=79660"},"modified":"2025-10-27T13:09:40","modified_gmt":"2025-10-27T12:09:40","slug":"angela-claverol-creemos-que-pueden-ser-20-000-mujeres-afectadas-no-2-000-ni-2-317","status":"publish","type":"post","link":"https:\/\/miradordeatarfe.es\/?p=79660","title":{"rendered":"\u00c1ngela Claverol: \u00abCreemos que pueden ser 20.000 mujeres afectadas, no 2.000 ni 2.317\u00bb"},"content":{"rendered":"<h2 style=\"text-align: justify;\">La presidenta de AMAMA ha afirmado que aceptar\u00eda una reuni\u00f3n con la Junta de Andaluc\u00eda la pr\u00f3xima semana<\/h2>\n<p style=\"text-align: justify;\">La presidenta de la Asociaci\u00f3n de Mujeres con C\u00e1ncer de Mama (AMAMA), \u00c1ngela Claverol, ha vuelto a afirmar que se desconoce el n\u00famero de mujeres afectadas por los fallos en los cribados de c\u00e1ncer de mama, pese a que la Junta de Andaluc\u00eda las cifr\u00f3 el pasado viernes en 2.317. En la <a title=\"https:\/\/cadenaser.com\/andalucia\/2025\/10\/26\/sevilla-saca-a-la-calle-la-protesta-por-los-fallos-en-los-cribados-del-cancer-de-mama-radio-sevilla\/\" href=\"https:\/\/cadenaser.com\/andalucia\/2025\/10\/26\/sevilla-saca-a-la-calle-la-protesta-por-los-fallos-en-los-cribados-del-cancer-de-mama-radio-sevilla\/\" target=\"_blank\" rel=\"nofollow noopener\">manifestaci\u00f3n convocada a las puertas de la sede de la presidencia del Gobierno andaluz<\/a>, Claverol ha recalcado que \u00ablo \u00fanico que tienen que decir es qu\u00e9 ha pasado y cu\u00e1ntas mujeres hay afectadas porque nosotras creemos que pueden ser 20.000, no 2.000, ni 2.317\u00bb.<\/p>\n<p style=\"text-align: justify;\">Es una cifra que le han trasladado diferentes asociaciones, por lo que por estad\u00edstica, dice Claverol, creen que puede llegar a esa cifra: \u00abNo tenemos la cifra absoluta, con una seguridad absoluta. Pero s\u00ed vamos a emprender una campa\u00f1a para que nos digan qui\u00e9nes son, d\u00f3nde est\u00e1n y c\u00f3mo las podemos ayudar. Esto cada vez va a m\u00e1s, a m\u00e1s, porque a d\u00eda de hoy siguen llegando mujeres a AMAMA\u00bb.<\/p>\n<div id=\"cadenaser_gpt_178339-INTEXT\" style=\"text-align: justify;\" data-google-query-id=\"CIeztJWexJADFR_jDQkdbysqCw\">\n<div id=\"google_ads_iframe_7811748\/cadenaser_web\/radio_sevilla_0__container__\">Claverol ha manifestado su hartazgo \u00abpor las cortinas de humo\u00bb del Gobierno andaluz, al que ha instado a que \u00abpongan el foco en las mujeres\u00bb, puesto que \u00abnos va la vida literalmente en ello\u00bb.<\/div>\n<\/div>\n<p style=\"text-align: justify;\">Respecto a las comunicaciones que esta asociaci\u00f3n viene manteniendo con la Junta, Claverol ha dejado abierta la <a title=\"https:\/\/cadenaser.com\/andalucia\/2025\/10\/26\/el-consejero-de-sanidad-antonio-sanz-tiende-la-mano-a-amama-para-un-dialogo-claro-sincero-y-humilde-de-cara-a-trabajar-en-torno-al-cribado-del-cancer-de-mama-radio-sevilla\/\" href=\"https:\/\/cadenaser.com\/andalucia\/2025\/10\/26\/el-consejero-de-sanidad-antonio-sanz-tiende-la-mano-a-amama-para-un-dialogo-claro-sincero-y-humilde-de-cara-a-trabajar-en-torno-al-cribado-del-cancer-de-mama-radio-sevilla\/\" target=\"_blank\" rel=\"nofollow noopener\">posibilidad de un encuentro en caso de que se las convoque<\/a>: \u00abSi el se\u00f1or consejero de Sanidad, Antonio Sanz o Moreno Bonilla quiere que nos juntemos esta semana, iremos. Est\u00e1n utilizando como arma arrojadiza, que no queremos saber nada de ello, no le voy a dar ese gusto\u00bb.<\/p>\n<section class=\"c-sum la\">\n<p>M\u00e1s informaci\u00f3n<\/p>\n<ul>\n<li><a href=\"https:\/\/cadenaser.com\/andalucia\/2025\/10\/25\/la-junta-dejo-de-informar-a-las-mujeres-con-mamografias-sospechosas-desde-abril-de-2021-radio-sevilla\/\">La Junta dej\u00f3 de informar a las mujeres con mamograf\u00edas sospechosas desde abril de 2021<\/a><\/li>\n<li><a href=\"https:\/\/cadenaser.com\/andalucia\/2025\/10\/24\/la-junta-eleva-a-2317-las-mujeres-afectadas-por-fallos-en-cribado-de-cancer-radio-sevilla\/\">La Junta eleva a 2.317 las mujeres afectadas por fallos en cribado de c\u00e1ncer<\/a><\/li>\n<li><a href=\"https:\/\/cadenaser.com\/andalucia\/2025\/10\/25\/la-junta-de-andalucia-asegura-que-ningun-programa-informatico-informa-sobre-los-cribados-de-cancer-radio-sevilla\/\">Salud responde que ning\u00fan programa inform\u00e1tico informa sobre los cribados de c\u00e1ncer en Andaluc\u00eda<\/a><\/li>\n<\/ul>\n<\/section>\n<p style=\"text-align: justify;\">Por otro lado, la presidenta de AMAMA no ha precisado si van a presentar una demanda colectiva, pero s\u00ed que ha explicado que no paran de llegar m\u00e1s denuncias de afectadas por los errores en los cribados.<\/p>\n<p style=\"text-align: justify;\">Adem\u00e1s, Claverol ha pedido a la Junta que se ponga \u00aben el lugar del pueblo y de las personas\u00bb, despu\u00e9s de que \u00e9sta haya desmentido la modificaci\u00f3n de las pruebas diagn\u00f3sticas que esta semana denunciaban varias mujeres: \u00abQue se dediquen a lo que tienen que hacer. Que a m\u00ed me importa un r\u00e1bano la pol\u00edtica, que lo que quiero es que las atiendan, yo y todas las que estamos aqu\u00ed, y las miles de personas que estaban aqu\u00ed hoy\u00bb.<\/p>\n","protected":false},"excerpt":{"rendered":"<p>La presidenta de AMAMA ha afirmado que aceptar\u00eda una reuni\u00f3n con la Junta de Andaluc\u00eda&#8230;<\/p>\n","protected":false},"author":1,"featured_media":79662,"comment_status":"closed","ping_status":"closed","sticky":false,"template":"","format":"standard","meta":{"_coblocks_attr":"","_coblocks_dimensions":"","_coblocks_responsive_height":"","_coblocks_accordion_ie_support":"","jetpack_post_was_ever_published":false,"_jetpack_newsletter_access":"","_jetpack_dont_email_post_to_subs":false,"_jetpack_newsletter_tier_id":0,"_jetpack_memberships_contains_paywalled_content":false,"_jetpack_memberships_contains_paid_content":false,"footnotes":"","jetpack_publicize_message":"","jetpack_publicize_feature_enabled":true,"jetpack_social_post_already_shared":true,"jetpack_social_options":{"image_generator_settings":{"template":"highway","default_image_id":0,"enabled":false},"version":2}},"categories":[10791,1161,14,186,44],"tags":[],"class_list":["post-79660","post","type-post","status-publish","format-standard","has-post-thumbnail","hentry","category-andalucia","category-ciudadania","category-feminismo","category-instituciones","category-noticias-de-hoy"],"jetpack_publicize_connections":[],"jetpack_featured_media_url":"https:\/\/i0.wp.com\/miradordeatarfe.es\/wp-content\/uploads\/2025\/10\/Screenshot-2025-10-27-at-12-07-49-Angela-Claverol-Creemos-que-pueden-ser-20.000-mujeres-afectadas-no-2.000-ni-2.317-Radio-Sevilla-Cadena-SER.png?fit=573%2C282&ssl=1","jetpack_likes_enabled":true,"jetpack_sharing_enabled":true,"_links":{"self":[{"href":"https:\/\/miradordeatarfe.es\/index.php?rest_route=\/wp\/v2\/posts\/79660","targetHints":{"allow":["GET"]}}],"collection":[{"href":"https:\/\/miradordeatarfe.es\/index.php?rest_route=\/wp\/v2\/posts"}],"about":[{"href":"https:\/\/miradordeatarfe.es\/index.php?rest_route=\/wp\/v2\/types\/post"}],"author":[{"embeddable":true,"href":"https:\/\/miradordeatarfe.es\/index.php?rest_route=\/wp\/v2\/users\/1"}],"replies":[{"embeddable":true,"href":"https:\/\/miradordeatarfe.es\/index.php?rest_route=%2Fwp%2Fv2%2Fcomments&post=79660"}],"version-history":[{"count":1,"href":"https:\/\/miradordeatarfe.es\/index.php?rest_route=\/wp\/v2\/posts\/79660\/revisions"}],"predecessor-version":[{"id":79661,"href":"https:\/\/miradordeatarfe.es\/index.php?rest_route=\/wp\/v2\/posts\/79660\/revisions\/79661"}],"wp:featuredmedia":[{"embeddable":true,"href":"https:\/\/miradordeatarfe.es\/index.php?rest_route=\/wp\/v2\/media\/79662"}],"wp:attachment":[{"href":"https:\/\/miradordeatarfe.es\/index.php?rest_route=%2Fwp%2Fv2%2Fmedia&parent=79660"}],"wp:term":[{"taxonomy":"category","embeddable":true,"href":"https:\/\/miradordeatarfe.es\/index.php?rest_route=%2Fwp%2Fv2%2Fcategories&post=79660"},{"taxonomy":"post_tag","embeddable":true,"href":"https:\/\/miradordeatarfe.es\/index.php?rest_route=%2Fwp%2Fv2%2Ftags&post=79660"}],"curies":[{"name":"wp","href":"https:\/\/api.w.org\/{rel}","templated":true}]}}