{"id":79673,"date":"2025-10-30T11:00:03","date_gmt":"2025-10-30T10:00:03","guid":{"rendered":"https:\/\/miradordeatarfe.es\/?p=79673"},"modified":"2025-10-27T13:50:47","modified_gmt":"2025-10-27T12:50:47","slug":"atarfe-curso-basico-de-panaderia-y-bolleria","status":"publish","type":"post","link":"https:\/\/miradordeatarfe.es\/?p=79673","title":{"rendered":"ATARFE: CURSO B\u00c1SICO DE PANADER\u00cdA Y BOLLER\u00cdA"},"content":{"rendered":"<h3 dir=\"ltr\">EL AYUNTAMIENTO DE ATARFE JUNTO CON LA DIPUTACI\u00d3N PROVINCIAL CO0NVOCA ESTE CURSO PARA 30 PERSONAS DESEMPLEADAS, PERSONAS VULNERABLES CON O SIN DISCAPACIDAD Y CON RESERVA DEL 50% PARA MUJERES E INSCRIPCI\u00d3N HASTA EL 3 DE NOVIEMBRE DE 2025<\/h3>\n<p class=\"zfr3Q CDt4Ke \" dir=\"ltr\"><strong><span class=\"C9DxTc \">Fecha: <\/span><span class=\"C9DxTc \">Del 5 a 28 de Noviembre de 2025.<\/span><\/strong><\/p>\n<p class=\"zfr3Q CDt4Ke \" dir=\"ltr\"><strong><span class=\"C9DxTc \">Horario: 9:15 a 13:15 horas.<\/span><\/strong><\/p>\n<p class=\"zfr3Q CDt4Ke \" dir=\"ltr\"><strong><span class=\"C9DxTc \">Lugar: Centro C\u00edvico.<\/span><\/strong><\/p>\n<p class=\"zfr3Q CDt4Ke \" dir=\"ltr\"><strong><span class=\"C9DxTc \"><strong>Dirigido a los\/as empadronados en Atarfe<\/strong>.<\/span><\/strong><\/p>\n<p class=\"zfr3Q CDt4Ke \" dir=\"ltr\"><span class=\"C9DxTc \">Se dar\u00e1 prioridad a las personas desempleadas y\/o pertenecientes a colectivos con especiales dificultades sociolaborales o discapacidad. As\u00ed mismo, se reservar\u00e1 el 50% de plazas prioritarias para mujeres.<\/span><\/p>\n<p class=\"zfr3Q CDt4Ke \" dir=\"ltr\"><span class=\"C9DxTc \">Inscripciones: Espacio Joven de Atarfe, en horario de lunes a viernes de 9:00 a 14:00 horas, lunes y mi\u00e9rcoles de 19:30 a 21:30 horas, martes y jueves de 16:00 a 20:00 horas y viernes de 16:00 a 21:30 horas.<\/span><\/p>\n<p class=\"zfr3Q CDt4Ke \" dir=\"ltr\"><span class=\"C9DxTc \">M\u00e1s informaci\u00f3n: 676484703.<\/span><\/p>\n<p class=\"zfr3Q CDt4Ke \" dir=\"ltr\"><span class=\"C9DxTc \">Documento de Inscripci\u00f3n<\/span><\/p>\n<p class=\"zfr3Q CDt4Ke \" dir=\"ltr\"><a class=\"XqQF9c\" href=\"https:\/\/drive.google.com\/file\/d\/1CpbYEyhj1zeDCXdwtLzcSQ49jDORUfjp\/view?usp=sharing\" target=\"_blank\" rel=\"noopener\"><span class=\"C9DxTc aw5Odc \">https:\/\/drive.google.com\/file\/d\/1CpbYEyhj1zeDCXdwtLzcSQ49jDORUfjp\/view?usp=sharing<\/span><\/a><\/p>\n<p class=\"zfr3Q CDt4Ke \" dir=\"ltr\"><span class=\"C9DxTc \">Programa 1702 \u00abAcciones de formaci\u00f3n para el empleo sobre necesidades espec\u00edficas locales\u00bb Concertaci\u00f3n Local 2025.<\/span><\/p>\n<p dir=\"ltr\">foto: https:\/\/www.alcazarenformacion.es\/curso\/curso-especializacion-panaderia-bolleria-artesanales\/<img data-recalc-dims=\"1\" loading=\"lazy\" decoding=\"async\" class=\"wp-image-79674 size-full alignleft\" src=\"https:\/\/i0.wp.com\/miradordeatarfe.es\/wp-content\/uploads\/2025\/10\/curso-panaderia-bolleria.jpg?resize=600%2C849&#038;ssl=1\" alt=\"\" width=\"600\" height=\"849\" srcset=\"https:\/\/i0.wp.com\/miradordeatarfe.es\/wp-content\/uploads\/2025\/10\/curso-panaderia-bolleria.jpg?w=600&amp;ssl=1 600w, https:\/\/i0.wp.com\/miradordeatarfe.es\/wp-content\/uploads\/2025\/10\/curso-panaderia-bolleria.jpg?resize=212%2C300&amp;ssl=1 212w\" sizes=\"auto, (max-width: 600px) 100vw, 600px\" \/><\/p>\n","protected":false},"excerpt":{"rendered":"<p>EL AYUNTAMIENTO DE ATARFE JUNTO CON LA DIPUTACI\u00d3N PROVINCIAL CO0NVOCA ESTE CURSO PARA 30 PERSONAS&#8230;<\/p>\n","protected":false},"author":1,"featured_media":79675,"comment_status":"closed","ping_status":"closed","sticky":false,"template":"","format":"standard","meta":{"_coblocks_attr":"","_coblocks_dimensions":"","_coblocks_responsive_height":"","_coblocks_accordion_ie_support":"","jetpack_post_was_ever_published":false,"_jetpack_newsletter_access":"","_jetpack_dont_email_post_to_subs":false,"_jetpack_newsletter_tier_id":0,"_jetpack_memberships_contains_paywalled_content":false,"_jetpack_memberships_contains_paid_content":false,"footnotes":"","jetpack_publicize_message":"","jetpack_publicize_feature_enabled":true,"jetpack_social_post_already_shared":true,"jetpack_social_options":{"image_generator_settings":{"template":"highway","default_image_id":0,"enabled":false},"version":2}},"categories":[2,186,44],"tags":[],"class_list":["post-79673","post","type-post","status-publish","format-standard","has-post-thumbnail","hentry","category-atarfe","category-instituciones","category-noticias-de-hoy"],"jetpack_publicize_connections":[],"jetpack_featured_media_url":"https:\/\/i0.wp.com\/miradordeatarfe.es\/wp-content\/uploads\/2025\/10\/Panaderia-y-bolleria-artesanales-3.jpg?fit=1254%2C836&ssl=1","jetpack_likes_enabled":true,"jetpack_sharing_enabled":true,"_links":{"self":[{"href":"https:\/\/miradordeatarfe.es\/index.php?rest_route=\/wp\/v2\/posts\/79673","targetHints":{"allow":["GET"]}}],"collection":[{"href":"https:\/\/miradordeatarfe.es\/index.php?rest_route=\/wp\/v2\/posts"}],"about":[{"href":"https:\/\/miradordeatarfe.es\/index.php?rest_route=\/wp\/v2\/types\/post"}],"author":[{"embeddable":true,"href":"https:\/\/miradordeatarfe.es\/index.php?rest_route=\/wp\/v2\/users\/1"}],"replies":[{"embeddable":true,"href":"https:\/\/miradordeatarfe.es\/index.php?rest_route=%2Fwp%2Fv2%2Fcomments&post=79673"}],"version-history":[{"count":1,"href":"https:\/\/miradordeatarfe.es\/index.php?rest_route=\/wp\/v2\/posts\/79673\/revisions"}],"predecessor-version":[{"id":79676,"href":"https:\/\/miradordeatarfe.es\/index.php?rest_route=\/wp\/v2\/posts\/79673\/revisions\/79676"}],"wp:featuredmedia":[{"embeddable":true,"href":"https:\/\/miradordeatarfe.es\/index.php?rest_route=\/wp\/v2\/media\/79675"}],"wp:attachment":[{"href":"https:\/\/miradordeatarfe.es\/index.php?rest_route=%2Fwp%2Fv2%2Fmedia&parent=79673"}],"wp:term":[{"taxonomy":"category","embeddable":true,"href":"https:\/\/miradordeatarfe.es\/index.php?rest_route=%2Fwp%2Fv2%2Fcategories&post=79673"},{"taxonomy":"post_tag","embeddable":true,"href":"https:\/\/miradordeatarfe.es\/index.php?rest_route=%2Fwp%2Fv2%2Ftags&post=79673"}],"curies":[{"name":"wp","href":"https:\/\/api.w.org\/{rel}","templated":true}]}}