{"id":79682,"date":"2025-10-29T11:23:26","date_gmt":"2025-10-29T10:23:26","guid":{"rendered":"https:\/\/miradordeatarfe.es\/?p=79682"},"modified":"2025-10-28T10:53:22","modified_gmt":"2025-10-28T09:53:22","slug":"79682","status":"publish","type":"post","link":"https:\/\/miradordeatarfe.es\/?p=79682","title":{"rendered":"\u00abTATUAJES\u00bb por Alberto Granados"},"content":{"rendered":"<h3 style=\"text-align: justify;\">El tatuaje es la figura, texto o s\u00edmbolo trazado en la piel mediante incisiones que se rellenan de tinta. Ligado, se supone, a simbolog\u00edas religiosas, tambi\u00e9n se han encontrado muestras de tatuajes usados como identificadores tribales, elementos votivos o marcas para excluir de un grupo a los indeseables y criminales. Los restos paleontol\u00f3gicos permiten ver que el tatuaje ha sido un elemento com\u00fan en diferentes culturas que se ha practicado desde por lo menos cinco o seis mil a\u00f1os antes de Cristo.<\/h3>\n<p style=\"text-align: justify;\">Durante la mayor parte de mi vida, el tatuaje ha venido asociado a la novelesca copla que nos hablaba de aquel marinero hermoso y rubio como la cerveza que llevaba su pecho tatuado con ese nombre de mujer. seg\u00fan cantaba mi madre en la cocina, imitando a do\u00f1a Concha Piquer. Por lo dem\u00e1s, los tatuajes eran cosa de los estratos sociales m\u00e1s desfavorecidos, si no abiertamente marginales: legionarios medio zumbados, macarras del barrio chino de cualquier ciudad de medio pelo, marineros alcoholizados y otros espec\u00edmenes bizarros, de esos que la sociedad rechaza o, al menos, pone en cuarentena antes de inviarlos a tomar caf\u00e9 en casa.<\/p>\n<p style=\"text-align: justify;\">\nSin embargo, en las \u00faltimas d\u00e9cadas el tatuaje se ha impuesto como moda que ha alcanzado a todas las capas de la sociedad, d\u00e1ndose la enorme paradoja de que ha llegado a ser un elemento nivelador de otras diferencias socioecon\u00f3micas: ahora el CEO de una empresa del IBEX 35 y el operario de a pie, o la secretaria de direcci\u00f3n y la peluquera de barrio llevan los mismos tatuajes y se han gastado las mismas fortunas en tunearse la piel.Todo empez\u00f3 har\u00e1 unos veinte a\u00f1os. Los j\u00f3venes se hac\u00edan tatuajes en ese espacio m\u00ednimo que dejaba al descubierto en el hombro la manga corta de un jersey, en la cintura, en la pantorrilla o en el brazo.<\/p>\n<p style=\"text-align: justify;\">Por entonces eran dibujos muy esquem\u00e1ticos y simples: un peque\u00f1o delf\u00edn, la rosa de los vientos, una flor m\u00ednima o una mariposa hechos en un dibujo muy esquem\u00e1tico, apenas el perfil y sin sombreado ni sentido del espacio. Eran un adorno que ten\u00eda su gracia por su sencillez. Pero la tendencia fue ampli\u00e1ndose y los dibujos tatuados fueron haci\u00e9ndose m\u00e1s complejos cada vez. Ahora hac\u00eda falta mucha m\u00e1s tinta de distintos colores, apareci\u00f3 el sombreado y la sensaci\u00f3n de volumen y el nivel creativo fue cada vez m\u00e1s exigente. Tambi\u00e9n el precio, algo que no consigo explicarme en ciertos niveles socioecon\u00f3micos, aunque una dependienta a la que pregunt\u00e9 me habl\u00f3 de cifras fuera del alcance de su sueldo y de pr\u00e9stamos bancarios para poder afrontar el capricho. Tambi\u00e9n me habl\u00f3 del placer de ver su piel hecha un lienzo vivo.<\/p>\n<p style=\"text-align: justify;\">No me gusta una piel tatuada, pero estar\u00eda dispuesto a entender que alguien con erupciones, granos o poros intentara camuflar su defecto cut\u00e1neo. Lo que no puedo entender es que chicas que han recibido el regalo de una piel perfecta, como de porcelana, cometan la suprema barbarie de mancillarla con dibujos de tinta. Eso es un atropello que me rebela, aunque nunca he sido ni moralista, ni censor como para anatemizar a quienes se tat\u00faan. Pero conste que me crispa el fen\u00f3meno y que jam\u00e1s ser\u00e9 un maor\u00ed en materia de de esta nueva costumbre de la que solo sale beneficiado el tatuador.<\/p>\n<p>Alberto Granados<\/p>\n<p>PUBLICADO EN IDEAL EL 28 DE OCTUBRE DE 2025<\/p>\n<p>FOTO: https:\/\/www.okchicas.com\/belleza\/tatuajes\/21-estilos-de-tatuajes-debes-conocer\/<\/p>\n","protected":false},"excerpt":{"rendered":"<p>El tatuaje es la figura, texto o s\u00edmbolo trazado en la piel mediante incisiones que&#8230;<\/p>\n","protected":false},"author":1,"featured_media":79683,"comment_status":"closed","ping_status":"closed","sticky":false,"template":"","format":"standard","meta":{"_coblocks_attr":"","_coblocks_dimensions":"","_coblocks_responsive_height":"","_coblocks_accordion_ie_support":"","jetpack_post_was_ever_published":false,"_jetpack_newsletter_access":"","_jetpack_dont_email_post_to_subs":false,"_jetpack_newsletter_tier_id":0,"_jetpack_memberships_contains_paywalled_content":false,"_jetpack_memberships_contains_paid_content":false,"footnotes":"","jetpack_publicize_message":"","jetpack_publicize_feature_enabled":true,"jetpack_social_post_already_shared":true,"jetpack_social_options":{"image_generator_settings":{"template":"highway","default_image_id":0,"enabled":false},"version":2}},"categories":[39,1161,44,6937],"tags":[],"class_list":["post-79682","post","type-post","status-publish","format-standard","has-post-thumbnail","hentry","category-opinion-de-alberto-granados","category-ciudadania","category-noticias-de-hoy","category-sociedad"],"jetpack_publicize_connections":[],"jetpack_featured_media_url":"https:\/\/i0.wp.com\/miradordeatarfe.es\/wp-content\/uploads\/2025\/10\/Estilos-de-tatuajes-1-730x584.jpg.webp?fit=730%2C584&ssl=1","jetpack_likes_enabled":true,"jetpack_sharing_enabled":true,"_links":{"self":[{"href":"https:\/\/miradordeatarfe.es\/index.php?rest_route=\/wp\/v2\/posts\/79682","targetHints":{"allow":["GET"]}}],"collection":[{"href":"https:\/\/miradordeatarfe.es\/index.php?rest_route=\/wp\/v2\/posts"}],"about":[{"href":"https:\/\/miradordeatarfe.es\/index.php?rest_route=\/wp\/v2\/types\/post"}],"author":[{"embeddable":true,"href":"https:\/\/miradordeatarfe.es\/index.php?rest_route=\/wp\/v2\/users\/1"}],"replies":[{"embeddable":true,"href":"https:\/\/miradordeatarfe.es\/index.php?rest_route=%2Fwp%2Fv2%2Fcomments&post=79682"}],"version-history":[{"count":2,"href":"https:\/\/miradordeatarfe.es\/index.php?rest_route=\/wp\/v2\/posts\/79682\/revisions"}],"predecessor-version":[{"id":79685,"href":"https:\/\/miradordeatarfe.es\/index.php?rest_route=\/wp\/v2\/posts\/79682\/revisions\/79685"}],"wp:featuredmedia":[{"embeddable":true,"href":"https:\/\/miradordeatarfe.es\/index.php?rest_route=\/wp\/v2\/media\/79683"}],"wp:attachment":[{"href":"https:\/\/miradordeatarfe.es\/index.php?rest_route=%2Fwp%2Fv2%2Fmedia&parent=79682"}],"wp:term":[{"taxonomy":"category","embeddable":true,"href":"https:\/\/miradordeatarfe.es\/index.php?rest_route=%2Fwp%2Fv2%2Fcategories&post=79682"},{"taxonomy":"post_tag","embeddable":true,"href":"https:\/\/miradordeatarfe.es\/index.php?rest_route=%2Fwp%2Fv2%2Ftags&post=79682"}],"curies":[{"name":"wp","href":"https:\/\/api.w.org\/{rel}","templated":true}]}}