{"id":79686,"date":"2025-10-30T10:06:55","date_gmt":"2025-10-30T09:06:55","guid":{"rendered":"https:\/\/miradordeatarfe.es\/?p=79686"},"modified":"2025-10-30T11:06:27","modified_gmt":"2025-10-30T10:06:27","slug":"asi-sera-el-maristan-de-granada","status":"publish","type":"post","link":"https:\/\/miradordeatarfe.es\/?p=79686","title":{"rendered":"As\u00ed ser\u00e1 el Marist\u00e1n de Granada"},"content":{"rendered":"<h3><strong>Han pasado ya tres a\u00f1os desde que finaliz\u00f3 la primera fase del Marist\u00e1n y, poco a poco, trascienden algunos detalles sobre c\u00f3mo ser\u00e1 la segunda. <\/strong><\/h3>\n<p>Me lo contaba hace unos d\u00edas el arquitecto que est\u00e1 redactando el proyecto, Diego Garz\u00f3n, que est\u00e1 al frente de todas las grandes obras de restauraci\u00f3n en las que estaba inmerso Pedro Salmer\u00f3n hasta jubilarse. El objetivo final es que el visitante tenga una lectura general del patio como si se tratara de un parque arqueol\u00f3gico, de tal forma que se puedan ver los restos de las estancias de la planta baja sin reconstrucci\u00f3n. Tambi\u00e9n se recuperar\u00e1 la apariencia del edificio con una envolvente. \u00a1Ah!, y se rehabilitar\u00e1 la alberca.<\/p>\n<p><img data-recalc-dims=\"1\" loading=\"lazy\" decoding=\"async\" class=\"wp-image-79688 size-full alignleft\" src=\"https:\/\/i0.wp.com\/miradordeatarfe.es\/wp-content\/uploads\/2025\/10\/unnamed1.jpg?resize=560%2C337&#038;ssl=1\" alt=\"\" width=\"560\" height=\"337\" srcset=\"https:\/\/i0.wp.com\/miradordeatarfe.es\/wp-content\/uploads\/2025\/10\/unnamed1.jpg?w=560&amp;ssl=1 560w, https:\/\/i0.wp.com\/miradordeatarfe.es\/wp-content\/uploads\/2025\/10\/unnamed1.jpg?resize=300%2C181&amp;ssl=1 300w\" sizes=\"auto, (max-width: 560px) 100vw, 560px\" \/><\/p>\n<p><span style=\"font-size: 8pt;\">La primera fase de las obras se finaliz\u00f3 hace tres a\u00f1os. Pepe Mar\u00edn<\/span><\/p>\n<p>Fue entre 1365 y 1367. Tres a\u00f1os despu\u00e9s de que Muhammad V regresara a Granada, orden\u00f3 la erecci\u00f3n de un hospital enfrente de la Alhambra similar a los que hab\u00edan levantado los meren\u00edes en el norte de \u00c1frica \u2013el sult\u00e1n conoci\u00f3 estos equipamientos durante los a\u00f1os de destierro en Fez, entre su primero y su segundo reinado\u2013. Y as\u00ed fue c\u00f3mo se hizo el Marist\u00e1n en un solar donde hoy d\u00eda se encuentra la calle Ba\u00f1uelo, un edificio que fue desapareciendo como consecuencia de diferentes ocupaciones y usos, pero que s\u00ed conserv\u00f3 la &#8216;huella&#8217;. De ah\u00ed, de ese rastro, est\u00e1n tirando los expertos para que el Marist\u00e1n que ya estamos disfrutarando en el siglo XXI sea lo m\u00e1s parecido posible al del XIV. En el Museo de la Alhambra pueden ver la placa fundacional y algunos de los leones que hubo en el estanque.<\/p>\n<p><strong>\u00bfPodr\u00eda suceder el robo del Louvre en Granada?<\/strong><\/p>\n<p>Y hablando de museos, menudo histori\u00f3n lo del robo de las joyas de la corona en la galer\u00eda Apolo del Louvre. \u00bfPodr\u00eda pasar lo mismo en Granada? Es cierto que aqu\u00ed no se exhiben collares valorados en 88 millones de euros, pero tambi\u00e9n es igual de cierto que en la capital hay piezas muy importantes. Este domingo publiqu\u00e9 un reportaje en el que explicaba que los fondos m\u00e1s valiosos se guardan en c\u00e1maras acorazadas. <a href=\"https:\/\/www.ideal.es\/granada\/cuatro-camaras-acorazadas-blindar-obras-libros-joyas-20251026233637-nt_amp.html#vli=su-carta-4-1&amp;vca=1000-320-patrimonio_granada_0688&amp;vso=nw&amp;vmc=patrimonio_granada_0688&amp;vus=_guid_Ly4QnLjZpHbQuHJwzGdeNA==\" target=\"_blank\" rel=\"noopener\" data-saferedirecturl=\"https:\/\/www.google.com\/url?q=https:\/\/www.ideal.es\/granada\/cuatro-camaras-acorazadas-blindar-obras-libros-joyas-20251026233637-nt_amp.html%23vli%3Dsu-carta-4-1%26vca%3D1000-320-patrimonio_granada_0688%26vso%3Dnw%26vmc%3Dpatrimonio_granada_0688%26vus%3D_guid_Ly4QnLjZpHbQuHJwzGdeNA%3D%3D&amp;source=gmail&amp;ust=1761732343153000&amp;usg=AOvVaw3mbXWEfpT4fOj7-RZ1i0aE\">\u00c9chale un vistazo<\/a>.<\/p>\n<p>C\u00f3mo me alegro de que se haya resuelto el entuerto del cuadro de Picasso que nunca lleg\u00f3 a Granada. La Fundaci\u00f3n CajaGranada cuenta con grandes profesionales que no se merec\u00edan que nadie dudara de ellos. La investigaci\u00f3n ha determinado que <a href=\"https:\/\/www.ideal.es\/granada\/picasso-perdido-hallado-mes-despues-bloque-dueno-20251024161252-nt.html#vli=su-carta-4-2&amp;vca=1000-320-patrimonio_granada_0688&amp;vso=nw&amp;vmc=patrimonio_granada_0688&amp;vus=_guid_Ly4QnLjZpHbQuHJwzGdeNA==\" target=\"_blank\" rel=\"noopener\" data-saferedirecturl=\"https:\/\/www.google.com\/url?q=https:\/\/www.ideal.es\/granada\/picasso-perdido-hallado-mes-despues-bloque-dueno-20251024161252-nt.html%23vli%3Dsu-carta-4-2%26vca%3D1000-320-patrimonio_granada_0688%26vso%3Dnw%26vmc%3Dpatrimonio_granada_0688%26vus%3D_guid_Ly4QnLjZpHbQuHJwzGdeNA%3D%3D&amp;source=gmail&amp;ust=1761732343153000&amp;usg=AOvVaw1tfvNRgQ_pLPQN9Dyv3uFD\">el bodeg\u00f3n se extravi\u00f3 en la casa de su due\u00f1o<\/a>. Telita.<\/p>\n<p><img data-recalc-dims=\"1\" loading=\"lazy\" decoding=\"async\" class=\"wp-image-79687 size-full alignright\" src=\"https:\/\/i0.wp.com\/miradordeatarfe.es\/wp-content\/uploads\/2025\/10\/unnamed2.jpg?resize=559%2C337&#038;ssl=1\" alt=\"\" width=\"559\" height=\"337\" srcset=\"https:\/\/i0.wp.com\/miradordeatarfe.es\/wp-content\/uploads\/2025\/10\/unnamed2.jpg?w=559&amp;ssl=1 559w, https:\/\/i0.wp.com\/miradordeatarfe.es\/wp-content\/uploads\/2025\/10\/unnamed2.jpg?resize=300%2C181&amp;ssl=1 300w\" sizes=\"auto, (max-width: 559px) 100vw, 559px\" \/><\/p>\n<p><span style=\"font-size: 8pt;\">C\u00e1mara acorazada del Hospital Real. Jorge Pastor<\/span><\/p>\n<p>Todo lo que se conserva en nuestros archivos tiene que mantenerse en perfectas condiciones. Como sucede con el del Nodo, el noticiero franquista de la televisi\u00f3n. Ahora TVE est\u00e1 revisando las cintas y difundiendo reportajes que fueron censurados por inapropiados para el r\u00e9gimen. Como el del 5 a las 5 de 1976, el primero. El Nodo meti\u00f3 en la nevera tanto el acto de la ma\u00f1ana en el Hospital Real como el de por la tarde junto a la casa natal de Federico Garc\u00eda Lorca en Fuente Vaqueros. Ideal s\u00ed que inform\u00f3 de todo. <a href=\"https:\/\/www.ideal.es\/culturas\/imagenes-censuradas-20251026234020-nt_amp.html#vli=su-carta-4-3&amp;vca=1000-320-patrimonio_granada_0688&amp;vso=nw&amp;vmc=patrimonio_granada_0688&amp;vus=_guid_Ly4QnLjZpHbQuHJwzGdeNA==\" target=\"_blank\" rel=\"noopener\" data-saferedirecturl=\"https:\/\/www.google.com\/url?q=https:\/\/www.ideal.es\/culturas\/imagenes-censuradas-20251026234020-nt_amp.html%23vli%3Dsu-carta-4-3%26vca%3D1000-320-patrimonio_granada_0688%26vso%3Dnw%26vmc%3Dpatrimonio_granada_0688%26vus%3D_guid_Ly4QnLjZpHbQuHJwzGdeNA%3D%3D&amp;source=gmail&amp;ust=1761732343153000&amp;usg=AOvVaw3G0I1ExCwnVHFRIeW5bYAo\">Qu\u00e9 preciosa cr\u00f3nica escribi\u00f3 mi compa\u00f1ero Antonio Ramos<\/a>, por cierto.<\/p>\n<p>&nbsp;<\/p>\n<p><a href=\"http:\/\/click.comunicacion.ideal.es\/?qs=a5ae1aa490f77e525b2005310049cf7c6455092a84b6318c92c2aa1f22c2692459a974aab9bc72e14c5a489b6e8dc21ab22d636707a7f517e860235cf1cfd957\" target=\"_blank\" rel=\"noopener\" data-saferedirecturl=\"https:\/\/www.google.com\/url?q=http:\/\/click.comunicacion.ideal.es\/?qs%3Da5ae1aa490f77e525b2005310049cf7c6455092a84b6318c92c2aa1f22c2692459a974aab9bc72e14c5a489b6e8dc21ab22d636707a7f517e860235cf1cfd957&amp;source=gmail&amp;ust=1761732343153000&amp;usg=AOvVaw2gaqT6jFl11KFs-35zyakH\"><strong>Jorge Pastor<\/strong> <\/a><\/p>\n<p>FOTO: La segunda fase de las obras del Marist\u00e1n contempla la recuperaci\u00f3n de la alberca. Pepe Mar\u00edn<\/p>\n<p>PUBLICADO EN IDEAL: https:\/\/view.comunicacion.ideal.es\/?qs=f9cda13d217d10986dd698ab1f0c8228d8f7efb0d52bebcfefa932151ed0ae8b6bcf5fdd25e8446d1033468da135c1d31a34c87ef07ca30fd4a32a8b10da2997b211844f3e840c441226bd02840ef416<\/p>\n","protected":false},"excerpt":{"rendered":"<p>Han pasado ya tres a\u00f1os desde que finaliz\u00f3 la primera fase del Marist\u00e1n y, poco&#8230;<\/p>\n","protected":false},"author":1,"featured_media":79689,"comment_status":"closed","ping_status":"closed","sticky":false,"template":"","format":"standard","meta":{"_coblocks_attr":"","_coblocks_dimensions":"","_coblocks_responsive_height":"","_coblocks_accordion_ie_support":"","jetpack_post_was_ever_published":false,"_jetpack_newsletter_access":"","_jetpack_dont_email_post_to_subs":false,"_jetpack_newsletter_tier_id":0,"_jetpack_memberships_contains_paywalled_content":false,"_jetpack_memberships_contains_paid_content":false,"footnotes":"","jetpack_publicize_message":"","jetpack_publicize_feature_enabled":true,"jetpack_social_post_already_shared":false,"jetpack_social_options":{"image_generator_settings":{"template":"highway","default_image_id":0,"enabled":false},"version":2}},"categories":[10797,1161,10781,44],"tags":[],"class_list":["post-79686","post","type-post","status-publish","format-standard","has-post-thumbnail","hentry","category-ciencia","category-ciudadania","category-granada","category-noticias-de-hoy"],"jetpack_publicize_connections":[],"jetpack_featured_media_url":"https:\/\/i0.wp.com\/miradordeatarfe.es\/wp-content\/uploads\/2025\/10\/unnamed-4.jpg?fit=560%2C337&ssl=1","jetpack_likes_enabled":true,"jetpack_sharing_enabled":true,"_links":{"self":[{"href":"https:\/\/miradordeatarfe.es\/index.php?rest_route=\/wp\/v2\/posts\/79686","targetHints":{"allow":["GET"]}}],"collection":[{"href":"https:\/\/miradordeatarfe.es\/index.php?rest_route=\/wp\/v2\/posts"}],"about":[{"href":"https:\/\/miradordeatarfe.es\/index.php?rest_route=\/wp\/v2\/types\/post"}],"author":[{"embeddable":true,"href":"https:\/\/miradordeatarfe.es\/index.php?rest_route=\/wp\/v2\/users\/1"}],"replies":[{"embeddable":true,"href":"https:\/\/miradordeatarfe.es\/index.php?rest_route=%2Fwp%2Fv2%2Fcomments&post=79686"}],"version-history":[{"count":1,"href":"https:\/\/miradordeatarfe.es\/index.php?rest_route=\/wp\/v2\/posts\/79686\/revisions"}],"predecessor-version":[{"id":79690,"href":"https:\/\/miradordeatarfe.es\/index.php?rest_route=\/wp\/v2\/posts\/79686\/revisions\/79690"}],"wp:featuredmedia":[{"embeddable":true,"href":"https:\/\/miradordeatarfe.es\/index.php?rest_route=\/wp\/v2\/media\/79689"}],"wp:attachment":[{"href":"https:\/\/miradordeatarfe.es\/index.php?rest_route=%2Fwp%2Fv2%2Fmedia&parent=79686"}],"wp:term":[{"taxonomy":"category","embeddable":true,"href":"https:\/\/miradordeatarfe.es\/index.php?rest_route=%2Fwp%2Fv2%2Fcategories&post=79686"},{"taxonomy":"post_tag","embeddable":true,"href":"https:\/\/miradordeatarfe.es\/index.php?rest_route=%2Fwp%2Fv2%2Ftags&post=79686"}],"curies":[{"name":"wp","href":"https:\/\/api.w.org\/{rel}","templated":true}]}}