{"id":79699,"date":"2025-10-31T09:15:50","date_gmt":"2025-10-31T08:15:50","guid":{"rendered":"https:\/\/miradordeatarfe.es\/?p=79699"},"modified":"2025-10-29T10:26:28","modified_gmt":"2025-10-29T09:26:28","slug":"maria-perez-nominada-como-mejor-atleta-femenina-mundial-del-ano","status":"publish","type":"post","link":"https:\/\/miradordeatarfe.es\/?p=79699","title":{"rendered":"Mar\u00eda P\u00e9rez, nominada como mejor atleta femenina mundial del a\u00f1o"},"content":{"rendered":"<h2 class=\"single-subtitle\" style=\"text-align: justify;\">La marchadora competir\u00e1 con Peres Jepchirchir, Tigs Assefa, Sifan Hassan y Agnes Ngetich<\/h2>\n<p style=\"text-align: justify;\"><strong>Mar\u00eda P\u00e9rez<\/strong> contin\u00faa haciendo historia. La atleta granadina ha sido nominada por &#8216;World Athletic&#8217; como candidata a <strong>mejor atleta femenina mundial del a\u00f1o<\/strong>. Toda una proeza para la de Orce tras cuajar un grandioso a\u00f1o donde ha revalidado sus t\u00edtulos mundiales en Tokio.<\/p>\n<div class=\"code-block code-block-70b1b7fc60ecf882f79eef3c3eb82c3d code-block-76\" style=\"text-align: justify;\"><ins id=\"revive-0-4\" data-revive-zoneid=\"48\" data-revive-id=\"3675e576db6d1cc6cb6554b6e5954dc7\" data-revive-seq=\"4\" data-revive-loaded=\"1\"><\/p>\n<div id=\"beacon_ff08d2169f\"><img loading=\"lazy\" decoding=\"async\" src=\"https:\/\/granadadigitaladserver.granadadigital.es\/www\/delivery\/lg.php?bannerid=0&amp;campaignid=0&amp;zoneid=48&amp;loc=https%3A%2F%2Fwww.granadadigital.es%2Fmaria-perez-atleta-mundial%2F&amp;referer=https%3A%2F%2Fwww.granadadigital.es%2F&amp;cb=ff08d2169f\" alt=\"\" width=\"0\" height=\"0\" \/>La atleta competir\u00e1 con Peres Jepchirchir, Tigs Assefa, Sifan Hassan y Agnes Ngetich en su modalidad. Las elecciones estar\u00e1n abiertas hasta este domingo en la madrugrada.<\/div>\n<p><\/ins><\/div>\n<div class=\"code-block code-block-70b1b7fc60ecf882f79eef3c3eb82c3d code-block-81\" style=\"text-align: justify;\"><ins id=\"revive-0-5\" data-revive-zoneid=\"106\" data-revive-id=\"3675e576db6d1cc6cb6554b6e5954dc7\" data-revive-seq=\"5\" data-revive-loaded=\"1\"><\/p>\n<div id=\"beacon_8180eca571\"><img loading=\"lazy\" decoding=\"async\" src=\"https:\/\/granadadigitaladserver.granadadigital.es\/www\/delivery\/lg.php?bannerid=5282&amp;campaignid=3158&amp;zoneid=106&amp;loc=https%3A%2F%2Fwww.granadadigital.es%2Fmaria-perez-atleta-mundial%2F&amp;referer=https%3A%2F%2Fwww.granadadigital.es%2F&amp;cb=8180eca571\" alt=\"\" width=\"0\" height=\"0\" \/><strong data-start=\"284\" data-end=\"357\">Un a\u00f1o para la historia del atletismo espa\u00f1ol<\/strong><\/div>\n<p><\/ins><\/div>\n<p style=\"text-align: justify;\" data-start=\"361\" data-end=\"1123\">Mar\u00eda P\u00e9rez no ha dejado espacio para la duda. 2024 y 2025 han sido los a\u00f1os en los que su nombre se ha grabado con letras de oro en la historia del atletismo mundial. La marchadora granadina ha firmado una temporada de ensue\u00f1o en la que cada paso ha sido una declaraci\u00f3n de fuerza, talento y superaci\u00f3n.<\/p>\n<p style=\"text-align: justify;\" data-start=\"361\" data-end=\"1123\">Tras brillar en los <a href=\"https:\/\/www.granadadigital.es\/maria-perez-mejor-marchadora-espanola-todos-tiempos\/\"><strong>Juegos Ol\u00edmpicos de Par\u00eds 2024<\/strong><\/a> con un oro en la prueba mixta de marcha \u2014junto a su inseparable compa\u00f1ero de disciplina, \u00c1lvaro Mart\u00edn\u2014 y una plata en los 20 kil\u00f3metros individuales, la atleta de Orce volvi\u00f3 a superarse en el <strong><a href=\"https:\/\/www.granadadigital.es\/maria-perez-tokio-redencion\/\">Mundial de Tokio 2025<\/a><\/strong>, donde conquist\u00f3 el doblete dorado: campeona mundial en 20 y 35 kil\u00f3metros marcha. Un hito hist\u00f3rico que nadie antes hab\u00eda logrado en dos ediciones consecutivas de un campeonato del mundo.<ins id=\"revive-0-8\" data-revive-zoneid=\"86\" data-revive-id=\"3675e576db6d1cc6cb6554b6e5954dc7\" data-revive-seq=\"8\" data-revive-loaded=\"1\"><\/ins><\/p>\n<p style=\"text-align: justify;\" data-start=\"1125\" data-end=\"1575\">Su trayectoria no solo habla de victorias, sino de una constancia admirable. En apenas un lustro, Mar\u00eda P\u00e9rez ha transformado la marcha atl\u00e9tica en un s\u00edmbolo de excelencia espa\u00f1ola. Con una t\u00e9cnica depurada, un esp\u00edritu indomable y una capacidad de resistencia f\u00edsica y mental fuera de lo com\u00fan, ha roto r\u00e9cords, barreras y prejuicios.<\/p>\n<p style=\"text-align: justify;\" data-start=\"1577\" data-end=\"2086\">La nominaci\u00f3n como mejor atleta femenina mundial del a\u00f1o es el broche perfecto para un ciclo en el que ha conquistado todo lo que se pod\u00eda conquistar. Pero m\u00e1s all\u00e1 de las medallas, Mar\u00eda P\u00e9rez ha logrado algo a\u00fan m\u00e1s dif\u00edcil: inspirar.<\/p>\n<h2 style=\"text-align: justify;\" data-start=\"2093\" data-end=\"2163\"><strong data-start=\"2097\" data-end=\"2161\">El orgullo de Granada y el legado de una campeona<\/strong><\/h2>\n<p style=\"text-align: justify;\" data-start=\"2165\" data-end=\"2729\">Granada vive con emoci\u00f3n el fen\u00f3meno Mar\u00eda P\u00e9rez. La deportista se ha convertido en un s\u00edmbolo de identidad y orgullo para toda la provincia. Su \u00e9xito no solo se celebra en las pistas, sino tambi\u00e9n en las calles, donde su nombre empieza a sonar como un emblema de esfuerzo y superaci\u00f3n colectiva. Las instituciones locales ya se han movilizado para rendirle homenaje: el Ayuntamiento estudia poner su nombre a un pabell\u00f3n deportivo y su reciente <a href=\"https:\/\/www.granadadigital.es\/maria-perez-medalla-oro\/\"><strong>Medalla de Oro al M\u00e9rito Deportivo<\/strong><\/a> es solo una de las m\u00faltiples distinciones que siguen reconociendo su impacto.<\/p>\n<p style=\"text-align: justify;\" data-start=\"2731\" data-end=\"3195\">La posibilidad de que Mar\u00eda P\u00e9rez sea candidata al pr\u00f3ximo Premio &#8216;Princesa de Asturias&#8217; de los Deportes es m\u00e1s que merecida. Su palmar\u00e9s, su ejemplo humano y su compromiso con el deporte limpio la sit\u00faan entre las figuras m\u00e1s influyentes del panorama deportivo actual. Pero lo que realmente distingue a Mar\u00eda es su humildad.<\/p>\n<p style=\"text-align: justify;\" data-start=\"3197\" data-end=\"3569\">Su historia es tambi\u00e9n la de Granada: una tierra acostumbrada a la lucha, al sacrificio y al orgullo de ver crecer a los suyos. En cada una de sus victorias resuena el eco de una provincia que la ha acompa\u00f1ado desde sus primeros pasos. Ella, con su sonrisa serena y su mirada determinada, ha logrado que miles de ni\u00f1as vean en el deporte una v\u00eda de realizaci\u00f3n personal.<\/p>\n<p data-start=\"3197\" data-end=\"3569\"><a class=\"autor_entry_name\" title=\"Entradas de Juan P\u00e9rez Mart\u00edn\" href=\"https:\/\/www.granadadigital.es\/author\/juanpe\/\"><strong>Juan P\u00e9rez Mart\u00edn<\/strong>\u00a0<\/a><\/p>\n<p data-start=\"3197\" data-end=\"3569\">FOTO: Mar\u00eda P\u00e9rez en los Juegos Ol\u00edmpicos Par\u00eds&#8217;24\u00a0Archivo<\/p>\n<p>https:\/\/www.granadadigital.es\/maria-perez-atleta-mundial\/<\/p>\n","protected":false},"excerpt":{"rendered":"<p>La marchadora competir\u00e1 con Peres Jepchirchir, Tigs Assefa, Sifan Hassan y Agnes Ngetich Mar\u00eda P\u00e9rez&#8230;<\/p>\n","protected":false},"author":1,"featured_media":79700,"comment_status":"closed","ping_status":"closed","sticky":false,"template":"","format":"standard","meta":{"_coblocks_attr":"","_coblocks_dimensions":"","_coblocks_responsive_height":"","_coblocks_accordion_ie_support":"","jetpack_post_was_ever_published":false,"_jetpack_newsletter_access":"","_jetpack_dont_email_post_to_subs":false,"_jetpack_newsletter_tier_id":0,"_jetpack_memberships_contains_paywalled_content":false,"_jetpack_memberships_contains_paid_content":false,"footnotes":"","jetpack_publicize_message":"","jetpack_publicize_feature_enabled":true,"jetpack_social_post_already_shared":true,"jetpack_social_options":{"image_generator_settings":{"template":"highway","default_image_id":0,"enabled":false},"version":2}},"categories":[14,7721,44],"tags":[],"class_list":["post-79699","post","type-post","status-publish","format-standard","has-post-thumbnail","hentry","category-feminismo","category-mujeres-que-cambiaron-la-historia","category-noticias-de-hoy"],"jetpack_publicize_connections":[],"jetpack_featured_media_url":"https:\/\/i0.wp.com\/miradordeatarfe.es\/wp-content\/uploads\/2025\/10\/EuropaPress_6143195_maria_perez_of_spain_celebrates_the_gold_medal_during_marathon_race_walk-1010x673-1.jpg?fit=1010%2C673&ssl=1","jetpack_likes_enabled":true,"jetpack_sharing_enabled":true,"_links":{"self":[{"href":"https:\/\/miradordeatarfe.es\/index.php?rest_route=\/wp\/v2\/posts\/79699","targetHints":{"allow":["GET"]}}],"collection":[{"href":"https:\/\/miradordeatarfe.es\/index.php?rest_route=\/wp\/v2\/posts"}],"about":[{"href":"https:\/\/miradordeatarfe.es\/index.php?rest_route=\/wp\/v2\/types\/post"}],"author":[{"embeddable":true,"href":"https:\/\/miradordeatarfe.es\/index.php?rest_route=\/wp\/v2\/users\/1"}],"replies":[{"embeddable":true,"href":"https:\/\/miradordeatarfe.es\/index.php?rest_route=%2Fwp%2Fv2%2Fcomments&post=79699"}],"version-history":[{"count":1,"href":"https:\/\/miradordeatarfe.es\/index.php?rest_route=\/wp\/v2\/posts\/79699\/revisions"}],"predecessor-version":[{"id":79701,"href":"https:\/\/miradordeatarfe.es\/index.php?rest_route=\/wp\/v2\/posts\/79699\/revisions\/79701"}],"wp:featuredmedia":[{"embeddable":true,"href":"https:\/\/miradordeatarfe.es\/index.php?rest_route=\/wp\/v2\/media\/79700"}],"wp:attachment":[{"href":"https:\/\/miradordeatarfe.es\/index.php?rest_route=%2Fwp%2Fv2%2Fmedia&parent=79699"}],"wp:term":[{"taxonomy":"category","embeddable":true,"href":"https:\/\/miradordeatarfe.es\/index.php?rest_route=%2Fwp%2Fv2%2Fcategories&post=79699"},{"taxonomy":"post_tag","embeddable":true,"href":"https:\/\/miradordeatarfe.es\/index.php?rest_route=%2Fwp%2Fv2%2Ftags&post=79699"}],"curies":[{"name":"wp","href":"https:\/\/api.w.org\/{rel}","templated":true}]}}