{"id":79702,"date":"2025-10-29T09:00:28","date_gmt":"2025-10-29T08:00:28","guid":{"rendered":"https:\/\/miradordeatarfe.es\/?p=79702"},"modified":"2025-10-28T12:29:51","modified_gmt":"2025-10-28T11:29:51","slug":"mas-de-74-000-vehiculos-del-area-metropolitana-de-granada-carecen-de-distintivo-ambiental","status":"publish","type":"post","link":"https:\/\/miradordeatarfe.es\/?p=79702","title":{"rendered":"M\u00e1s de 74.000 veh\u00edculos del \u00c1rea Metropolitana de Granada carecen de distintivo ambiental"},"content":{"rendered":"<h3 style=\"text-align: justify;\">En la comarca hay m\u00e1s de 267.000 veh\u00edculos matriculados, de los que la mayor\u00eda son de gasolina, tienen el distintivo C y una media de 13 a\u00f1os de antig\u00fcedad<\/h3>\n<p style=\"text-align: justify;\">M\u00e1s de <strong>74.000 veh\u00edculos <\/strong>que est\u00e1n matriculados en alguno de los 32 pueblos que componen el <strong>\u00c1rea Metropolitana de Granada<\/strong> carecen de distintivo ambiental <strong>(B, C, ECO o O),<\/strong> lo que supone un 27% del total del parque m\u00f3vil existente en la comarca, donde residen m\u00e1s de 320.000 habitantes.<\/p>\n<h3 class=\"wp-block-heading\" style=\"text-align: justify;\"><strong>Necesidad para entrar libremente en la ZBE<\/strong><br \/>\nEl distintivo ambiental es obligatorio para los veh\u00edculos que quieren moverse por la Zona de Bajas Emisiones de Granada, ya que en caso de que no se posea es necesario acceder a un aparcamiento p\u00fablico acogido a este sistema de movilidad durante al menos una hora o acogerse alguna de las excepciones recogidas.<br \/>\nTodos los coches que tienen alguno de los distintivos, que no es necesario adquirirlo para ponerlo en en la luna delantera, pueden acceder a la ciudad sin restricciones, atendiendo a las normas de tr\u00e1fico.<\/h3>\n<p style=\"text-align: justify;\">Seg\u00fan los datos de matriculaciones de la DGT, consultados por <strong><a href=\"http:\/\/www.ahoragranada.com\" target=\"_blank\" rel=\"noreferrer noopener\">ahoraGranada<\/a><\/strong>, en el Cintur\u00f3n metropolitano exist\u00edan matriculados hasta el a\u00f1o pasado <strong>269.932 veh\u00edculos <\/strong>en total, de los que el 63% cuenta con alg\u00fan tipo de distintivo ambiental.<\/p>\n<p style=\"text-align: justify;\">As\u00ed, la amplia mayor\u00eda de veh\u00edculos matriculados cuentan con distintivo C -el segundo nivel- lo que se traduce en en 98.351 del total, seguidos de los que tienen distintivo B, con 83.248; los que tienen el ECO (8.534) y los que poseen el distintivo 0 (2.507). Los que no tienen distintivo alcanzan los 74.458 en total.<\/p>\n<h3 class=\"wp-block-heading\" style=\"text-align: justify;\">Antig\u00fcedad de los coches<\/h3>\n<p style=\"text-align: justify;\">Del total de <strong>veh\u00edculos <\/strong>que existen &#8216;empadronados&#8217; en el Cintur\u00f3n granadino menores de 25 a\u00f1os, su edad media llega a los 13,32 a\u00f1os, un dato que es mayor en la antig\u00fcedad media de los ciclomotores (19,67 a\u00f1os) respecto a las motocicletas (11,20 a\u00f1os).<\/p>\n<p style=\"text-align: justify;\">De <strong>todos los veh\u00edculos <\/strong>que hay en la comarca metropolitana, 169.934 son turismos, 15.841 son furgonetas y 14.484 camiones. Mientras, las motocicletas alcanzan las 44.201 y los ciclomotores los 18.042.<\/p>\n<p style=\"text-align: justify;\">La antig\u00fcedad media del parque m\u00f3vil de turismos en el \u00c1rea Metropolitana de Granada es de 12,93 a\u00f1os, la de las furgonetas es de 13,63 a\u00f1os y la de los camiones de 15,89, un dato que se sit\u00faa tambi\u00e9n en la media que alcanzan los veh\u00edculos en Granada capital.<\/p>\n<p style=\"text-align: justify;\">En cuanto a los tipos de veh\u00edculos, los di\u00e9sel, con 131.791; son ligeramente m\u00e1s que los gasolina, que llegan a los 131.791. Los veh\u00edculos el\u00e9ctricos se quedan muy lejos por ahora, con 1.668.<\/p>\n<p><span class=\"section-name\"> <span class=\"autor\"><strong> Luis F. Ruiz &#8211; Noelia S. Lorca<\/strong> <\/span><\/span><\/p>\n<p>FOTO: GH<\/p>\n<blockquote class=\"wp-embedded-content\" data-secret=\"tjmqaByySw\"><p><a href=\"https:\/\/www.ahoragranada.com\/noticias\/mas-de-74-000-vehiculos-del-area-metropolitana-de-granada-carecen-de-distintivo-ambiental-el-27-del-total\/\">M\u00e1s de 74.000 veh\u00edculos del \u00c1rea Metropolitana de Granada carecen de distintivo ambiental, el 27% del total<\/a><\/p><\/blockquote>\n<p><iframe loading=\"lazy\" class=\"wp-embedded-content\" sandbox=\"allow-scripts\" security=\"restricted\" style=\"position: absolute; visibility: hidden;\" title=\"\u00abM\u00e1s de 74.000 veh\u00edculos del \u00c1rea Metropolitana de Granada carecen de distintivo ambiental, el 27% del total\u00bb \u2014 Ahora Granada\" src=\"https:\/\/www.ahoragranada.com\/noticias\/mas-de-74-000-vehiculos-del-area-metropolitana-de-granada-carecen-de-distintivo-ambiental-el-27-del-total\/embed\/#?secret=s802xe75UK#?secret=tjmqaByySw\" data-secret=\"tjmqaByySw\" width=\"600\" height=\"338\" frameborder=\"0\" marginwidth=\"0\" marginheight=\"0\" scrolling=\"no\"><\/iframe><\/p>\n","protected":false},"excerpt":{"rendered":"<p>En la comarca hay m\u00e1s de 267.000 veh\u00edculos matriculados, de los que la mayor\u00eda son&#8230;<\/p>\n","protected":false},"author":1,"featured_media":79703,"comment_status":"closed","ping_status":"closed","sticky":false,"template":"","format":"standard","meta":{"_coblocks_attr":"","_coblocks_dimensions":"","_coblocks_responsive_height":"","_coblocks_accordion_ie_support":"","jetpack_post_was_ever_published":false,"_jetpack_newsletter_access":"","_jetpack_dont_email_post_to_subs":false,"_jetpack_newsletter_tier_id":0,"_jetpack_memberships_contains_paywalled_content":false,"_jetpack_memberships_contains_paid_content":false,"footnotes":"","jetpack_publicize_message":"","jetpack_publicize_feature_enabled":true,"jetpack_social_post_already_shared":true,"jetpack_social_options":{"image_generator_settings":{"template":"highway","default_image_id":0,"enabled":false},"version":2}},"categories":[10781,44,10],"tags":[],"class_list":["post-79702","post","type-post","status-publish","format-standard","has-post-thumbnail","hentry","category-granada","category-noticias-de-hoy","category-salud"],"jetpack_publicize_connections":[],"jetpack_featured_media_url":"https:\/\/i0.wp.com\/miradordeatarfe.es\/wp-content\/uploads\/2025\/10\/trafico-y-carteles-ZBE-en-la-rotonda-de-Neptuno-AC-12-746x420-1.jpg?fit=746%2C420&ssl=1","jetpack_likes_enabled":true,"jetpack_sharing_enabled":true,"_links":{"self":[{"href":"https:\/\/miradordeatarfe.es\/index.php?rest_route=\/wp\/v2\/posts\/79702","targetHints":{"allow":["GET"]}}],"collection":[{"href":"https:\/\/miradordeatarfe.es\/index.php?rest_route=\/wp\/v2\/posts"}],"about":[{"href":"https:\/\/miradordeatarfe.es\/index.php?rest_route=\/wp\/v2\/types\/post"}],"author":[{"embeddable":true,"href":"https:\/\/miradordeatarfe.es\/index.php?rest_route=\/wp\/v2\/users\/1"}],"replies":[{"embeddable":true,"href":"https:\/\/miradordeatarfe.es\/index.php?rest_route=%2Fwp%2Fv2%2Fcomments&post=79702"}],"version-history":[{"count":1,"href":"https:\/\/miradordeatarfe.es\/index.php?rest_route=\/wp\/v2\/posts\/79702\/revisions"}],"predecessor-version":[{"id":79704,"href":"https:\/\/miradordeatarfe.es\/index.php?rest_route=\/wp\/v2\/posts\/79702\/revisions\/79704"}],"wp:featuredmedia":[{"embeddable":true,"href":"https:\/\/miradordeatarfe.es\/index.php?rest_route=\/wp\/v2\/media\/79703"}],"wp:attachment":[{"href":"https:\/\/miradordeatarfe.es\/index.php?rest_route=%2Fwp%2Fv2%2Fmedia&parent=79702"}],"wp:term":[{"taxonomy":"category","embeddable":true,"href":"https:\/\/miradordeatarfe.es\/index.php?rest_route=%2Fwp%2Fv2%2Fcategories&post=79702"},{"taxonomy":"post_tag","embeddable":true,"href":"https:\/\/miradordeatarfe.es\/index.php?rest_route=%2Fwp%2Fv2%2Ftags&post=79702"}],"curies":[{"name":"wp","href":"https:\/\/api.w.org\/{rel}","templated":true}]}}