{"id":7971,"date":"2016-04-04T06:52:07","date_gmt":"2016-04-04T06:52:07","guid":{"rendered":"http:\/\/miradordeatarfe.es\/?p=7971"},"modified":"2016-04-03T19:55:27","modified_gmt":"2016-04-03T19:55:27","slug":"el-descontrol-del-deficit-obligara-a-un-ajuste-de-24-000-millones-en-2016","status":"publish","type":"post","link":"https:\/\/miradordeatarfe.es\/?p=7971","title":{"rendered":"El descontrol del d\u00e9ficit obligar\u00e1 a un ajuste de 24.000 millones en 2016"},"content":{"rendered":"<div class=\"deporte-match\"><\/div>\n<div class=\"free-above-title\">\u00a0La diferencia entre los gastos y los ingresos del Estado lleg\u00f3 en 2015 al 5,23% del PIB y alcanz\u00f3 en t\u00e9rminos brutos los 56.608 millones de euros, incluyendo los 547 que se destinaron a ayudar a los bancos. Este a\u00f1o el d\u00e9ficit no podr\u00e1 superar los 32.000 millones.<\/div>\n<p><!--more-->Era algo que se barruntaba desde hace bastante tiempo, pero el dato concreto no se ha conocido hasta hoy. El d\u00e9ficit p\u00fablico alcanz\u00f3 en 2015 los 56.061 millones de euros, lo que representa el 5,18% del PIB, casi un punto por encima del objetivo del 4,2% pactado con Bruselas. Las Cuentas Trimestrales no Financieras de los Sectores Institucionales que ha publicado este jueves el Instituto Nacional de Estad\u00edstica (INE) no dejan lugar a dudas: el Gobierno ha sido incapaz de controlar el d\u00e9ficit pese a que Mariano Rajoy lleva cuatro a\u00f1os presumiendo de lo contrario.<\/p>\n<div class=\"article-container\">\n<div class=\"column left-side\">\n<div class=\"article\">\n<div class=\"article-body\">\n<div class=\"article-info\">\n<p id=\"m343-342-344\">\nPero el dato es ligeramente peor si se incluyen<b> las ayudas a la banca<\/b>, que seg\u00fan el INE <b>alcanzaron los 547 millones en 2015<\/b>. Contando con esas ayudas,<b> el d\u00e9ficit del conjunto de las administraciones p\u00fablicas se elev\u00f3 el pasado a\u00f1o hasta el 5,23% del PIB<\/b> y sum\u00f3 un total de <b>56.608 millones de euros<\/b>, si bien dichas ayudas no computan en el procedimiento de d\u00e9ficit excesivo.<\/p>\n<\/div>\n<div class=\"article-text\">\n<div class=\"ads-full-width\">\n<div id=\"m33-32-34\" class=\"\">\n<div id=\"amg_videointext\">\n<div id=\"singleton\">\n<div id=\"SC_InPage.Layer.0.486688077784878.singleton\"><\/div>\n<\/div>\n<\/div>\n<\/div>\n<\/div>\n<p id=\"m353-2-354\">Esta cifra equivale a unos 10.800 millones de euros de gasto adicionale<b>s y obligar\u00e1 a realizar un ajuste de unos 24.000 millones de euros a lo largo de 2016<\/b> para poder cumplir con el <b>objetivo del 2,8% previsto<\/b> para este a\u00f1o.<b> Es decir, la brecha entre los gastos y los ingresos tendr\u00e1 que pasar de 56.608 millones en 2015 a 32.200 millones en 2016.<\/b><br \/>\n<a title=\"montoro\" href=\"http:\/\/www.publico.es\/economia\/montoro-rompe-silencio-advertir-ccaa.html\" target=\"_blank\"><br \/>\nEl Gobierno, sin embargo, no asume ninguna responsabilidad en ese descontrol<\/a>: asegura que\u00a0parte del desv\u00edo del d\u00e9ficit de 2015 se explica por partidas presupuestarias excepcionales que no volver\u00e1n a repetirse este a\u00f1o. En concreto, apunta<b> el pago del tratamiento de la hepatitis C, que se elev\u00f3 a 1.090 millones de euros<\/b>, adem\u00e1s de<b> otros cerca de 2.000 millones que afloraron en Catalunya<\/b> tras la construcci\u00f3n de una prisi\u00f3n y otros 200 millones de un tranv\u00eda en Arag\u00f3n. Estos gastos ya explican por s\u00ed solos alrededor de un tercio de la desviaci\u00f3n del d\u00e9ficit.<\/p>\n<p>En t\u00e9rminos desglosados, la Administraci\u00f3n General del Estado registr\u00f3 un d\u00e9ficit del 2,76% frente al objetivo fijado al principio del 2,9%. Las corporaciones locales, los ayuntamientos, tuvieron un super\u00e1vit del 0,44% del PIB cuando ten\u00edan que registrar equilibrio (0%). Las Comunidades Aut\u00f3nomas registraron un d\u00e9ficit del 1,66% del PIB frente al 0,7% que les dejaba el Gobierno; \u00a0la Seguridad Social tuvo un desfase del 1,26% frente al l\u00edmite del 0,6%.<\/p>\n<\/div>\n<\/div>\n<div class=\"container-ads ligatustop\">\n<div class=\"ads-full-width\">\n<div id=\"m12-11-13\" class=\"hovered\">\n<div class=\"ligatus\">\n<div id=\"lig_publico_smartbox\">\n<div class=\"ng-scope\">\n<div><\/div>\n<\/div>\n<\/div>\n<\/div>\n<\/div>\n<\/div>\n<\/div>\n<\/div>\n<\/div>\n<\/div>\n","protected":false},"excerpt":{"rendered":"<p>\u00a0La diferencia entre los gastos y los ingresos del Estado lleg\u00f3 en 2015 al 5,23%&#8230;<\/p>\n","protected":false},"author":1,"featured_media":7972,"comment_status":"closed","ping_status":"closed","sticky":false,"template":"","format":"standard","meta":{"_coblocks_attr":"","_coblocks_dimensions":"","_coblocks_responsive_height":"","_coblocks_accordion_ie_support":"","jetpack_post_was_ever_published":false,"_jetpack_newsletter_access":"","_jetpack_dont_email_post_to_subs":false,"_jetpack_newsletter_tier_id":0,"_jetpack_memberships_contains_paywalled_content":false,"_jetpack_memberships_contains_paid_content":false,"footnotes":"","jetpack_publicize_message":"","jetpack_publicize_feature_enabled":true,"jetpack_social_post_already_shared":false,"jetpack_social_options":{"image_generator_settings":{"template":"highway","default_image_id":0,"enabled":false},"version":2}},"categories":[186,44,15],"tags":[505,65,2425,954],"class_list":["post-7971","post","type-post","status-publish","format-standard","has-post-thumbnail","hentry","category-instituciones","category-noticias-de-hoy","category-ultimas-noticias","tag-deuda","tag-economia","tag-hepatitis-c","tag-pago"],"jetpack_publicize_connections":[],"jetpack_featured_media_url":"https:\/\/i0.wp.com\/miradordeatarfe.es\/wp-content\/uploads\/2016\/04\/56a4b37788fef.jpg?fit=660%2C340&ssl=1","jetpack_likes_enabled":true,"jetpack_sharing_enabled":true,"_links":{"self":[{"href":"https:\/\/miradordeatarfe.es\/index.php?rest_route=\/wp\/v2\/posts\/7971","targetHints":{"allow":["GET"]}}],"collection":[{"href":"https:\/\/miradordeatarfe.es\/index.php?rest_route=\/wp\/v2\/posts"}],"about":[{"href":"https:\/\/miradordeatarfe.es\/index.php?rest_route=\/wp\/v2\/types\/post"}],"author":[{"embeddable":true,"href":"https:\/\/miradordeatarfe.es\/index.php?rest_route=\/wp\/v2\/users\/1"}],"replies":[{"embeddable":true,"href":"https:\/\/miradordeatarfe.es\/index.php?rest_route=%2Fwp%2Fv2%2Fcomments&post=7971"}],"version-history":[{"count":1,"href":"https:\/\/miradordeatarfe.es\/index.php?rest_route=\/wp\/v2\/posts\/7971\/revisions"}],"predecessor-version":[{"id":7973,"href":"https:\/\/miradordeatarfe.es\/index.php?rest_route=\/wp\/v2\/posts\/7971\/revisions\/7973"}],"wp:featuredmedia":[{"embeddable":true,"href":"https:\/\/miradordeatarfe.es\/index.php?rest_route=\/wp\/v2\/media\/7972"}],"wp:attachment":[{"href":"https:\/\/miradordeatarfe.es\/index.php?rest_route=%2Fwp%2Fv2%2Fmedia&parent=7971"}],"wp:term":[{"taxonomy":"category","embeddable":true,"href":"https:\/\/miradordeatarfe.es\/index.php?rest_route=%2Fwp%2Fv2%2Fcategories&post=7971"},{"taxonomy":"post_tag","embeddable":true,"href":"https:\/\/miradordeatarfe.es\/index.php?rest_route=%2Fwp%2Fv2%2Ftags&post=7971"}],"curies":[{"name":"wp","href":"https:\/\/api.w.org\/{rel}","templated":true}]}}