{"id":79711,"date":"2025-10-28T10:08:41","date_gmt":"2025-10-28T09:08:41","guid":{"rendered":"https:\/\/miradordeatarfe.es\/?p=79711"},"modified":"2025-10-29T09:18:32","modified_gmt":"2025-10-29T08:18:32","slug":"angels-barcelo-sin-justicia-la-herida-de-la-dana-seguira-abierta-durante-mucho-tiempo","status":"publish","type":"post","link":"https:\/\/miradordeatarfe.es\/?p=79711","title":{"rendered":"\u00c0ngels Barcel\u00f3: \u00abSin justicia, la herida de la DANA seguir\u00e1 abierta durante mucho tiempo\u00bb"},"content":{"rendered":"<h2 style=\"text-align: justify;\">C\u00f3mo puede seguir ocupando el lugar que ocupa Maz\u00f3n, que ha utilizado la mentira para eludir cualquier responsabilidad<\/h2>\n<p style=\"text-align: justify;\">Hace un a\u00f1o la vida despertaba, aqu\u00ed mismo, donde nos encontramos, con esa amenaza de lluvia que los valencianos conocen demasiado bien. Dec\u00edan las previsiones que iba a llover mucho, que la alerta alcanzaba un color que solo alcanza cuando las cosas tienen muy mal pron\u00f3stico. Es posible que muchos pensaran c\u00f3mo iba a ser esta vez, c\u00f3mo iban a ser las lluvias en este pa\u00eds donde, como dice Raimon, la lluvia no sabe llover. Han sido tantas veces, han sido tantas riadas, tantas vidas a lo largo de la historia arrastradas por las aguas, que se mezcla el miedo con la costumbre.<\/p>\n<div id=\"wms-intext\" class=\"wms-intext\" style=\"text-align: justify;\">\n<div id=\"jw-ms609609\" class=\"St_jw-ms609609\">\n<div class=\"wm-wrapper jw-wrapper\">\n<div class=\"wm-aspect wm-media-wrapper\">\u00a0<\/div>\n<\/div>\n<\/div>\n<\/div>\n<p style=\"text-align: justify;\">Ha pasado un a\u00f1o desde entonces y hoy quer\u00edamos estar con vosotros, aqu\u00ed en el Teatre de la Rambleta de Val\u00e8ncia, porque quer\u00edamos deciros, y os lo quer\u00edamos decir directamente, mir\u00e1ndoos a los ojos, que no ha pasado ni un solo d\u00eda desde entonces en el que no hayamos intentado explicar y explicarnos qu\u00e9 fue lo que pas\u00f3.<\/p>\n<p style=\"text-align: justify;\">C\u00f3mo fue posible tanta muerte, tanta destrucci\u00f3n, c\u00f3mo fue posible que nadie avisara a tiempo de lo que se pod\u00eda hacer. Como fue posible que la gente saliera de sus trabajos intentando llegar a casa, c\u00f3mo fue posible que los ni\u00f1os siguieran en las escuelas, qu\u00e9 se intentar\u00e1 salvar los coches, qu\u00e9 para muchos era su herramienta de trabajo, c\u00f3mo se pudo desatender a los dependientes, c\u00f3mo nadie les dijo p\u00f3ngase a salvo.<\/p>\n<p style=\"text-align: justify;\">Porque es esto lo que, un a\u00f1o despu\u00e9s, tortura a miles de personas y porque quien deb\u00eda hacerlo, el m\u00e1ximo responsable de cuidar a su gente estaba, mientras tanto, ajeno a tanto dolor. Hemos llegado al primer aniversario de la DANA sin que Carlos Maz\u00f3n haya explicado no qu\u00e9 es lo que hac\u00eda, sino por qu\u00e9 no estaba donde ten\u00eda que estar y haciendo lo que ten\u00eda que hacer.<\/p>\n<p style=\"text-align: justify;\">C\u00f3mo puede seguir ocupando el lugar que ocupa alguien que ha utilizado la mentira para eludir cualquier responsabilidad, alguien que desprecia a la gente para la que gobierna. Qu\u00e9 tipo de persona hay que ser para seguir el cargo sabiendo que otra gesti\u00f3n de la tragedia hubiera podido salvar vidas. Lo dice el auto de la jueza que lleva el caso.<\/p>\n<p style=\"text-align: justify;\">Es por todo esto que hoy, un a\u00f1o despu\u00e9s, queremos mirar hacia delante, pero queremos hacerlo empezando por la petici\u00f3n, no, la exigencia de responsabilidades. No se puede soportar un minuto m\u00e1s la indignidad de un president de la Generalitat como Carlos Maz\u00f3n. S\u00e9 que no hay consuelo para vosotros, s\u00e9 que por mucho que nosotros digamos, el dolor seguir\u00e1 siendo inmenso, s\u00e9 que nunca se va a cerrar est\u00e1 herida que atraviesa l\u2019Horta Sud de Valencia, pero s\u00e9 tambi\u00e9n que sin la voluntad pol\u00edtica del reconocimiento y la reparaci\u00f3n y sin que se haga justicia esa herida seguir\u00e1 abierta durante mucho tiempo. Tened la confianza en que nosotros pelearemos a vuestro lado.<\/p>\n<p>CADENA SER<\/p>\n","protected":false},"excerpt":{"rendered":"<p>C\u00f3mo puede seguir ocupando el lugar que ocupa Maz\u00f3n, que ha utilizado la mentira para&#8230;<\/p>\n","protected":false},"author":1,"featured_media":79712,"comment_status":"closed","ping_status":"closed","sticky":false,"template":"","format":"standard","meta":{"_coblocks_attr":"","_coblocks_dimensions":"","_coblocks_responsive_height":"","_coblocks_accordion_ie_support":"","jetpack_post_was_ever_published":false,"_jetpack_newsletter_access":"","_jetpack_dont_email_post_to_subs":false,"_jetpack_newsletter_tier_id":0,"_jetpack_memberships_contains_paywalled_content":false,"_jetpack_memberships_contains_paid_content":false,"footnotes":"","jetpack_publicize_message":"","jetpack_publicize_feature_enabled":true,"jetpack_social_post_already_shared":true,"jetpack_social_options":{"image_generator_settings":{"template":"highway","default_image_id":0,"enabled":false},"version":2}},"categories":[10804,1161,44,7671],"tags":[],"class_list":["post-79711","post","type-post","status-publish","format-standard","has-post-thumbnail","hentry","category-cambio-climatico","category-ciudadania","category-noticias-de-hoy","category-politica"],"jetpack_publicize_connections":[],"jetpack_featured_media_url":"https:\/\/i0.wp.com\/miradordeatarfe.es\/wp-content\/uploads\/2025\/10\/1757235757339.png?fit=446%2C559&ssl=1","jetpack_likes_enabled":true,"jetpack_sharing_enabled":true,"_links":{"self":[{"href":"https:\/\/miradordeatarfe.es\/index.php?rest_route=\/wp\/v2\/posts\/79711","targetHints":{"allow":["GET"]}}],"collection":[{"href":"https:\/\/miradordeatarfe.es\/index.php?rest_route=\/wp\/v2\/posts"}],"about":[{"href":"https:\/\/miradordeatarfe.es\/index.php?rest_route=\/wp\/v2\/types\/post"}],"author":[{"embeddable":true,"href":"https:\/\/miradordeatarfe.es\/index.php?rest_route=\/wp\/v2\/users\/1"}],"replies":[{"embeddable":true,"href":"https:\/\/miradordeatarfe.es\/index.php?rest_route=%2Fwp%2Fv2%2Fcomments&post=79711"}],"version-history":[{"count":1,"href":"https:\/\/miradordeatarfe.es\/index.php?rest_route=\/wp\/v2\/posts\/79711\/revisions"}],"predecessor-version":[{"id":79713,"href":"https:\/\/miradordeatarfe.es\/index.php?rest_route=\/wp\/v2\/posts\/79711\/revisions\/79713"}],"wp:featuredmedia":[{"embeddable":true,"href":"https:\/\/miradordeatarfe.es\/index.php?rest_route=\/wp\/v2\/media\/79712"}],"wp:attachment":[{"href":"https:\/\/miradordeatarfe.es\/index.php?rest_route=%2Fwp%2Fv2%2Fmedia&parent=79711"}],"wp:term":[{"taxonomy":"category","embeddable":true,"href":"https:\/\/miradordeatarfe.es\/index.php?rest_route=%2Fwp%2Fv2%2Fcategories&post=79711"},{"taxonomy":"post_tag","embeddable":true,"href":"https:\/\/miradordeatarfe.es\/index.php?rest_route=%2Fwp%2Fv2%2Ftags&post=79711"}],"curies":[{"name":"wp","href":"https:\/\/api.w.org\/{rel}","templated":true}]}}