{"id":79714,"date":"2025-10-30T09:22:35","date_gmt":"2025-10-30T08:22:35","guid":{"rendered":"https:\/\/miradordeatarfe.es\/?p=79714"},"modified":"2025-10-29T09:27:07","modified_gmt":"2025-10-29T08:27:07","slug":"lo-que-la-dana-nos-ha-ensenado-y-lo-que-aun-no-hemos-aprendido","status":"publish","type":"post","link":"https:\/\/miradordeatarfe.es\/?p=79714","title":{"rendered":"Lo que la DANA nos ha ense\u00f1ado (y lo que a\u00fan no hemos aprendido)"},"content":{"rendered":"<h3 style=\"text-align: justify;\">Un a\u00f1o despu\u00e9s de la cat\u00e1strofe, analizamos las lecciones que se han podido aprender del 29-O y las mejoras \u2014o la falta de ellas\u2014 que se han llevado a cabo.<\/h3>\n<div class=\"block--text desktop:flex desktop:mb-7\" style=\"text-align: justify;\">\n<div id=\"body-modules\" class=\"body-modules w-full\">\n<p class=\"paragraph text-xl pb-7 w-full text-pretty [&amp;_a]:text-link-normal dark:[&amp;_a]:text-link-dark [&amp;_a]:decoration-1 [&amp;_a:hover]:underline [&amp;_a:hover]:text-link-hover [&amp;_a:hover]:decoration-2 [&amp;_b_a]:text-link-normal dark:[&amp;_b_a]:text-link-dark [&amp;_b_a]:decoration-1 [&amp;_b_a:hover]:underline [&amp;_b_a:hover]:text-link-hover desktop:leading-relaxed break-words font-serif\" data-original-text-size=\"text-xl\">Cada a\u00f1o, en el inicio del oto\u00f1o, las lluvias torrenciales son un fen\u00f3meno recurrente en el Pa\u00eds Valenci\u00e0. Sin embargo, la DANA del 29 de octubre de 2024 tuvo una virulencia y una agresividad que se hab\u00eda visto pocas veces antes. El contexto de <b>emergencia clim\u00e1tica<\/b> es un factor que, sin duda, est\u00e1 detr\u00e1s de estos cambios dr\u00e1sticos.\u00a0<\/p>\n<p class=\"paragraph text-xl pb-7 w-full text-pretty [&amp;_a]:text-link-normal dark:[&amp;_a]:text-link-dark [&amp;_a]:decoration-1 [&amp;_a:hover]:underline [&amp;_a:hover]:text-link-hover [&amp;_a:hover]:decoration-2 [&amp;_b_a]:text-link-normal dark:[&amp;_b_a]:text-link-dark [&amp;_b_a]:decoration-1 [&amp;_b_a:hover]:underline [&amp;_b_a:hover]:text-link-hover desktop:leading-relaxed break-words font-serif\" data-original-text-size=\"text-xl\">Un a\u00f1o despu\u00e9s de aquella cat\u00e1strofe, la pregunta que se hacen muchos valencianos es inevitable: si volvi\u00e9ramos a encontrarnos el mismo escenario, <b>\u00bfel resultado ser\u00eda el mismo?<\/b> \u00bfQu\u00e9 lecciones se han aprendido un a\u00f1o despu\u00e9s? Analizamos varios \u00e1mbitos para razonar sobre las tareas pendientes o las soluciones que se han llevado a cabo.\u00a0<\/p>\n<h2 class=\"highlighted pt-5 pb-3 font-sans font-bold text-xl2 text-balance desktop:text-pretty leading-tight break-words\" data-original-text-size=\"text-xl2\">Negacionismo clim\u00e1tico<\/h2>\n<p class=\"paragraph text-xl pb-7 w-full text-pretty [&amp;_a]:text-link-normal dark:[&amp;_a]:text-link-dark [&amp;_a]:decoration-1 [&amp;_a:hover]:underline [&amp;_a:hover]:text-link-hover [&amp;_a:hover]:decoration-2 [&amp;_b_a]:text-link-normal dark:[&amp;_b_a]:text-link-dark [&amp;_b_a]:decoration-1 [&amp;_b_a:hover]:underline [&amp;_b_a:hover]:text-link-hover desktop:leading-relaxed break-words font-serif\" data-original-text-size=\"text-xl\">En el primer \u00e1mbito, el contexto de emergencia clim\u00e1tica, se podr\u00eda decir que el balance es, incluso, de retroceso. La debilidad pol\u00edtica en que ha quedado Carlos Maz\u00f3n despu\u00e9s de su negligente gesti\u00f3n de la DANA ha comportado que la continuidad de este haya quedado en las manos de Vox, quien, para seguir apoy\u00e1ndole, ha exigido un pacto pol\u00edtico mediante el cual <b>el PP ha hecho suya la pr\u00e1ctica totalidad de la mochila ideol\u00f3gica de la ultraderecha<\/b>. <a title=\"Negacionismo clim\u00e1tico, terapias de conversi\u00f3n, danza espa\u00f1ola, asfixia de sindicatos\u2026 Vox pone precio a Maz\u00f3n\" href=\"https:\/\/www.publico.es\/politica\/negacionismo-climatico-terapias-conversion-danza-espanola-asfixia-sindicatos-vox-pone-precio-mazon.html\">Negacionismo clim\u00e1tico<\/a> incluido, evidentemente.<\/p>\n<p class=\"paragraph text-xl pb-7 w-full text-pretty [&amp;_a]:text-link-normal dark:[&amp;_a]:text-link-dark [&amp;_a]:decoration-1 [&amp;_a:hover]:underline [&amp;_a:hover]:text-link-hover [&amp;_a:hover]:decoration-2 [&amp;_b_a]:text-link-normal dark:[&amp;_b_a]:text-link-dark [&amp;_b_a]:decoration-1 [&amp;_b_a:hover]:underline [&amp;_b_a:hover]:text-link-hover desktop:leading-relaxed break-words font-serif\" data-original-text-size=\"text-xl\">Y de manera destacada, de hecho. Maz\u00f3n y su gobierno no solo pone en cuesti\u00f3n el Pacto Verde Europeo, del cual su partido es impulsor en la UE, sino que <b>ha se\u00f1alado como responsable de la cat\u00e1strofe a la ley de protecci\u00f3n de la huerta<\/b> que hab\u00eda aprobado el anterior gobierno progresista, que, seg\u00fan su punto de vista, habr\u00eda impedido realizar las obras necesarias para canalizar los barrancos y que habr\u00edan podido evitar la tragedia.<u><\/u><\/p>\n<p class=\"paragraph text-xl pb-7 w-full text-pretty [&amp;_a]:text-link-normal dark:[&amp;_a]:text-link-dark [&amp;_a]:decoration-1 [&amp;_a:hover]:underline [&amp;_a:hover]:text-link-hover [&amp;_a:hover]:decoration-2 [&amp;_b_a]:text-link-normal dark:[&amp;_b_a]:text-link-dark [&amp;_b_a]:decoration-1 [&amp;_b_a:hover]:underline [&amp;_b_a:hover]:text-link-hover desktop:leading-relaxed break-words font-serif\" data-original-text-size=\"text-xl\">Las entidades ecologistas niegan categ\u00f3ricamente la acusaci\u00f3n: no solo la citada ley permite realizar actuaciones para paliar los efectos de las inundaciones, sino que, m\u00e1s a\u00fan, <b>el suelo agr\u00edcola ayuda a drenar y laminar el agua<\/b>, al contrario del efecto de sellado que provocan los suelos asfaltados, urbanos o industriales. La derogaci\u00f3n de la ley de protecci\u00f3n de la huerta supone, as\u00ed, un <a title=\"Vuelve el ladrillo despu\u00e9s de la DANA: \u00bfNo hemos aprendido la lecci\u00f3n?\" href=\"https:\/\/www.publico.es\/sociedad\/vuelve-ladrillo-despues-dana-hemos-aprendido-leccion.html\">nuevo impulso para el urbanismo en la zona afectada por la riada<\/a>, que, incluso, muchas veces se sigue planteando en <b>zonas inundables<\/b>. Ciertamente, es dif\u00edcil combatir los efectos de la emergencia clim\u00e1tica desde el negacionismo clim\u00e1tico.<\/p>\n<h2 class=\"highlighted pt-5 pb-3 font-sans font-bold text-xl2 text-balance desktop:text-pretty leading-tight break-words\" data-original-text-size=\"text-xl2\">Sin muchas mejoras en las infraestructuras\u00a0\u00a0<\/h2>\n<p class=\"paragraph text-xl pb-7 w-full text-pretty [&amp;_a]:text-link-normal dark:[&amp;_a]:text-link-dark [&amp;_a]:decoration-1 [&amp;_a:hover]:underline [&amp;_a:hover]:text-link-hover [&amp;_a:hover]:decoration-2 [&amp;_b_a]:text-link-normal dark:[&amp;_b_a]:text-link-dark [&amp;_b_a]:decoration-1 [&amp;_b_a:hover]:underline [&amp;_b_a:hover]:text-link-hover desktop:leading-relaxed break-words font-serif\" data-original-text-size=\"text-xl\">Si hablamos de infraestructuras, de aquellas que podr\u00edan haber paliado la inundaci\u00f3n y que Maz\u00f3n se\u00f1ala que la ley de la huerta las habr\u00eda impedido, <b>\u00bfqu\u00e9 hay encima de la mesa un a\u00f1o despu\u00e9s?<\/b> La realidad es que hay poca cosa.\u00a0<\/p>\n<p class=\"paragraph text-xl pb-7 w-full text-pretty [&amp;_a]:text-link-normal dark:[&amp;_a]:text-link-dark [&amp;_a]:decoration-1 [&amp;_a:hover]:underline [&amp;_a:hover]:text-link-hover [&amp;_a:hover]:decoration-2 [&amp;_b_a]:text-link-normal dark:[&amp;_b_a]:text-link-dark [&amp;_b_a]:decoration-1 [&amp;_b_a:hover]:underline [&amp;_b_a:hover]:text-link-hover desktop:leading-relaxed break-words font-serif\" data-original-text-size=\"text-xl\">Se cuenta, eso s\u00ed, con un documento\u00a0de <b>Propuesta de Plan para la recuperaci\u00f3n y mejora de la resiliencia frente a las inundaciones en el territorio afectado por la DANA<\/b> del Ministerio para la Transici\u00f3n Ecol\u00f3gica y el Reto Demogr\u00e1fico, en fase de exposici\u00f3n p\u00fablica y alegaciones, pero, l\u00f3gicamente, un a\u00f1o despu\u00e9s, como mucho, se ha limitado a reparar da\u00f1os. Si los planes anteriores para las canalizaciones de la rambla de Poio, por ejemplo, pasaron d\u00e9cadas sin concretarse hasta que acabaron desvaneci\u00e9ndose, habr\u00e1 que esperar para ver qu\u00e9 pasa con estas nuevas iniciativas, si son suficientes y si llegan a buen puerto.<\/p>\n<div class=\"related-intext bg-warm-gray-100 px-5 -mx-5 py-5 mb-10 desktop:bg-lightmode desktop:border-t-2 desktop:border-b-2 desktop:border-warm-gray-300 desktop:dark:border-cold-gray-500 desktop:mx-0 desktop:px-1 desktop:mt-6 desktop:mb-12 dark:bg-cold-gray-700 dark:desktop:bg-darkmode\">\n<div class=\"pb-2 text-xl4 font-serif\">\n<article class=\"flex result-page listing-item\"><a class=\"page-link hidden desktop:block w-28 min-w-28 ml-auto desktop:w-48 desktop:min-w-48\" href=\"https:\/\/www.publico.es\/sociedad\/sucesos\/doce-meses-indignacion-doce-protestas-precedentes-cronica-movilizacion-ciudadana-29.html\"><picture class=\"relative z-10 object-cover aspect-square desktop:aspect-interior\"><img data-recalc-dims=\"1\" loading=\"lazy\" decoding=\"async\" class=\"alignleft\" title=\"Imagen panor\u00e1mica de miles de personas con pancartas pidiendo la dimisi\u00f3n de Maz\u00f3n en Val\u00e8ncia.\" src=\"https:\/\/i0.wp.com\/www.publico.es\/files\/image_horizontal_mobile\/uploads\/2025\/10\/26\/68fe79c35d113.jpeg?resize=480%2C270&#038;ssl=1\" alt=\"Imagen panor\u00e1mica de miles de personas con pancartas pidiendo la dimisi\u00f3n de Maz\u00f3n en Val\u00e8ncia.\" width=\"480\" height=\"270\" data-full-src=\"https:\/\/www.publico.es\/uploads\/2025\/10\/26\/68fe79c35d113.jpeg\" \/><\/picture>\n<\/a><\/article>\n<\/div>\n<\/div>\n<p class=\"paragraph text-xl pb-7 w-full text-pretty [&amp;_a]:text-link-normal dark:[&amp;_a]:text-link-dark [&amp;_a]:decoration-1 [&amp;_a:hover]:underline [&amp;_a:hover]:text-link-hover [&amp;_a:hover]:decoration-2 [&amp;_b_a]:text-link-normal dark:[&amp;_b_a]:text-link-dark [&amp;_b_a]:decoration-1 [&amp;_b_a:hover]:underline [&amp;_b_a:hover]:text-link-hover desktop:leading-relaxed break-words font-serif\" data-original-text-size=\"text-xl\">Finalmente, la <b>presa de Forata<\/b>, que desagua en el Magre y que mantuvo en vilo a toda la poblaci\u00f3n de la comarca durante la DANA, con un alto riesgo de rotura, ha pasado, durante este per\u00edodo, por unas obras de emergencia de reparaci\u00f3n de los da\u00f1os producidos,\u00a0pero no hay previsi\u00f3n de una reforma en profundidad.\u00a0<\/p>\n<div class=\"related-intext bg-warm-gray-100 px-5 -mx-5 py-5 mb-10 desktop:bg-lightmode desktop:border-t-2 desktop:border-b-2 desktop:border-warm-gray-300 desktop:dark:border-cold-gray-500 desktop:mx-0 desktop:px-1 desktop:mt-6 desktop:mb-12 dark:bg-cold-gray-700 dark:desktop:bg-darkmode\">\n<div class=\"pb-2 text-xl4 font-serif\">\n<article class=\"flex result-page listing-item\">\n<div class=\"article-details mr-3 desktop:mr-4\">\n<p class=\"font-sans text-base text-black text-balance dark:text-cold-gray-300\">\u00a0<\/p>\n<\/div>\n<p><a class=\"page-link hidden desktop:block w-28 min-w-28 ml-auto desktop:w-48 desktop:min-w-48\" href=\"https:\/\/www.publico.es\/politica\/dana-todavia-duele-ano-despues-reconstruccion-avanza-zona-cero-pero-cicatrices-tardan-curar.html\"><picture class=\"relative z-10 object-cover aspect-square desktop:aspect-interior\"><img data-recalc-dims=\"1\" loading=\"lazy\" decoding=\"async\" title=\"El Barranco del Poyo a su paso por Paiporta, un a\u00f1o despu\u00e9s de la DANA.\" src=\"https:\/\/i0.wp.com\/www.publico.es\/files\/image_horizontal_mobile\/uploads\/2025\/10\/25\/68fcbcdf6b28d.jpeg?resize=480%2C270&#038;ssl=1\" alt=\"El Barranco del Poyo a su paso por Paiporta, un a\u00f1o despu\u00e9s de la DANA.\" width=\"480\" height=\"270\" data-full-src=\"https:\/\/www.publico.es\/uploads\/2025\/10\/25\/68fcbcdf6b28d.jpeg\" \/><\/picture><\/a><\/article>\n<\/div>\n<\/div>\n<h2 class=\"highlighted pt-5 pb-3 font-sans font-bold text-xl2 text-balance desktop:text-pretty leading-tight break-words\" data-original-text-size=\"text-xl2\">Exhaustos, con una plantilla insuficiente y sin recursos\u00a0\u00a0<\/h2>\n<p class=\"paragraph text-xl pb-7 w-full text-pretty [&amp;_a]:text-link-normal dark:[&amp;_a]:text-link-dark [&amp;_a]:decoration-1 [&amp;_a:hover]:underline [&amp;_a:hover]:text-link-hover [&amp;_a:hover]:decoration-2 [&amp;_b_a]:text-link-normal dark:[&amp;_b_a]:text-link-dark [&amp;_b_a]:decoration-1 [&amp;_b_a:hover]:underline [&amp;_b_a:hover]:text-link-hover desktop:leading-relaxed break-words font-serif\" data-original-text-size=\"text-xl\">Una de las primeras medias que tom\u00f3 Carlos Maz\u00f3n como nuevo president de la Generalitat fue desmantelar y denunciar un \u00abchiringuito\u00bb la <b>Unidad Valenciana de Emergencias<\/b> (UVE) que hab\u00eda puesto en marcha el anterior gobierno progresista. Se trataba de un inicio de cuerpo \u00fanico valenciano de emergencias que se sobrepusiera y coordinara a los siete consorcios de bomberos actuales.<\/p>\n<p class=\"paragraph text-xl pb-7 w-full text-pretty [&amp;_a]:text-link-normal dark:[&amp;_a]:text-link-dark [&amp;_a]:decoration-1 [&amp;_a:hover]:underline [&amp;_a:hover]:text-link-hover [&amp;_a:hover]:decoration-2 [&amp;_b_a]:text-link-normal dark:[&amp;_b_a]:text-link-dark [&amp;_b_a]:decoration-1 [&amp;_b_a:hover]:underline [&amp;_b_a:hover]:text-link-hover desktop:leading-relaxed break-words font-serif\" data-original-text-size=\"text-xl\">Durante el verano pasado, los bomberos del consorcio de la Diputaci\u00f3n de Val\u00e8ncia se pusieron en \u00abhuelga de celo\u00bb. Es decir, se limitaban a cumplir su jornada laboral y no asum\u00edan horas extra. De esta forma, se visualizaba la <b>falta cr\u00f3nica de plantilla<\/b>. Cada d\u00eda, uno de cada cinco parques de bomberos no pod\u00eda abrir por falta de personal.\u00a0<\/p>\n<div>\u00a0<\/div>\n<p class=\"paragraph text-xl pb-7 w-full text-pretty [&amp;_a]:text-link-normal dark:[&amp;_a]:text-link-dark [&amp;_a]:decoration-1 [&amp;_a:hover]:underline [&amp;_a:hover]:text-link-hover [&amp;_a:hover]:decoration-2 [&amp;_b_a]:text-link-normal dark:[&amp;_b_a]:text-link-dark [&amp;_b_a]:decoration-1 [&amp;_b_a:hover]:underline [&amp;_b_a:hover]:text-link-hover desktop:leading-relaxed break-words font-serif\" data-original-text-size=\"text-xl\">A la falta de brazos, se sumaba un <b>material precario y anticuado<\/b>, que, adem\u00e1s, no hab\u00eda sido repuesto despu\u00e9s de los da\u00f1os sufridos durante la DANA. En este \u00e1mbito, por lo tanto, se puede decir que <a title=\"La huelga de bomberos valencianos deja en evidencia la fragilidad de los servicios de emergencias: &quot;Pasar\u00eda lo mismo con otra DANA&quot;\" href=\"https:\/\/www.publico.es\/sociedad\/huelga-bomberos-valencianos-deja-evidencia-fragilidad-servicios-emergencias-pasaria-dana.html\">se ha avanzado bien poco o nada<\/a>. Tal como lo defin\u00eda un miembro de la Junta de Personal del consorcio de bomberos de Val\u00e8ncia, \u00ab<b>volver\u00eda a pasar lo mismo<\/b>\u00ab. \u00a0<\/p>\n<h2 class=\"highlighted pt-5 pb-3 font-sans font-bold text-xl2 text-balance desktop:text-pretty leading-tight break-words\" data-original-text-size=\"text-xl2\">Formaci\u00f3n escolar en emergencias naturales\u00a0\u00a0<\/h2>\n<p class=\"paragraph text-xl pb-7 w-full text-pretty [&amp;_a]:text-link-normal dark:[&amp;_a]:text-link-dark [&amp;_a]:decoration-1 [&amp;_a:hover]:underline [&amp;_a:hover]:text-link-hover [&amp;_a:hover]:decoration-2 [&amp;_b_a]:text-link-normal dark:[&amp;_b_a]:text-link-dark [&amp;_b_a]:decoration-1 [&amp;_b_a:hover]:underline [&amp;_b_a:hover]:text-link-hover desktop:leading-relaxed break-words font-serif\" data-original-text-size=\"text-xl\"><b>Carmen Grau<\/b> es investigadora sobre prevenci\u00f3n y gesti\u00f3n de desastres naturales en la Universidad de Waseda, en Jap\u00f3n. Natural de Tavernes de la Valldigna, despu\u00e9s de la DANA quiso aprovechar sus conocimientos para mejoras en su tierra de origen. Uno de los aspectos que apuntaba es la formaci\u00f3n sobre emergencias en el \u00e1mbito escolar.\u00a0<\/p>\n<p class=\"paragraph text-xl pb-7 w-full text-pretty [&amp;_a]:text-link-normal dark:[&amp;_a]:text-link-dark [&amp;_a]:decoration-1 [&amp;_a:hover]:underline [&amp;_a:hover]:text-link-hover [&amp;_a:hover]:decoration-2 [&amp;_b_a]:text-link-normal dark:[&amp;_b_a]:text-link-dark [&amp;_b_a]:decoration-1 [&amp;_b_a:hover]:underline [&amp;_b_a:hover]:text-link-hover desktop:leading-relaxed break-words font-serif\" data-original-text-size=\"text-xl\">En este sentido, la Generalitat present\u00f3 la semana pasada, de cara al a\u00f1o de la DANA, el programa escolar\u00a0<i><b>Dona el PAS<\/b>,<\/i> un juego de palabras con la expresi\u00f3n \u00abda el paso\u00bb y las siglas de \u00abprevenimos, actuamos, salvamos\u00bb. El objetivo declarado \u00abes <b>fomentar la cultura de la autoprotecci\u00f3n y la respuesta<\/b> frente a los riesgos naturales desde edades tempranas\u00bb, pero, claro est\u00e1, el programa solo ha hecho que empezar, por lo que no se pueden hacer valoraciones sobre su impacto o su utilidad.<\/p>\n<h2 class=\"highlighted pt-5 pb-3 font-sans font-bold text-xl2 text-balance desktop:text-pretty leading-tight break-words\" data-original-text-size=\"text-xl2\">Mensajes de alerta: con antelaci\u00f3n y informaci\u00f3n correcta\u00a0\u00a0<\/h2>\n<p class=\"paragraph text-xl pb-7 w-full text-pretty [&amp;_a]:text-link-normal dark:[&amp;_a]:text-link-dark [&amp;_a]:decoration-1 [&amp;_a:hover]:underline [&amp;_a:hover]:text-link-hover [&amp;_a:hover]:decoration-2 [&amp;_b_a]:text-link-normal dark:[&amp;_b_a]:text-link-dark [&amp;_b_a]:decoration-1 [&amp;_b_a:hover]:underline [&amp;_b_a:hover]:text-link-hover desktop:leading-relaxed break-words font-serif\" data-original-text-size=\"text-xl\">A finales del pasado mes de septiembre, una nueva DANA amenazaba el Pa\u00eds Valenci\u00e0 e hizo revivir las experiencias del octubre del a\u00f1o anterior. Esta vez, sin embargo, adem\u00e1s de tener una afectaci\u00f3n menor, aunque tambi\u00e9n importante, s\u00ed que produjo <b>acciones de prevenci\u00f3n y alerta a la poblaci\u00f3n<\/b>.\u00a0<\/p>\n<p class=\"paragraph text-xl pb-7 w-full text-pretty [&amp;_a]:text-link-normal dark:[&amp;_a]:text-link-dark [&amp;_a]:decoration-1 [&amp;_a:hover]:underline [&amp;_a:hover]:text-link-hover [&amp;_a:hover]:decoration-2 [&amp;_b_a]:text-link-normal dark:[&amp;_b_a]:text-link-dark [&amp;_b_a]:decoration-1 [&amp;_b_a:hover]:underline [&amp;_b_a:hover]:text-link-hover desktop:leading-relaxed break-words font-serif\" data-original-text-size=\"text-xl\">Entre estas, probablemente la m\u00e1s llamativa fue la del env\u00edo del mensaje <b>Es Alert<\/b> a los tel\u00e9fonos m\u00f3viles de la poblaci\u00f3n. Si el 29 de octubre de 2024 se envi\u00f3 a las 20.11\u202fh, cuando, seg\u00fan la instrucci\u00f3n de la jueza de Catarroja, la mayor\u00eda de las v\u00edctimas mortales ya hab\u00edan fallecido, y unas casi 13 horas despu\u00e9s de que AEMET declarara un aviso rojo por fuertes lluvias, el 28 de septiembre de 2025 <a title=\"\u00bfQu\u00e9 medidas ha adoptado la Generalitat ante este temporal que no tom\u00f3 antes de la DANA del 29-O?\" href=\"https:\/\/www.publico.es\/politica\/medidas-tomado-generalitat-temporal-tomo-dana-29.html\">el mensaje llegaba con 14 horas de antelaci\u00f3n respecto al aviso rojo<\/a>. <u><\/u><\/p>\n<p class=\"paragraph text-xl pb-7 w-full text-pretty [&amp;_a]:text-link-normal dark:[&amp;_a]:text-link-dark [&amp;_a]:decoration-1 [&amp;_a:hover]:underline [&amp;_a:hover]:text-link-hover [&amp;_a:hover]:decoration-2 [&amp;_b_a]:text-link-normal dark:[&amp;_b_a]:text-link-dark [&amp;_b_a]:decoration-1 [&amp;_b_a:hover]:underline [&amp;_b_a:hover]:text-link-hover desktop:leading-relaxed break-words font-serif\" data-original-text-size=\"text-xl\">Ahora bien, probablemente la diferencia m\u00e1s destacada, incluso que la temporal, es la del mensaje que acompa\u00f1aba el Es Alert. En octubre de 2024, este mensaje instaba a tomar precauciones y no salir de casa. Sin embargo, un gran n\u00famero de v\u00edctimas mortales de la DANA fallecieron precisamente <b>ahogados en sus casas<\/b>, la mayor\u00eda de ellas, gente de edad avanzada, con movilidad reducida, que se vio atrapada por la inundaci\u00f3n, sin capacidad de reaccionar.\u00a0<\/p>\n<p class=\"paragraph text-xl pb-7 w-full text-pretty [&amp;_a]:text-link-normal dark:[&amp;_a]:text-link-dark [&amp;_a]:decoration-1 [&amp;_a:hover]:underline [&amp;_a:hover]:text-link-hover [&amp;_a:hover]:decoration-2 [&amp;_b_a]:text-link-normal dark:[&amp;_b_a]:text-link-dark [&amp;_b_a]:decoration-1 [&amp;_b_a:hover]:underline [&amp;_b_a:hover]:text-link-hover desktop:leading-relaxed break-words font-serif\" data-original-text-size=\"text-xl\">Para el pasado septiembre, eso s\u00ed, al texto del Es Alert se incorpor\u00f3 la recomendaci\u00f3n b\u00e1sica de buscar refugio en <b>zonas altas o subir a un piso superior<\/b>, una indicaci\u00f3n clave, por lo tanto.\u00a0<\/p>\n<p class=\"paragraph text-xl pb-7 w-full text-pretty [&amp;_a]:text-link-normal dark:[&amp;_a]:text-link-dark [&amp;_a]:decoration-1 [&amp;_a:hover]:underline [&amp;_a:hover]:text-link-hover [&amp;_a:hover]:decoration-2 [&amp;_b_a]:text-link-normal dark:[&amp;_b_a]:text-link-dark [&amp;_b_a]:decoration-1 [&amp;_b_a:hover]:underline [&amp;_b_a:hover]:text-link-hover desktop:leading-relaxed break-words font-serif\" data-original-text-size=\"text-xl\">En definitiva, en el c\u00f3mputo general, la nota de evaluaci\u00f3n respecto a la lecci\u00f3n aprendida de la DANA ser\u00eda la de <i>necesita mejorar<\/i>. Para una asignatura aparte quedar\u00eda, claro est\u00e1, la evaluaci\u00f3n de la falta de <b>asunci\u00f3n de responsabilidades<\/b> por la <a title=\"De acariciar la mayor\u00eda absoluta a recibir un masivo rechazo: el antes y el despu\u00e9s de la DANA para Maz\u00f3n\" href=\"https:\/\/www.publico.es\/politica\/partidos\/acariciar-mayoria-absoluta-recibir-masivo-rechazo-despues-dana-mazon.html\">gesti\u00f3n negligente<\/a> de aquella tragedia.\u00a0<\/p>\n<\/div>\n<\/div>\n<div class=\"author-bio mb-10 w-full\">\n<div class=\"pt-7 border-t border-warm-gray-200 dark:border-cold-gray-600\">\n<p class=\"author-name text-lg pb-1 font-bold text-warm-gray-600 dark:text-cold-gray-400\" style=\"text-align: justify;\" data-original-text-size=\"text-lg\"><strong><a title=\"Listado de noticias de Ricard Chuli\u00e0\" href=\"https:\/\/www.publico.es\/author\/ricard-chulia\">Ricard Chuli\u00e0<\/a><\/strong><\/p>\n<p class=\"author-text text-sm pb-4 mb-4 text-balance last:tablet:border-b border-warm-gray-200 dark:border-cold-gray-600\" style=\"text-align: justify;\" data-original-text-size=\"text-sm\">Colaborador de P\u00fablico en el Pa\u00eds Valenci\u00e0 desde enero de 2025. Autor de Pa\u00eds Valenci\u00e0: eixida d&#8217;emerg\u00e8ncia (Afers, 2024) y Pla Sud: eixida d&#8217;emerg\u00e8ncia en cas de riuada (Afers, 2024). Licenciado en Filolog\u00eda Catalana por la Universitat de Val\u00e8ncia y M\u00e1ster en An\u00e1lisis Pol\u00edtico por la Universitat Oberta de Catalunya. A punto de ser expulsado de casa por los libros y los discos que acumula.<\/p>\n<p data-original-text-size=\"text-sm\">FOTO: <span class=\"image-description\" title=\"Efectos de la DANA en el municipio de Alfafar.\">Efectos de la DANA en el municipio de Alfafar.<\/span><strong class=\"author ml-1.5\" title=\"Rober Solsona \/ Europa Press\">Rober Solsona \/ Europa Press<\/strong><\/p>\n<p>https:\/\/www.publico.es\/sociedad\/dana-ensenado-aun-hemos-aprendido.html<\/p>\n<\/div>\n<\/div>\n","protected":false},"excerpt":{"rendered":"<p>Un a\u00f1o despu\u00e9s de la cat\u00e1strofe, analizamos las lecciones que se han podido aprender del&#8230;<\/p>\n","protected":false},"author":1,"featured_media":79715,"comment_status":"closed","ping_status":"closed","sticky":false,"template":"","format":"standard","meta":{"_coblocks_attr":"","_coblocks_dimensions":"","_coblocks_responsive_height":"","_coblocks_accordion_ie_support":"","jetpack_post_was_ever_published":false,"_jetpack_newsletter_access":"","_jetpack_dont_email_post_to_subs":false,"_jetpack_newsletter_tier_id":0,"_jetpack_memberships_contains_paywalled_content":false,"_jetpack_memberships_contains_paid_content":false,"footnotes":"","jetpack_publicize_message":"","jetpack_publicize_feature_enabled":true,"jetpack_social_post_already_shared":true,"jetpack_social_options":{"image_generator_settings":{"template":"highway","default_image_id":0,"enabled":false},"version":2}},"categories":[1161,44,7671],"tags":[],"class_list":["post-79714","post","type-post","status-publish","format-standard","has-post-thumbnail","hentry","category-ciudadania","category-noticias-de-hoy","category-politica"],"jetpack_publicize_connections":[],"jetpack_featured_media_url":"https:\/\/i0.wp.com\/miradordeatarfe.es\/wp-content\/uploads\/2025\/10\/68ffb01d52d10.jpeg?fit=990%2C557&ssl=1","jetpack_likes_enabled":true,"jetpack_sharing_enabled":true,"_links":{"self":[{"href":"https:\/\/miradordeatarfe.es\/index.php?rest_route=\/wp\/v2\/posts\/79714","targetHints":{"allow":["GET"]}}],"collection":[{"href":"https:\/\/miradordeatarfe.es\/index.php?rest_route=\/wp\/v2\/posts"}],"about":[{"href":"https:\/\/miradordeatarfe.es\/index.php?rest_route=\/wp\/v2\/types\/post"}],"author":[{"embeddable":true,"href":"https:\/\/miradordeatarfe.es\/index.php?rest_route=\/wp\/v2\/users\/1"}],"replies":[{"embeddable":true,"href":"https:\/\/miradordeatarfe.es\/index.php?rest_route=%2Fwp%2Fv2%2Fcomments&post=79714"}],"version-history":[{"count":1,"href":"https:\/\/miradordeatarfe.es\/index.php?rest_route=\/wp\/v2\/posts\/79714\/revisions"}],"predecessor-version":[{"id":79716,"href":"https:\/\/miradordeatarfe.es\/index.php?rest_route=\/wp\/v2\/posts\/79714\/revisions\/79716"}],"wp:featuredmedia":[{"embeddable":true,"href":"https:\/\/miradordeatarfe.es\/index.php?rest_route=\/wp\/v2\/media\/79715"}],"wp:attachment":[{"href":"https:\/\/miradordeatarfe.es\/index.php?rest_route=%2Fwp%2Fv2%2Fmedia&parent=79714"}],"wp:term":[{"taxonomy":"category","embeddable":true,"href":"https:\/\/miradordeatarfe.es\/index.php?rest_route=%2Fwp%2Fv2%2Fcategories&post=79714"},{"taxonomy":"post_tag","embeddable":true,"href":"https:\/\/miradordeatarfe.es\/index.php?rest_route=%2Fwp%2Fv2%2Ftags&post=79714"}],"curies":[{"name":"wp","href":"https:\/\/api.w.org\/{rel}","templated":true}]}}