{"id":79721,"date":"2025-10-29T10:25:08","date_gmt":"2025-10-29T09:25:08","guid":{"rendered":"https:\/\/miradordeatarfe.es\/?p=79721"},"modified":"2025-10-29T10:25:08","modified_gmt":"2025-10-29T09:25:08","slug":"la-plataforma-8m-25n-exige-mas-y-mejor-informacion-al-delegado-de-salud-de-granada","status":"publish","type":"post","link":"https:\/\/miradordeatarfe.es\/?p=79721","title":{"rendered":"LA PLATAFORMA 8M\/25N EXIGE MAS Y MEJOR INFORMACI\u00d3N AL DELEGADO DE SALUD DE GRANADA"},"content":{"rendered":"<h2 style=\"text-align: justify;\">La Plataforma 8M\/25N reclama al delegado de Salud informaci\u00f3n \u201cdetallada y clara\u201d sobre los cribados de c\u00e1ncer de mama en la provincia. El colectivo traslada su preocupaci\u00f3n tras conocer que hay mujeres que no est\u00e1n siendo citadas a las pruebas.\u00a0<\/h2>\n<div class=\"cuerpo\">\n<p style=\"text-align: justify;\">La Plataforma 8M\/25N ha reclamado al delegado de Salud de la Junta, Indalecio S\u00e1nchez-Montesinos, en una reciente reuni\u00f3n a la que asistieron AMAMA Granada y la Plataforma, que ofrezca informaci\u00f3n \u201cdetallada y clara\u201d sobre los cribados del c\u00e1ncer de mama en la provincia y que garantice la atenci\u00f3n a todas las mujeres afectadas.<\/p>\n<p style=\"text-align: justify;\">El colectivo feminista cree que, \u201cpor responsabilidad\u201d, la Delegaci\u00f3n de Salud tiene que evaluar el funcionamiento del programa para rastrear los fallos y garantizar que todas y cada una de las mujeres reciba la informaci\u00f3n sobre sus mamograf\u00edas y es citada, si as\u00ed lo determinan los resultados, a pruebas complementarias.<\/p>\n<p style=\"text-align: justify;\">En primer lugar, cree necesario que se compruebe si se est\u00e1 citando a las mujeres a los dos a\u00f1os de la mamograf\u00eda, por carta o por tel\u00e9fono, para las revisiones, al contar con testimonios que se\u00f1alan que no se est\u00e1 haciendo.<\/p>\n<p style=\"text-align: justify;\">La Plataforma 8M\/25N ha recordado tambi\u00e9n que hay mujeres en Granada que se han puesto en contacto con AMAMA Granada, la Asociaci\u00f3n de Mujeres con C\u00e1ncer de Mama y con la propia P8M\/25N, y han expresado su preocupaci\u00f3n por el retraso en las pruebas para ampliar el diagn\u00f3stico.<\/p>\n<p style=\"text-align: justify;\">Tambi\u00e9n se ha interesado por el funcionamiento de las unidades m\u00f3viles para los cribados que se prestan a trav\u00e9s de un concierto con una empresa privada, para conocer su funcionamiento en la provincia.<\/p>\n<p class=\"sumari\" style=\"text-align: justify;\">La Plataforma 8M\/25N pide al delegado que concrete cu\u00e1les ser\u00e1n los refuerzos que se incorporar\u00e1n a Granada en el marco del plan de choque<\/p>\n<p style=\"text-align: justify;\">Sobre el plan de choque anunciado por la Junta de Andaluc\u00eda, la Plataforma ha pedido al delegado que concrete cu\u00e1les ser\u00e1n los refuerzos que se incorporar\u00e1n a la provincia de Granada para que no se demore la atenci\u00f3n y para garantizar tambi\u00e9n que se ampl\u00eda la franja de edad, como se ha anunciado, de 45 a 74 a\u00f1os. Hasta ahora se hac\u00eda de 49 a 71 a\u00f1os.<\/p>\n<p style=\"text-align: justify;\">En este sentido, la Plataforma 8M\/25N hace hincapi\u00e9 en la importancia de concretar cu\u00e1ndo comenzar\u00e1 a citarse a las mujeres de la provincia de Granada que, por edad, antes no estaban incluidas en el programa.<\/p>\n<p><strong><span class=\"autor\"> Redacci\u00f3n El Independiente de Granada <\/span><\/strong><\/p>\n<\/div>\n<p>FOTO: INDEGRANADA: La Plataforma 8M\/25N y Amama Granada participaron en la concentraci\u00f3n del domingo en Sevilla.\u00a0<\/p>\n<p>https:\/\/www.elindependientedegranada.es\/ciudadania\/plataforma-8m25n-reclama-delegado-salud-informacion-detallada-clara-sobre-cribados-cancer<\/p>\n<p>&nbsp;<\/p>\n","protected":false},"excerpt":{"rendered":"<p>La Plataforma 8M\/25N reclama al delegado de Salud informaci\u00f3n \u201cdetallada y clara\u201d sobre los cribados&#8230;<\/p>\n","protected":false},"author":1,"featured_media":79722,"comment_status":"closed","ping_status":"closed","sticky":false,"template":"","format":"standard","meta":{"_coblocks_attr":"","_coblocks_dimensions":"","_coblocks_responsive_height":"","_coblocks_accordion_ie_support":"","jetpack_post_was_ever_published":false,"_jetpack_newsletter_access":"","_jetpack_dont_email_post_to_subs":false,"_jetpack_newsletter_tier_id":0,"_jetpack_memberships_contains_paywalled_content":false,"_jetpack_memberships_contains_paid_content":false,"footnotes":"","jetpack_publicize_message":"","jetpack_publicize_feature_enabled":true,"jetpack_social_post_already_shared":true,"jetpack_social_options":{"image_generator_settings":{"template":"highway","default_image_id":0,"enabled":false},"version":2}},"categories":[10797,1161,186,44,10],"tags":[],"class_list":["post-79721","post","type-post","status-publish","format-standard","has-post-thumbnail","hentry","category-ciencia","category-ciudadania","category-instituciones","category-noticias-de-hoy","category-salud"],"jetpack_publicize_connections":[],"jetpack_featured_media_url":"https:\/\/i0.wp.com\/miradordeatarfe.es\/wp-content\/uploads\/2025\/10\/1_16.jpeg?fit=650%2C389&ssl=1","jetpack_likes_enabled":true,"jetpack_sharing_enabled":true,"_links":{"self":[{"href":"https:\/\/miradordeatarfe.es\/index.php?rest_route=\/wp\/v2\/posts\/79721","targetHints":{"allow":["GET"]}}],"collection":[{"href":"https:\/\/miradordeatarfe.es\/index.php?rest_route=\/wp\/v2\/posts"}],"about":[{"href":"https:\/\/miradordeatarfe.es\/index.php?rest_route=\/wp\/v2\/types\/post"}],"author":[{"embeddable":true,"href":"https:\/\/miradordeatarfe.es\/index.php?rest_route=\/wp\/v2\/users\/1"}],"replies":[{"embeddable":true,"href":"https:\/\/miradordeatarfe.es\/index.php?rest_route=%2Fwp%2Fv2%2Fcomments&post=79721"}],"version-history":[{"count":1,"href":"https:\/\/miradordeatarfe.es\/index.php?rest_route=\/wp\/v2\/posts\/79721\/revisions"}],"predecessor-version":[{"id":79723,"href":"https:\/\/miradordeatarfe.es\/index.php?rest_route=\/wp\/v2\/posts\/79721\/revisions\/79723"}],"wp:featuredmedia":[{"embeddable":true,"href":"https:\/\/miradordeatarfe.es\/index.php?rest_route=\/wp\/v2\/media\/79722"}],"wp:attachment":[{"href":"https:\/\/miradordeatarfe.es\/index.php?rest_route=%2Fwp%2Fv2%2Fmedia&parent=79721"}],"wp:term":[{"taxonomy":"category","embeddable":true,"href":"https:\/\/miradordeatarfe.es\/index.php?rest_route=%2Fwp%2Fv2%2Fcategories&post=79721"},{"taxonomy":"post_tag","embeddable":true,"href":"https:\/\/miradordeatarfe.es\/index.php?rest_route=%2Fwp%2Fv2%2Ftags&post=79721"}],"curies":[{"name":"wp","href":"https:\/\/api.w.org\/{rel}","templated":true}]}}