{"id":79744,"date":"2025-11-04T09:14:40","date_gmt":"2025-11-04T08:14:40","guid":{"rendered":"https:\/\/miradordeatarfe.es\/?p=79744"},"modified":"2025-11-05T13:59:01","modified_gmt":"2025-11-05T12:59:01","slug":"cuando-los-hijos-perturban-a-los-padres-egoistas","status":"publish","type":"post","link":"https:\/\/miradordeatarfe.es\/?p=79744","title":{"rendered":"Cuando los hijos perturban a los padres ego\u00edstas"},"content":{"rendered":"<h3 style=\"text-align: justify;\">Ante un debate pol\u00edtico cada vez m\u00e1s tuerto, \u2018Los domingos\u2019, la pel\u00edcula de Alauda Ruiz de Az\u00faa, nos fuerza a echar el freno y a pensar en lo que importa de verdad<\/h3>\n<div class=\"a_c clearfix\" data-dtm-region=\"articulo_cuerpo\">\n<p class=\"\" style=\"text-align: justify;\">Salimos del cine mudos, con una conmoci\u00f3n que hac\u00eda mucho que no sent\u00edamos con una pel\u00edcula. Cuando recuperamos el habla, mi mujer y yo coincidimos en que acab\u00e1bamos de ver una pel\u00edcula de terror. Ve\u00edamos en la protagonista a nuestro propio hijo, y en la familia, la impotencia de perderlo por un arrebato de fe o un misterio m\u00e1s fuerte que nuestra persuasi\u00f3n y nuestras armas de adultos. Pero Cris, mi esposa, me advirti\u00f3: los creyentes cat\u00f3licos ver\u00e1n lo contrario; muchos dir\u00e1n que es un retrato hermoso de la vocaci\u00f3n religiosa. Ambos somos ateos, pero yo no he recibido educaci\u00f3n cat\u00f3lica y crec\u00ed en una casa de anticlericalismo subido, y ella fue a un colegio religioso y creci\u00f3 en una casa cat\u00f3lica con muchas t\u00edas monjas. Se conoce el pa\u00f1o: los primeros espectadores creyentes, como el sacerdote y escritor Pablo d\u2019Ors, le han dado la raz\u00f3n. <a title=\"https:\/\/elpais.com\/cultura\/cine\/2025-10-24\/los-domingos-alauda-ruiz-de-azua-entre-la-catarsis-mistica-y-la-catequesis.html\" href=\"https:\/\/elpais.com\/cultura\/cine\/2025-10-24\/los-domingos-alauda-ruiz-de-azua-entre-la-catarsis-mistica-y-la-catequesis.html\" target=\"_self\" rel=\"\" data-link-track-dtm=\"\" data-mrf-link=\"https:\/\/elpais.com\/cultura\/cine\/2025-10-24\/los-domingos-alauda-ruiz-de-azua-entre-la-catarsis-mistica-y-la-catequesis.html\">Para ellos, <i>Los domingos<\/i> es una bella pel\u00edcula sobre la fe<\/a>.<\/p>\n<p class=\"\" style=\"text-align: justify;\">Ateos y creyentes planteamos visiones tan opuestas porque Alauda Ru\u00edz de Az\u00faa tiene un talento descomunal para narrar. Complica el punto de vista, destruye el manique\u00edsmo y coloca al espectador ante los dilemas crudos, sin salvavidas ni orejeras. Los domingos no solo es una de las mejores cosas que le han pasado a un cine espa\u00f1ol, sino que demuestra que el arte ambicioso sigue interpel\u00e1ndonos e incomod\u00e1ndonos. Ante un debate pol\u00edtico cada vez m\u00e1s infantil, grit\u00f3n, coyuntural, partidista, tuerto e hip\u00f3crita, Ruiz de Az\u00faa nos fuerza a echar el freno y a pensar en lo que importa de verdad.<\/p>\n<p class=\"\" style=\"text-align: justify;\">Caben muchas miradas en este pan\u00f3ptico, pero interpretar <i>Los domingos<\/i> como una expresi\u00f3n m\u00e1s de <a title=\"https:\/\/elpais.com\/opinion\/2025-10-27\/el-giro-catolico.html\" href=\"https:\/\/elpais.com\/opinion\/2025-10-27\/el-giro-catolico.html\" target=\"_self\" rel=\"\" data-link-track-dtm=\"\" data-mrf-link=\"https:\/\/elpais.com\/opinion\/2025-10-27\/el-giro-catolico.html\">lo que Diego S. Garrocho llama el \u201cgiro cat\u00f3lico\u201d<\/a> \u2014junto a la portada del disco de Rosal\u00eda y alguna que otra novela pol\u00edtica sobre el deseo te\u00f3rico y falto de compromiso de ser monja\u2014 supondr\u00eda invertir los t\u00e9rminos: Ruiz de Az\u00faa no recoge un debate latente para hacerlo expl\u00edcito en su cine, sino que crea el debate de la nada. Nos fuerza a pensar en asuntos que no estaban en la mesa.<\/p>\n<p class=\"\" style=\"text-align: justify;\">Yo no veo aqu\u00ed a las v\u00edctimas de una sociedad secular en busca de un suelo religioso que otorgue sentido a sus vidas. Veo el desamparo de una adolescente cuya complejidad perturba a un padre incapaz y ego\u00edsta, y en ese padre veo el encogimiento de hombros de la sociedad entera, envilecida de comodidad y autocomplacencia. Veo el narcisismo infantil de unos adultos que dejan que sus hijos ardan sin inmutarse. Esto es para m\u00ed m\u00e1s relevante que la llamada de Dios. Pero yo de Dios nunca esper\u00e9 nada. De mis padres, s\u00ed.<\/p>\n<\/div>\n<p><a class=\"a_md_a_n\" title=\"Ver todas las noticias de Sergio del Molino\" href=\"https:\/\/elpais.com\/autor\/sergio-del-molino-molina\/#?rel=author_top\" data-mrf-link=\"https:\/\/elpais.com\/autor\/sergio-del-molino-molina\/\"><strong>Sergio del Molino<\/strong><\/a><\/p>\n<p>FOTO: Fotograma de &#8216;Los domingos&#8217;, de Alauda Ruiz de Az\u00faa.<\/p>\n<p>https:\/\/elpais.com\/opinion\/2025-10-29\/cuando-los-hijos-perturban-a-los-padres-egoistas.html#?rel=mas<\/p>\n<div class=\"a_md _g _g-xs \">\n<figure class=\"a_md_i a_m-h c_m--nf\"><\/figure>\n<div class=\"a_md_txt\">\n<div class=\"a_md_a\" data-dtm-region=\"articulo_firma\">\u00a0<\/div>\n<\/div>\n<\/div>\n","protected":false},"excerpt":{"rendered":"<p>Ante un debate pol\u00edtico cada vez m\u00e1s tuerto, \u2018Los domingos\u2019, la pel\u00edcula de Alauda Ruiz&#8230;<\/p>\n","protected":false},"author":1,"featured_media":79745,"comment_status":"closed","ping_status":"closed","sticky":false,"template":"","format":"standard","meta":{"_coblocks_attr":"","_coblocks_dimensions":"","_coblocks_responsive_height":"","_coblocks_accordion_ie_support":"","jetpack_post_was_ever_published":false,"_jetpack_newsletter_access":"","_jetpack_dont_email_post_to_subs":false,"_jetpack_newsletter_tier_id":0,"_jetpack_memberships_contains_paywalled_content":false,"_jetpack_memberships_contains_paid_content":false,"footnotes":"","jetpack_publicize_message":"","jetpack_publicize_feature_enabled":true,"jetpack_social_post_already_shared":true,"jetpack_social_options":{"image_generator_settings":{"template":"highway","default_image_id":0,"enabled":false},"version":2}},"categories":[1161,44,6937],"tags":[],"class_list":["post-79744","post","type-post","status-publish","format-standard","has-post-thumbnail","hentry","category-ciudadania","category-noticias-de-hoy","category-sociedad"],"jetpack_publicize_connections":[],"jetpack_featured_media_url":"https:\/\/i0.wp.com\/miradordeatarfe.es\/wp-content\/uploads\/2025\/10\/Screenshot-2025-10-29-at-11-15-52-Cuando-los-hijos-perturban-a-los-padres-egoistas-Opinion-EL-PAIS.png?fit=513%2C320&ssl=1","jetpack_likes_enabled":true,"jetpack_sharing_enabled":true,"_links":{"self":[{"href":"https:\/\/miradordeatarfe.es\/index.php?rest_route=\/wp\/v2\/posts\/79744","targetHints":{"allow":["GET"]}}],"collection":[{"href":"https:\/\/miradordeatarfe.es\/index.php?rest_route=\/wp\/v2\/posts"}],"about":[{"href":"https:\/\/miradordeatarfe.es\/index.php?rest_route=\/wp\/v2\/types\/post"}],"author":[{"embeddable":true,"href":"https:\/\/miradordeatarfe.es\/index.php?rest_route=\/wp\/v2\/users\/1"}],"replies":[{"embeddable":true,"href":"https:\/\/miradordeatarfe.es\/index.php?rest_route=%2Fwp%2Fv2%2Fcomments&post=79744"}],"version-history":[{"count":1,"href":"https:\/\/miradordeatarfe.es\/index.php?rest_route=\/wp\/v2\/posts\/79744\/revisions"}],"predecessor-version":[{"id":79746,"href":"https:\/\/miradordeatarfe.es\/index.php?rest_route=\/wp\/v2\/posts\/79744\/revisions\/79746"}],"wp:featuredmedia":[{"embeddable":true,"href":"https:\/\/miradordeatarfe.es\/index.php?rest_route=\/wp\/v2\/media\/79745"}],"wp:attachment":[{"href":"https:\/\/miradordeatarfe.es\/index.php?rest_route=%2Fwp%2Fv2%2Fmedia&parent=79744"}],"wp:term":[{"taxonomy":"category","embeddable":true,"href":"https:\/\/miradordeatarfe.es\/index.php?rest_route=%2Fwp%2Fv2%2Fcategories&post=79744"},{"taxonomy":"post_tag","embeddable":true,"href":"https:\/\/miradordeatarfe.es\/index.php?rest_route=%2Fwp%2Fv2%2Ftags&post=79744"}],"curies":[{"name":"wp","href":"https:\/\/api.w.org\/{rel}","templated":true}]}}