{"id":79757,"date":"2025-11-01T10:38:14","date_gmt":"2025-11-01T09:38:14","guid":{"rendered":"https:\/\/miradordeatarfe.es\/?p=79757"},"modified":"2025-10-29T17:43:47","modified_gmt":"2025-10-29T16:43:47","slug":"experiencias-por-que-la-calabaza-es-el-simbolo-de-halloween-origen-mitos-y-leyendas","status":"publish","type":"post","link":"https:\/\/miradordeatarfe.es\/?p=79757","title":{"rendered":"Experiencias \u00bfPor qu\u00e9 la calabaza es el s\u00edmbolo de Halloween?: origen, mitos y leyendas"},"content":{"rendered":"<h3 style=\"text-align: justify;\">La calabaza, icono inseparable de Halloween, no siempre fue protagonista de esta festividad. Su v\u00ednculo es fruto de tradiciones milenarias y continuas reinvenciones culturales.<\/h3>\n<div class=\"GridWrapper-cFSKbf cxzKYj grid grid-margins grid-items-2 ArticlePageChunksGrid-hkPQhP bKWPrI grid-layout--adrail narrow wide-adrail\" style=\"text-align: justify;\" data-journey-hook=\"grid-wrapper\">\n<div class=\"GridItem-beYvyV kCPYUp grid--item grid-layout__content\">\n<div class=\"BodyWrapper-kzyFNv dmxYUg body body__container article__body\" data-journey-hook=\"client-content\" data-testid=\"BodyWrapper\">\n<div class=\"body__inner-container\">\n<p>Sabemos que el origen no de la calabaza, sino de <a href=\"https:\/\/www.traveler.es\/articulos\/halloween-hogwarts-warner-bros-studio-tour-londres-entradas\"><strong>Halloween<\/strong><\/a> antes de que se convirtiera en un festival del az\u00facar, los disfraces y el marketing global, <strong>se encuentra en la festividad del Samhain, conocida en Galicia como <a href=\"https:\/\/www.traveler.es\/articulos\/samain-la-fiesta-gallega-que-existia-antes-que-halloween-y-que-deberias-conocer\">Sama\u00edn<\/a>.<\/strong> Celebrada por los pueblos celtas del norte y oeste de Europa hace m\u00e1s de dos mil a\u00f1os, ha cambiado profundamente con el paso del tiempo. Poco o nada queda de aquel mes de octubre que <strong>marcaba el cierre del ciclo de los campos y las lluvias, del paso del oto\u00f1o ventoso al largo y crudo invierno.<\/strong><\/p>\n<h3>Linternas hechas con nabo y caminos al m\u00e1s all\u00e1<\/h3>\n<p>El <em>Samhain<\/em> marcaba una l\u00ednea divisoria entre el mundo material y el mundo de los esp\u00edritus. Aquellas celebraciones eran sagradas, y <strong>se ten\u00eda la creencia de que los esp\u00edritus de los ancestros cruzaban al otro lado,<\/strong> siendo algunos recibidos con anhelo y otros con temor. Es por eso que se realizaban ofrendas y sacrificios, se disfrazaban con pieles o se pon\u00edan m\u00e1scaras para evadir a los espectros. <strong>Pero no eran las \u00fanicas costumbres que adoptaron aquellos celtas.<\/strong> Tambi\u00e9n pusieron en pr\u00e1ctica una de las tradiciones m\u00e1s peculiares: utilizar vegetales huecos como linternas para iluminar el camino de las <strong>almas benignas y ahuyentar a los esp\u00edritus no deseados.<\/strong><\/p>\n<div class=\"AdWrapper-efOWgS ddFpqJ ad ad--in-content\">\n<div class=\"ad__slot ad__slot--in-content\" data-node-id=\"i9luc\">\n<div id=\"cns-ads-slot-type-in-content-0\" class=\"cns-ads-stage cns-ads-slot-type-in-content cns-ads-slot-type-in-content-0 cns-ads-slot-state-filled cns-ads-slot-size-0\" data-name=\"in_content_0\" data-slot-type=\"in_content\">\n<div id=\"in_content_0\" class=\"cns-ads-container\" data-node-id=\"i9luc\" data-google-query-id=\"CPCiv-3ryZADFQJFHQkdXtUKVg\">\n<div id=\"google_ads_iframe_5574\/es.cntraveller.native\/in-content\/experiencias\/article\/1_0__container__\">\u00a0<\/div>\n<\/div>\n<\/div>\n<\/div>\n<\/div>\n<figure class=\"AssetEmbedWrapper-fkZDUs kHRAYC asset-embed\">\n<div class=\"AssetEmbedAssetContainer-eEeytc eRSvCP asset-embed__asset-container\"><span class=\"SpanWrapper-zEXFr koTknX responsive-asset AssetEmbedResponsiveAsset-cIfZLr fHIkTW asset-embed__responsive-asset\"><picture class=\"ResponsiveImagePicture-cGZhnX jwYQWO AssetEmbedResponsiveAsset-cIfZLr fHIkTW asset-embed__responsive-asset responsive-image\"><img data-recalc-dims=\"1\" decoding=\"async\" class=\"ResponsiveImageContainer-eNxvmU cfBbTk responsive-image__image\" src=\"https:\/\/i0.wp.com\/media.traveler.es\/photos\/653a65e46be44017792b7e5b\/master\/w_1600%2Cc_limit\/2K9PXNB.jpg?w=640&#038;ssl=1\" sizes=\"100vw\" srcset=\"https:\/\/media.traveler.es\/photos\/653a65e46be44017792b7e5b\/master\/w_120,c_limit\/2K9PXNB.jpg 120w, https:\/\/media.traveler.es\/photos\/653a65e46be44017792b7e5b\/master\/w_240,c_limit\/2K9PXNB.jpg 240w, https:\/\/media.traveler.es\/photos\/653a65e46be44017792b7e5b\/master\/w_320,c_limit\/2K9PXNB.jpg 320w, https:\/\/media.traveler.es\/photos\/653a65e46be44017792b7e5b\/master\/w_640,c_limit\/2K9PXNB.jpg 640w, https:\/\/media.traveler.es\/photos\/653a65e46be44017792b7e5b\/master\/w_960,c_limit\/2K9PXNB.jpg 960w, https:\/\/media.traveler.es\/photos\/653a65e46be44017792b7e5b\/master\/w_1280,c_limit\/2K9PXNB.jpg 1280w, https:\/\/media.traveler.es\/photos\/653a65e46be44017792b7e5b\/master\/w_1600,c_limit\/2K9PXNB.jpg 1600w\" alt=\"Sama\u00edn\" \/><\/picture><\/span><\/div>\n<div class=\"CaptionWrapper-jYrTxZ dgWPNh caption AssetEmbedCaption-fyuOdR iTyhpv asset-embed__caption\" data-testid=\"caption-wrapper\" data-event-boundary=\"click\" data-event-click=\"{&quot;pattern&quot;:&quot;Caption&quot;}\" data-in-view=\"{&quot;pattern&quot;:&quot;Caption&quot;}\" data-include-experiments=\"true\"><span class=\"BaseWrap-sc-gzmcOU BaseText-eqOrNE CaptionText-brNLzD deqABF fbHbEg fGraOh caption__text\"><em>Sama\u00edn, la celebraci\u00f3n del D\u00eda de los Muertos en Galicia.<\/em><\/span><span class=\"BaseWrap-sc-gzmcOU BaseText-eqOrNE CaptionCredit-eowWKH deqABF fkThHN gxwcqg caption__credit\">ZUMA Press, Inc. \/ Alamy Stock Photo<\/span><\/div>\n<\/figure>\n<p>Aquellas peculiares linternas no se tallaban en calabazas pese a lo que hoy se pueda pensar. <strong>Muchos estudios se\u00f1alan que lo que se empleaba en aquella \u00e9poca era el nabo, m\u00e1s peque\u00f1o, de piel m\u00e1s dura<\/strong> y era f\u00e1cil encontrarlo con formas extra\u00f1as. Se sabe que estos nabos tallados se empleaban como parte del ritual, y se iluminaba gracias a una brasa o una vela, lo que dotaba a la hortaliza de su car\u00e1cter m\u00e1gico.<\/p>\n<h3>Del folclore a la simbolog\u00eda: la leyenda de Jack el Taca\u00f1o<\/h3>\n<p>Esta pr\u00e1ctica de tallar caras en vegetales no muri\u00f3 con los celtas. En el a\u00f1o 1836 el <em>Dubl\u00edn Penny Journal<\/em> dio a conocer la historia de <strong>Jack el Taca\u00f1o, una leyenda que formaba parte de la cultura oral irlandesa<\/strong> y cuyo origen es a\u00fan hoy en d\u00eda desconocido. Seg\u00fan esta leyenda, Jack era un bala perdida que enga\u00f1aba a todo el mundo, incluso al mism\u00edsimo diablo. Y eso le acabar\u00eda costando caro.<\/p>\n<div class=\"GenericCalloutWrapper-IJXIe enaxeq callout--has-top-border\" data-testid=\"GenericCallout\" data-event-boundary=\"click\" data-event-click=\"{&quot;pattern&quot;:&quot;GenericCallout&quot;}\" data-in-view=\"{&quot;pattern&quot;:&quot;GenericCallout&quot;}\" data-include-experiments=\"true\">\n<figure class=\"AssetEmbedWrapper-fkZDUs kHRAYC asset-embed\">\n<div class=\"AssetEmbedAssetContainer-eEeytc eRSvCP asset-embed__asset-container\"><span class=\"SpanWrapper-zEXFr koTknX responsive-asset AssetEmbedResponsiveAsset-cIfZLr fHIkTW asset-embed__responsive-asset\"><picture class=\"ResponsiveImagePicture-cGZhnX jwYQWO AssetEmbedResponsiveAsset-cIfZLr fHIkTW asset-embed__responsive-asset responsive-image\"><img data-recalc-dims=\"1\" decoding=\"async\" class=\"ResponsiveImageContainer-eNxvmU cfBbTk responsive-image__image alignleft\" src=\"https:\/\/i0.wp.com\/media.traveler.es\/photos\/68d94cdc746d1af217ef5c69\/master\/w_1600%2Cc_limit\/smalltort%2520%281%29.jpg?w=640&#038;ssl=1\" sizes=\"100vw\" srcset=\"https:\/\/media.traveler.es\/photos\/68d94cdc746d1af217ef5c69\/master\/w_120,c_limit\/smalltort%20(1).jpg 120w, https:\/\/media.traveler.es\/photos\/68d94cdc746d1af217ef5c69\/master\/w_240,c_limit\/smalltort%20(1).jpg 240w, https:\/\/media.traveler.es\/photos\/68d94cdc746d1af217ef5c69\/master\/w_320,c_limit\/smalltort%20(1).jpg 320w, https:\/\/media.traveler.es\/photos\/68d94cdc746d1af217ef5c69\/master\/w_640,c_limit\/smalltort%20(1).jpg 640w, https:\/\/media.traveler.es\/photos\/68d94cdc746d1af217ef5c69\/master\/w_960,c_limit\/smalltort%20(1).jpg 960w, https:\/\/media.traveler.es\/photos\/68d94cdc746d1af217ef5c69\/master\/w_1280,c_limit\/smalltort%20(1).jpg 1280w, https:\/\/media.traveler.es\/photos\/68d94cdc746d1af217ef5c69\/master\/w_1600,c_limit\/smalltort%20(1).jpg 1600w\" alt=\"\u00bfPor qu la calabaza es el s\u00edmbolo de Halloween origen mitos y leyendas\" \/><\/picture><\/span><\/div>\n<\/figure>\n<\/div>\n<p>Se ha escrito mucho sobre la leyenda de Jack el Taca\u00f1o, pero <strong>la autora de terror <a class=\"external-link\" href=\"https:\/\/lisamorton.com\/\" target=\"_blank\" rel=\"nofollow noopener\" data-offer-url=\"https:\/\/lisamorton.com\/\" data-event-click=\"{&quot;pattern&quot;:&quot;ExternalLink&quot;}\" data-event-boundary=\"click\" data-in-view=\"{&quot;pattern&quot;:&quot;ExternalLink&quot;}\" data-include-experiments=\"true\">Lisa Morton<\/a> hace un retrato muy curioso de este personaje en su libro <em>Trick or Treat: A History of Halloween.<\/em><\/strong> Morton cuenta c\u00f3mo en una de las ocasiones Jack atrap\u00f3 al demonio empleando cruces talladas, y s\u00f3lo lo liber\u00f3 cuando obtuvo la promesa de que su alma no ir\u00eda al infierno. Pero claro, al morir Jack, su alma no fue tampoco aceptada por el reino de los cielos, quedando el granuja condenado a vagar eternamente. Para <strong>su eterno camino, el demonio le lanz\u00f3 una brasa del infierno que Jack coloc\u00f3 en un nabo hueco,<\/strong> que iluminar\u00eda para siempre su camino.<\/p>\n<p>Seg\u00fan Morton, este mito permiti\u00f3 darle al farol vegetal un nombre, una apariencia y una historia. <strong>Se hablar\u00eda entonces del <em>Jack O\u2019Lantern<\/em> o \u201cEl farol de Jack\u201d, s\u00edmbolo que representa el alma errante<\/strong> de Jack condenada a vagar entre dos mundos para siempre. Pero realmente esta leyenda trae consigo algo m\u00e1s, ya que la figura de Jack, entre el infierno y el cielo, pudo establecer un v\u00ednculo entre el misticismo y la vida cotidiana. Ser\u00eda el primer paso en la gestaci\u00f3n del Halloween que se vive hoy en d\u00eda, pero <strong>\u00bfcu\u00e1ndo se incorpora la calabaza en toda esta historia?<\/strong><\/p>\n<h3>La calabaza en la cultura popular<\/h3>\n<p>En la Irlanda de 1845 un hongo destruy\u00f3 casi por completo las plantaciones de patata, provocando <strong><a href=\"https:\/\/www.traveler.es\/articulos\/irlanda-recuerda-la-gran-hambruna-en-este-nuevo-museo\">una hambruna<\/a> que se alargar\u00eda hasta 1849 y que costar\u00eda la vida de m\u00e1s de un mill\u00f3n de personas.<\/strong> El \u00e9xodo de miles de irlandeses a Estados Unidos llev\u00f3 consigo la transmisi\u00f3n de su lengua, su religi\u00f3n y sus tradiciones. Algunas voces acad\u00e9micas como <strong>Jack Santino, experto en rituales y festividades<\/strong> y que tuvo c\u00e1tedra en La Sorbona de Par\u00eds, aseguran que las leyendas de Samhain y Jack el Taca\u00f1o, as\u00ed como la costumbre de tallar nabos con formas espectrales, tambi\u00e9n viajaron con los irlandeses.<\/p>\n<p><strong>Pero los nabos en Am\u00e9rica del Norte no eran tan f\u00e1ciles de conseguir.<\/strong> Sin embargo, era una tierra donde abundaba la calabaza, nativa del continente, redonda, hueca y de piel m\u00e1s blanda. Adem\u00e1s era m\u00e1s grande, se ve\u00eda m\u00e1s, se trabajaba mejor que el nabo y su temporada era en oto\u00f1o, coincidiendo con el Samhain. <strong>Definitivamente la calabaza era perfecta para ser tallada y sustituir al nabo.<\/strong><\/p>\n<\/div>\n<\/div>\n<\/div>\n<\/div>\n<div class=\"GridWrapper-cFSKbf cxzKYj grid grid-margins grid-items-2 ArticlePageChunksGrid-hkPQhP bKWPrI grid-layout--adrail narrow wide-adrail\" style=\"text-align: justify;\" data-journey-hook=\"grid-wrapper\">\n<div class=\"GridItem-beYvyV kCPYUp grid--item grid-layout__content\">\n<div class=\"BodyWrapper-kzyFNv dmxYUg body body__container article__body\" data-journey-hook=\"client-content\" data-testid=\"BodyWrapper\">\n<div class=\"body__inner-container\">\n<figure class=\"AssetEmbedWrapper-fkZDUs kHRAYC asset-embed\">\n<div class=\"AssetEmbedAssetContainer-eEeytc eRSvCP asset-embed__asset-container\"><span class=\"SpanWrapper-zEXFr koTknX responsive-asset AssetEmbedResponsiveAsset-cIfZLr fHIkTW asset-embed__responsive-asset\"><picture class=\"ResponsiveImagePicture-cGZhnX jwYQWO AssetEmbedResponsiveAsset-cIfZLr fHIkTW asset-embed__responsive-asset responsive-image\"><img data-recalc-dims=\"1\" decoding=\"async\" class=\"ResponsiveImageContainer-eNxvmU cfBbTk responsive-image__image\" src=\"https:\/\/i0.wp.com\/media.traveler.es\/photos\/68d1599f0cfa23f2edc666d9\/master\/w_1600%2Cc_limit\/charlie-brown-great-pumpkin-1920.jpeg?w=640&#038;ssl=1\" sizes=\"100vw\" srcset=\"https:\/\/media.traveler.es\/photos\/68d1599f0cfa23f2edc666d9\/master\/w_120,c_limit\/charlie-brown-great-pumpkin-1920.jpeg 120w, https:\/\/media.traveler.es\/photos\/68d1599f0cfa23f2edc666d9\/master\/w_240,c_limit\/charlie-brown-great-pumpkin-1920.jpeg 240w, https:\/\/media.traveler.es\/photos\/68d1599f0cfa23f2edc666d9\/master\/w_320,c_limit\/charlie-brown-great-pumpkin-1920.jpeg 320w, https:\/\/media.traveler.es\/photos\/68d1599f0cfa23f2edc666d9\/master\/w_640,c_limit\/charlie-brown-great-pumpkin-1920.jpeg 640w, https:\/\/media.traveler.es\/photos\/68d1599f0cfa23f2edc666d9\/master\/w_960,c_limit\/charlie-brown-great-pumpkin-1920.jpeg 960w, https:\/\/media.traveler.es\/photos\/68d1599f0cfa23f2edc666d9\/master\/w_1280,c_limit\/charlie-brown-great-pumpkin-1920.jpeg 1280w, https:\/\/media.traveler.es\/photos\/68d1599f0cfa23f2edc666d9\/master\/w_1600,c_limit\/charlie-brown-great-pumpkin-1920.jpeg 1600w\" alt=\"planes oto\u00f1o Its The Great Pumpkin Charlie Brown\" \/><\/picture><\/span><\/div>\n<div class=\"CaptionWrapper-jYrTxZ dgWPNh caption AssetEmbedCaption-fyuOdR iTyhpv asset-embed__caption\" data-testid=\"caption-wrapper\" data-event-boundary=\"click\" data-event-click=\"{&quot;pattern&quot;:&quot;Caption&quot;}\" data-in-view=\"{&quot;pattern&quot;:&quot;Caption&quot;}\" data-include-experiments=\"true\"><span class=\"BaseWrap-sc-gzmcOU BaseText-eqOrNE CaptionText-brNLzD deqABF fbHbEg fGraOh caption__text\"><em>It\u2019s The Great Pumpkin, Charlie Brown (1966).<\/em><\/span><span class=\"BaseWrap-sc-gzmcOU BaseText-eqOrNE CaptionCredit-eowWKH deqABF fkThHN gxwcqg caption__credit\">Apple TV<\/span><\/div>\n<\/figure>\n<p><strong>El Jack O\u2019Lantern<\/strong> comenz\u00f3 a tallarse en calabazas y se extendi\u00f3 como la p\u00f3lvora por el continente americano, primero en esas comunidades irlandesas y posteriormente en toda la sociedad americana. Con la llegada del siglo XX, la proliferaci\u00f3n de medios de comunicaci\u00f3n permiti\u00f3 que esta tradici\u00f3n adquiriese diferentes sem\u00e1nticas y nuevas significaciones, entre ellas la infancia, el misterio, la cosecha y el control del miedo.<\/p>\n<p><strong>Los primeros desfiles de Halloween en Estados Unidos datan de los a\u00f1os 20,<\/strong> pero con la llegada de la televisi\u00f3n el fen\u00f3meno se dispar\u00f3. Algunos hitos televisivos, como el especial de dibujos animados <strong><em>It\u2019s the Great Pumpkin, Charlie Brown,<\/em> emitido por la CBS en 1966,<\/strong> fueron clave para colocar el fen\u00f3meno de la calabaza de Halloween como s\u00edmbolo de una fiesta familiar que, de alg\u00fan modo, implicaba a los m\u00e1s peque\u00f1os.<\/p>\n<h3>Desde los a\u00f1os 60 hasta nuestros d\u00edas, el Jack O\u2019Lantern tallado en una calabaza termin\u00f3 ese viaje desde lo ancestral al espect\u00e1culo.<\/h3>\n<figure class=\"AssetEmbedWrapper-fkZDUs kHRAYC asset-embed\">\n<div class=\"AssetEmbedAssetContainer-eEeytc eRSvCP asset-embed__asset-container\"><span class=\"SpanWrapper-zEXFr koTknX responsive-asset AssetEmbedResponsiveAsset-cIfZLr fHIkTW asset-embed__responsive-asset\"><picture class=\"ResponsiveImagePicture-cGZhnX jwYQWO AssetEmbedResponsiveAsset-cIfZLr fHIkTW asset-embed__responsive-asset responsive-image\"><img data-recalc-dims=\"1\" decoding=\"async\" class=\"ResponsiveImageContainer-eNxvmU cfBbTk responsive-image__image\" src=\"https:\/\/i0.wp.com\/media.traveler.es\/photos\/617317694c70334e5ad15480\/master\/w_1600%2Cc_limit\/kate-hliznitsova-EpPy_sbobUQ-unsplash.jpg?w=640&#038;ssl=1\" sizes=\"100vw\" srcset=\"https:\/\/media.traveler.es\/photos\/617317694c70334e5ad15480\/master\/w_120,c_limit\/kate-hliznitsova-EpPy_sbobUQ-unsplash.jpg 120w, https:\/\/media.traveler.es\/photos\/617317694c70334e5ad15480\/master\/w_240,c_limit\/kate-hliznitsova-EpPy_sbobUQ-unsplash.jpg 240w, https:\/\/media.traveler.es\/photos\/617317694c70334e5ad15480\/master\/w_320,c_limit\/kate-hliznitsova-EpPy_sbobUQ-unsplash.jpg 320w, https:\/\/media.traveler.es\/photos\/617317694c70334e5ad15480\/master\/w_640,c_limit\/kate-hliznitsova-EpPy_sbobUQ-unsplash.jpg 640w, https:\/\/media.traveler.es\/photos\/617317694c70334e5ad15480\/master\/w_960,c_limit\/kate-hliznitsova-EpPy_sbobUQ-unsplash.jpg 960w, https:\/\/media.traveler.es\/photos\/617317694c70334e5ad15480\/master\/w_1280,c_limit\/kate-hliznitsova-EpPy_sbobUQ-unsplash.jpg 1280w, https:\/\/media.traveler.es\/photos\/617317694c70334e5ad15480\/master\/w_1600,c_limit\/kate-hliznitsova-EpPy_sbobUQ-unsplash.jpg 1600w\" alt=\"La calabaza seg\u00fan Espa\u00f1a.\" \/><\/picture><\/span><\/div>\n<div class=\"CaptionWrapper-jYrTxZ dgWPNh caption AssetEmbedCaption-fyuOdR iTyhpv asset-embed__caption\" data-testid=\"caption-wrapper\" data-event-boundary=\"click\" data-event-click=\"{&quot;pattern&quot;:&quot;Caption&quot;}\" data-in-view=\"{&quot;pattern&quot;:&quot;Caption&quot;}\" data-include-experiments=\"true\"><span class=\"BaseWrap-sc-gzmcOU BaseText-eqOrNE CaptionText-brNLzD deqABF fbHbEg fGraOh caption__text\"><em>La calabaza, seg\u00fan Espa\u00f1a.<\/em><\/span><span class=\"BaseWrap-sc-gzmcOU BaseText-eqOrNE CaptionCredit-eowWKH deqABF fkThHN gxwcqg caption__credit\">Photo by Kate Hliznitsova on Unsplash<\/span><\/div>\n<\/figure>\n<\/div>\n<\/div>\n<\/div>\n<\/div>\n<div class=\"GridWrapper-cFSKbf cxzKYj grid grid-margins grid-items-2 ArticlePageChunksGrid-hkPQhP bKWPrI grid-layout--adrail narrow wide-adrail\" data-journey-hook=\"grid-wrapper\">\n<div class=\"GridItem-beYvyV kCPYUp grid--item grid-layout__content\">\n<div class=\"BodyWrapper-kzyFNv dmxYUg body body__container article__body\" data-journey-hook=\"client-content\" data-testid=\"BodyWrapper\">\n<div class=\"body__inner-container\">\n<p style=\"text-align: justify;\">Desde los a\u00f1os 90 a nuestros d\u00edas, la calabaza de Halloween ha sido constantemente exportada como <strong>un producto cultural con diferentes calados en el continente europeo.<\/strong> Del cine y la televisi\u00f3n, la calabaza cambia de tercio y comienza a colarse en los restaurantes de comida r\u00e1pida, en las cafeter\u00edas de est\u00e9tica artificial, <strong>en los videojuegos y en las marcas de ropa.<\/strong><\/p>\n<p style=\"text-align: justify;\">Hoy en d\u00eda, hay quien ve la calabaza como algo tierno y gracioso; <strong>otros la interpretan como un s\u00edmbolo m\u00edstico o inquietante,<\/strong> y no falta quien la considere absurda o decorativamente excesiva. Lo que est\u00e1 claro es que es un ejemplo de c\u00f3mo una reapropiaci\u00f3n cultural puede originar toda una industria en torno a una historia convertida en s\u00edmbolo. <strong>De alg\u00fan modo, el Jack O\u2019Lantern, ya sea en forma de calabaza o de nabo,<\/strong> sigue cumpliendo con su cometido: marcar una l\u00ednea ambigua entre la celebraci\u00f3n y el miedo a lo desconocido.<\/p>\n<div class=\"BylinesWrapper-vmGrt cZzmZD bylines ContentHeaderBylines-cTXqro ljGzhW\" data-testid=\"BylinesWrapper\"><span class=\"BylineWrapper-jRoBEm bZWQIN byline bylines__byline inverted\" data-testid=\"BylineWrapper\"><span class=\"BylineNamesWrapper-jrdaOa fXeqQN\"><span class=\"BylineName-kqTBDS cTWJYW byline__name\" data-testid=\"BylineName\"><strong><span class=\"BaseWrap-sc-gzmcOU BaseText-eqOrNE BylinePreamble-itSxDZ deqABF iarXlW jcgMlx byline__preamble\">Por <\/span><\/strong><a class=\"BylineLink-goRRwF eEOFzI byline__name-link byline link\" href=\"https:\/\/www.traveler.es\/autor\/david-diaz\/43\"><strong>David D\u00edaz<\/strong><\/a><\/span><\/span><\/span><\/div>\n<div data-testid=\"BylinesWrapper\">\u00a0<\/div>\n<\/div>\n<\/div>\n<\/div>\n<div data-testid=\"BylinesWrapper\">FOTO:<span class=\"BaseWrap-sc-gzmcOU BaseText-eqOrNE CaptionCredit-eowWKH deqABF fkThHN gxwcqg caption__credit\">Ivan Serediuk \/ Unsplash<\/span><\/div>\n<\/div>\n<p>https:\/\/www.traveler.es\/articulos\/por-que-la-calabaza-es-el-simbolo-de-halloween-origen-mitos-y-leyendas?utm_source=firefox-newtab-es-es<\/p>\n","protected":false},"excerpt":{"rendered":"<p>La calabaza, icono inseparable de Halloween, no siempre fue protagonista de esta festividad. Su v\u00ednculo&#8230;<\/p>\n","protected":false},"author":1,"featured_media":79758,"comment_status":"closed","ping_status":"closed","sticky":false,"template":"","format":"standard","meta":{"_coblocks_attr":"","_coblocks_dimensions":"","_coblocks_responsive_height":"","_coblocks_accordion_ie_support":"","jetpack_post_was_ever_published":false,"_jetpack_newsletter_access":"","_jetpack_dont_email_post_to_subs":false,"_jetpack_newsletter_tier_id":0,"_jetpack_memberships_contains_paywalled_content":false,"_jetpack_memberships_contains_paid_content":false,"footnotes":"","jetpack_publicize_message":"","jetpack_publicize_feature_enabled":true,"jetpack_social_post_already_shared":true,"jetpack_social_options":{"image_generator_settings":{"template":"highway","default_image_id":0,"enabled":false},"version":2}},"categories":[44,6937],"tags":[],"class_list":["post-79757","post","type-post","status-publish","format-standard","has-post-thumbnail","hentry","category-noticias-de-hoy","category-sociedad"],"jetpack_publicize_connections":[],"jetpack_featured_media_url":"https:\/\/i0.wp.com\/miradordeatarfe.es\/wp-content\/uploads\/2025\/10\/ivan-serediuk-f0IByHvZawU-unsplash.webp?fit=1920%2C1080&ssl=1","jetpack_likes_enabled":true,"jetpack_sharing_enabled":true,"_links":{"self":[{"href":"https:\/\/miradordeatarfe.es\/index.php?rest_route=\/wp\/v2\/posts\/79757","targetHints":{"allow":["GET"]}}],"collection":[{"href":"https:\/\/miradordeatarfe.es\/index.php?rest_route=\/wp\/v2\/posts"}],"about":[{"href":"https:\/\/miradordeatarfe.es\/index.php?rest_route=\/wp\/v2\/types\/post"}],"author":[{"embeddable":true,"href":"https:\/\/miradordeatarfe.es\/index.php?rest_route=\/wp\/v2\/users\/1"}],"replies":[{"embeddable":true,"href":"https:\/\/miradordeatarfe.es\/index.php?rest_route=%2Fwp%2Fv2%2Fcomments&post=79757"}],"version-history":[{"count":2,"href":"https:\/\/miradordeatarfe.es\/index.php?rest_route=\/wp\/v2\/posts\/79757\/revisions"}],"predecessor-version":[{"id":79760,"href":"https:\/\/miradordeatarfe.es\/index.php?rest_route=\/wp\/v2\/posts\/79757\/revisions\/79760"}],"wp:featuredmedia":[{"embeddable":true,"href":"https:\/\/miradordeatarfe.es\/index.php?rest_route=\/wp\/v2\/media\/79758"}],"wp:attachment":[{"href":"https:\/\/miradordeatarfe.es\/index.php?rest_route=%2Fwp%2Fv2%2Fmedia&parent=79757"}],"wp:term":[{"taxonomy":"category","embeddable":true,"href":"https:\/\/miradordeatarfe.es\/index.php?rest_route=%2Fwp%2Fv2%2Fcategories&post=79757"},{"taxonomy":"post_tag","embeddable":true,"href":"https:\/\/miradordeatarfe.es\/index.php?rest_route=%2Fwp%2Fv2%2Ftags&post=79757"}],"curies":[{"name":"wp","href":"https:\/\/api.w.org\/{rel}","templated":true}]}}