{"id":7977,"date":"2016-04-04T08:02:19","date_gmt":"2016-04-04T08:02:19","guid":{"rendered":"http:\/\/miradordeatarfe.es\/?p=7977"},"modified":"2016-04-04T07:43:16","modified_gmt":"2016-04-04T07:43:16","slug":"crea-tu-tienda-virtual-curso-del-centro-guadalinfo-de-atarfe","status":"publish","type":"post","link":"https:\/\/miradordeatarfe.es\/?p=7977","title":{"rendered":"CREA TU TIENDA VIRTUAL (curso del CENTRO GUADALINFO DE ATARFE)"},"content":{"rendered":"<p><span id=\"fbPhotoSnowliftCaption\" class=\"fbPhotosPhotoCaption\" tabindex=\"0\" data-ft=\"{&quot;tn&quot;:&quot;K&quot;}\"><span class=\"hasCaption\">Desde el<strong> Centro Guadalinfo de Atarfe <\/strong>nos hacen llegar este curso que te ofrece la posibilidad de crear y gestionar tu propia tienda on line. Se inicia el martes 5 de abril y las plazas son limitadas. No disponemos de m\u00e1s informaci\u00f3n. Los que est\u00e9is interesados deb\u00e9is llamar el mismo lunes al tel\u00e9fono que se incluye en la imagen<\/span><\/span><!--more--><a href=\"https:\/\/i0.wp.com\/miradordeatarfe.es\/wp-content\/uploads\/2016\/04\/10671459_1062880947109108_5986914318697305530_n.jpg?ssl=1\" rel=\"attachment wp-att-7978\"><img data-recalc-dims=\"1\" loading=\"lazy\" decoding=\"async\" class=\"alignnone  wp-image-7978\" src=\"https:\/\/i0.wp.com\/miradordeatarfe.es\/wp-content\/uploads\/2016\/04\/10671459_1062880947109108_5986914318697305530_n.jpg?resize=640%2C452&#038;ssl=1\" alt=\"10671459_1062880947109108_5986914318697305530_n\" width=\"640\" height=\"452\" srcset=\"https:\/\/i0.wp.com\/miradordeatarfe.es\/wp-content\/uploads\/2016\/04\/10671459_1062880947109108_5986914318697305530_n.jpg?w=480&amp;ssl=1 480w, https:\/\/i0.wp.com\/miradordeatarfe.es\/wp-content\/uploads\/2016\/04\/10671459_1062880947109108_5986914318697305530_n.jpg?resize=300%2C212&amp;ssl=1 300w\" sizes=\"auto, (max-width: 640px) 100vw, 640px\" \/><\/a><\/p>\n","protected":false},"excerpt":{"rendered":"<p>Desde el Centro Guadalinfo de Atarfe nos hacen llegar este curso que te ofrece la&#8230;<\/p>\n","protected":false},"author":1,"featured_media":7980,"comment_status":"closed","ping_status":"closed","sticky":false,"template":"","format":"standard","meta":{"_coblocks_attr":"","_coblocks_dimensions":"","_coblocks_responsive_height":"","_coblocks_accordion_ie_support":"","jetpack_post_was_ever_published":false,"_jetpack_newsletter_access":"","_jetpack_dont_email_post_to_subs":false,"_jetpack_newsletter_tier_id":0,"_jetpack_memberships_contains_paywalled_content":false,"_jetpack_memberships_contains_paid_content":false,"footnotes":"","jetpack_publicize_message":"","jetpack_publicize_feature_enabled":true,"jetpack_social_post_already_shared":false,"jetpack_social_options":{"image_generator_settings":{"template":"highway","default_image_id":0,"enabled":false},"version":2}},"categories":[2,12,44,15],"tags":[81,1798,1441],"class_list":["post-7977","post","type-post","status-publish","format-standard","has-post-thumbnail","hentry","category-atarfe","category-cultura","category-noticias-de-hoy","category-ultimas-noticias","tag-atarfe","tag-curso","tag-guadalinfo"],"jetpack_publicize_connections":[],"jetpack_featured_media_url":"https:\/\/i0.wp.com\/miradordeatarfe.es\/wp-content\/uploads\/2016\/04\/w2L5DgCN_400x400.jpeg?fit=400%2C400&ssl=1","jetpack_likes_enabled":true,"jetpack_sharing_enabled":true,"_links":{"self":[{"href":"https:\/\/miradordeatarfe.es\/index.php?rest_route=\/wp\/v2\/posts\/7977","targetHints":{"allow":["GET"]}}],"collection":[{"href":"https:\/\/miradordeatarfe.es\/index.php?rest_route=\/wp\/v2\/posts"}],"about":[{"href":"https:\/\/miradordeatarfe.es\/index.php?rest_route=\/wp\/v2\/types\/post"}],"author":[{"embeddable":true,"href":"https:\/\/miradordeatarfe.es\/index.php?rest_route=\/wp\/v2\/users\/1"}],"replies":[{"embeddable":true,"href":"https:\/\/miradordeatarfe.es\/index.php?rest_route=%2Fwp%2Fv2%2Fcomments&post=7977"}],"version-history":[{"count":1,"href":"https:\/\/miradordeatarfe.es\/index.php?rest_route=\/wp\/v2\/posts\/7977\/revisions"}],"predecessor-version":[{"id":7979,"href":"https:\/\/miradordeatarfe.es\/index.php?rest_route=\/wp\/v2\/posts\/7977\/revisions\/7979"}],"wp:featuredmedia":[{"embeddable":true,"href":"https:\/\/miradordeatarfe.es\/index.php?rest_route=\/wp\/v2\/media\/7980"}],"wp:attachment":[{"href":"https:\/\/miradordeatarfe.es\/index.php?rest_route=%2Fwp%2Fv2%2Fmedia&parent=7977"}],"wp:term":[{"taxonomy":"category","embeddable":true,"href":"https:\/\/miradordeatarfe.es\/index.php?rest_route=%2Fwp%2Fv2%2Fcategories&post=7977"},{"taxonomy":"post_tag","embeddable":true,"href":"https:\/\/miradordeatarfe.es\/index.php?rest_route=%2Fwp%2Fv2%2Ftags&post=7977"}],"curies":[{"name":"wp","href":"https:\/\/api.w.org\/{rel}","templated":true}]}}