{"id":79777,"date":"2025-11-01T09:25:42","date_gmt":"2025-11-01T08:25:42","guid":{"rendered":"https:\/\/miradordeatarfe.es\/?p=79777"},"modified":"2025-10-31T19:31:02","modified_gmt":"2025-10-31T18:31:02","slug":"la-construccion-en-zonas-inundables-de-valencia-sigue-poniendo-en-peligro-a-decenas-de-miles-de-personas","status":"publish","type":"post","link":"https:\/\/miradordeatarfe.es\/?p=79777","title":{"rendered":"La construcci\u00f3n en zonas inundables de Val\u00e8ncia sigue poniendo en peligro a decenas de miles de personas"},"content":{"rendered":"<h3 style=\"text-align: justify;\">A un a\u00f1o del paso de la dana, Amnist\u00eda Internacional denuncia que las instituciones no han tomado medidas para impedir una repetici\u00f3n de la cat\u00e1strofe del 29 de octubre de 2024.<\/h3>\n<div id=\"contenido-principal-articulo\" class=\"articulo-texto-contenido\" style=\"text-align: justify;\">\n<p>Un a\u00f1o despu\u00e9s del paso de la <a href=\"https:\/\/www.elsaltodiario.com\/dana\">dana<\/a>, que dej\u00f3 237 muertos, sobre todo en los municipios del sur de Val\u00e8ncia, las autoridades no han tomado las medidas necesarias para que una de las peores cat\u00e1strofes clim\u00e1ticas de la historia reciente de Espa\u00f1a y Europa no vuelva a repetirse. El informe \u201cLlueve sobre mojado\u201d de <a href=\"https:\/\/www.amnesty.org\/es\/\">Amnist\u00eda Internacional<\/a>, hecho p\u00fablico este 22 de octubre, concluye que la construcci\u00f3n en<a href=\"https:\/\/www.datadista.com\/playa-burbuja\/tres-de-cada-diez-viviendas-afectadas-por-la-dana-en-valencia-se-construyeron-durante-la-burbuja-inmobiliaria-2\/\"> zonas inundables<\/a> en los municipios afectados por la tormenta sigue poniendo en riesgo a decenas de miles de personas.\u00a0<\/p>\n<p>Esta organizaci\u00f3n de derechos humanos se muestra clara en la advertencia: una tormenta como la que asol\u00f3 Arag\u00f3n, Catalunya, Castilla-La Mancha y, sobre todo, el Pa\u00eds Val\u00e8ncia, puede repetirse en un contexto de cambio clim\u00e1tico donde los <a href=\"https:\/\/www.elsaltodiario.com\/dana\/ciencia-liga-agresividad-dana-aceleracion-crisis\">fen\u00f3menos meteorol\u00f3gicos<\/a> \u201cser\u00e1n m\u00e1s frecuentes y m\u00e1s graves\u201d. Y las consecuencias \u201cnada naturales\u201d de estos fen\u00f3menos amenazan a ser igual o m\u00e1s graves, ya que las instituciones, tanto estatales como locales, no han hecho lo necesario para evitar que se siga construyendo en <a href=\"https:\/\/www.elsaltodiario.com\/opinion\/pais-valencia-dana-monstruo-camina-suelo-urbanizable\" target=\"_blank\" rel=\"noopener\">zonas inundables<\/a>.<\/p>\n<p>Una realidad especialmente grave en la Comunidad Valenciana, donde 600.000 personas viven en zonas inundables. Todas las viviendas de Paiporta y Catarroja, donde se registraron las mayores cifras de v\u00edctimas, apuntan en el informe, est\u00e1n situadas en \u00e1reas de riesgo de inundaci\u00f3n. Solo en estas dos localidades hay 16.775 viviendas expuestas a futuras riadas.\u00a0<\/p>\n<p>La crisis de vivienda, agravada tras d\u00e9cadas de especulaci\u00f3n inmobiliaria, y los fen\u00f3menos extremos clim\u00e1ticos, aupados por el aumento de las temperaturas producido por la actividad humana, est\u00e1n \u00edntimamente relacionados y se potencian mutuamente. \u201cGran parte de la edificaci\u00f3n en los municipios m\u00e1s afectados por la dana se realiz\u00f3 en zonas que ya fueron identificadas como inundables en 2003, aumentando la exposici\u00f3n de la poblaci\u00f3n a cat\u00e1strofes y contribuyendo a agravar los da\u00f1os ocasionados\u201d, se\u00f1ala el informe.<\/p>\n<h2>Inacci\u00f3n ante la cat\u00e1strofe<\/h2>\n<p>Si la falta de reacci\u00f3n de las autoridades del PP valenciano marc\u00f3 las primeras horas y d\u00edas de la dana, la ausencia de medidas para evitar una nueva cat\u00e1strofe ha sido la regla en el a\u00f1o transcurrido. Han pasado 12 meses desde entonces y a\u00fan no se ha aprobado la revisi\u00f3n del Plan de Acci\u00f3n Territorial sobre prevenci\u00f3n del Riesgo de Inundaci\u00f3n en la Comunidad Valenciana (<a href=\"https:\/\/visor.gva.es\/visor\/?extension=266363,4115432,1161436,4619187&amp;nivelZoom=8&amp;capasids=Orto_Actual;,Ordenacion_Territorial;12,Ordenacion_Territorial;11,Ordenacion_Territorial;10,Ordenacion_Territorial;9,Ordenacion_Territorial;8,Ordenacion_Territorial;7,Ordenacion_Territorial;6,Ordenacion_Territorial;5,Ordenacion_Territorial;4,Ordenacion_Territorial;3,Ordenacion_Territorial;1&amp;tcapas=1.0,1.0,1.0,1.0,1.0,1.0,1.0,1.0,1.0,1.0,1.0,1.0&amp;idioma=es\">PATRICOVA<\/a>), una de las tareas pendientes del plan de reconstrucci\u00f3n lanzado por la propia Generalitat Valenciana.\u00a0<\/p>\n<p>El PATRICOVA, aprobado en 2003, regul\u00f3 la edificaci\u00f3n en zonas inundables condicionando su aplicaci\u00f3n a la elaboraci\u00f3n de estudios de inundabilidad y habilitando a los municipios para que pudieran imponer condiciones de adecuaci\u00f3n de las futuras edificaciones. El alcance de la dana de 2024 mostr\u00f3 la insuficiencia del PATRICOVA: el agua desbord\u00f3 las \u00e1reas inundables previstas en aquel plan y la evidencia demostr\u00f3 que no hab\u00eda servido para frenar la urbanizaci\u00f3n en las \u00e1reas consideradas peligrosas.<\/p>\n<p>Lejos de haber aprendido la lecci\u00f3n, la Generalitat Valenciana ha reaccionado ante la cat\u00e1strofe de la dana con un \u201curbanismo expr\u00e9s que flexibiliza los procedimientos y permite continuar aprobando proyectos urban\u00edsticos en los municipios afectados, poniendo en riesgo el derecho a la vivienda de las personas\u201d, se\u00f1ala Marta Mendiola, investigadora sobre cambio clim\u00e1tico y derecho a la vivienda de Amnist\u00eda Internacional en Espa\u00f1a.<\/p>\n<p>Adem\u00e1s de la urbanizaci\u00f3n desmedida en zonas inundables en los a\u00f1os previos a 2008, esta organizaci\u00f3n suma entre las razones de la magnitud del desastre la \u201cnotable desinversi\u00f3n\u201d en infraestructuras hidr\u00e1ulicas en la provincia de Valencia a partir de 2009, una consecuencia directa de los recortes de la \u00e9poca. Entre 2006 y 2021, la inversi\u00f3n en estas instalaciones se redujo en un 83%. Una tendencia que, reconoce el propio gobierno valenciano en su plan de reconstrucci\u00f3n, \u201cha mermado la capacidad del territorio para responder de manera adecuada a los crecientes riesgos asociados al cambio clim\u00e1tico y a la urbanizaci\u00f3n en zonas inundables, como se puso de manifiesto en las inundaciones de octubre de 2024\u201d.<\/p>\n<blockquote><p><strong>La Generalitat Valenciana ha reaccionado ante la dana con un \u201curbanismo expr\u00e9s que flexibiliza los procedimientos y permite continuar aprobando proyectos urban\u00edsticos en zonas inundables<\/strong><\/p><\/blockquote>\n<p>Frente a esta inacci\u00f3n, Amnist\u00eda Internacional exige la paralizaci\u00f3n de todos los proyectos urban\u00edsticos en los municipios afectados hasta que se apruebe la revisi\u00f3n del plan PATRICOVA y las autoridades \u201crealicen un estudio pormenorizado\u201d de las zonas de riesgo en sus localidades para que pueda ser aplicado. La reforma de este plan debe contemplar \u201cuna cartograf\u00eda de riesgos m\u00e1s actualizada\u201d y tener en cuenta \u201cla peligrosidad y el riesgo en un contexto de cambio clim\u00e1tico\u201d.<\/p>\n<p>Amnist\u00eda Internacional tambi\u00e9n apunta a la falta de reacci\u00f3n del Gobierno central, ya que \u201cno se han reformado normas estatales sobre gesti\u00f3n de riesgo de inundaciones\u201d. Entre las carencias en la respuesta dada desde La Moncloa, esta ONG destaca que no se ha llevado a cabo una revisi\u00f3n de la cartograf\u00eda de peligrosidad ni se ha reformado el reglamento que regula el Dominio P\u00fablico Hidr\u00e1ulico en los aspectos relacionados con la gesti\u00f3n del riesgo de inundaci\u00f3n, ni el Real Decreto de evaluaci\u00f3n y gesti\u00f3n del riesgo de inundaci\u00f3n que traspuso la Directiva de Inundaciones, medidas contempladas en los planes de reconstrucci\u00f3n auton\u00f3micos y locales.<\/p>\n<h2>Ayudas deficientes<\/h2>\n<p>El derecho a la vivienda era un grave problema en las \u00e1reas afectadas por la dana y lo est\u00e1 siendo mucho m\u00e1s despu\u00e9s del paso de la riada. Amnist\u00eda Internacional denuncia que el sistema de ayudas ha sido \u201cinsuficiente\u201d y ha tenido un \u201cimpacto desigual\u201d. Quienes se han llevado la peor parte han sido las <a href=\"https:\/\/www.elsaltodiario.com\/dana\/dana-un-grupo-familias-migrantes-revelan-abusos-sufridos-hostal-donde-residian\">personas migrantes<\/a> y los habitantes de los barrios <a href=\"https:\/\/www.elsaltodiario.com\/dana\/olvidados-dana\">vulnerables<\/a>.\u00a0<\/p>\n<p>Seg\u00fan el informe, cerca de 60.000 personas migrantes v\u00edctimas de la dana, muchas de ellas mujeres dedicadas a los cuidados que viv\u00edan en el mismo hogar donde trabajaban, se han encontrado con \u201cbarreras estructurales\u201d para acceder a las ayudas como el empadronamiento, el N\u00famero de Identificaci\u00f3n de Extranjero (NIE), un contrato de alquiler o la titularidad de la cuenta bancaria. El laberinto burocr\u00e1tico y una discriminaci\u00f3n activa hacia las personas no regularizadas las ha \u201calejado de las ayudas y de su condici\u00f3n de personas afectadas\u201d.\u00a0<\/p>\n<blockquote><p><strong>Cerca de 60.000 personas migrantes v\u00edctimas de la dana se han encontrado con \u201cbarreras estructurales\u201d para acceder a las ayudas y ser reconocidas como afectadas<\/strong><\/p><\/blockquote>\n<p>A pesar del proceso de <a href=\"https:\/\/www.elsaltodiario.com\/migracion\/gobierno-regularizacion-ano-dana\">regularizaci\u00f3n <\/a>extraordinario anunciado por el Gobierno central \u2014solo por un a\u00f1o para las personas empadronadas antes de la dana\u2014, \u201clas barreras estructurales han impedido que miles de personas accedan a la condici\u00f3n de afectadas por las inundaciones y a los derechos de ellos se derivan. Hasta el 22 de septiembre, esta regularizaci\u00f3n temporal hab\u00eda favorecido a 33.044 personas, pero ha dejado a muchas m\u00e1s fuera, denuncia esta ONG.<\/p>\n<p>En materia de vivienda, subraya el informe \u201cllueve sobre mojado\u201d. Un a\u00f1o despu\u00e9s de la dana, afirman, el derecho a la vivienda sigue sin estar garantizado. \u201cLa falta de pol\u00edticas adecuadas hace que sean siempre las personas m\u00e1s vulnerables quienes sufran m\u00e1s\u201d, sostiene Mendiola. Las comunidades m\u00e1s marginadas \u201chan sufrido de manera desproporcionada\u201d.<\/p>\n<p>La situaci\u00f3n precaria de muchos hogares afectados por la dana en barrios precarios, como Xenillet y La Mancha en el municipio de Torrent, junto con las barreras en el acceso a las ayudas, los derribos de viviendas y los retrasos en la reconstrucci\u00f3n, han agravado la marginaci\u00f3n que ya sufr\u00edan antes de la riada. En estos barrios, donde ya se experimentaba una \u201cprecariedad extrema\u201d, muchas viviendas han sido demolidas \u201csin informaci\u00f3n suficiente sobre indemnizaciones, destino de los terrenos o alternativas habitacionales\u201d. Adem\u00e1s, indican, en estas calles persisten problemas en el alcantarillado y en el servicio de agua potable, que \u201cexponen a la poblaci\u00f3n a riesgos sanitarios, incluidos menores con erupciones cut\u00e1neas e infecciones\u201d.\u00a0<\/p>\n<p>La complejidad de los tr\u00e1mites, la falta de informaci\u00f3n, la escasez de vivienda social y la limitada cuant\u00eda de las ayudas \u2014800 euros mensuales durante 12 meses para los hogares que consiguen superar la gincana burocr\u00e1tica\u2014 hacen que los problemas de vivienda de las personas afectadas est\u00e9n muy lejos de estar solventados. La cuant\u00eda de las ayudas es definida por en el informe como \u201cmanifiestamente inadecuada\u201d para cubrir los costes reales de reconstrucci\u00f3n de las viviendas o el acceso a un alquiler alternativo. Una situaci\u00f3n, \u201cespecialmente grave en contextos de alta vulnerabilidad\u201d, donde la escasez de vivienda social impide garantizar el acceso a una vivienda adecuada. El despliegue de vivienda social puesta a disposici\u00f3n de las familias afectadas ha sido \u201cescasa\u201d y, en su mayor\u00eda, en localidades lejanas al lugar de residencia y trabajo.\u00a0<\/p>\n<p>Seg\u00fan el recuento de Amnist\u00eda Internacional, las autoridades estatales han ofrecido 305 viviendas procedentes de la Sareb y 26 del Sepes, mientras que las auton\u00f3micas han ofrecido otras 260. Sin embargo, apuntan, \u201cuna parte importante de estas viviendas no han llegado a ser ocupadas\u201d, ya que las personas trabajadoras o que tienen menores escolarizados o personas dependientes no pueden trasladarse a otro municipio. Y la vivienda social en los municipios afectados es anecd\u00f3tica: en Paiporta hay ocho viviendas sociales; en Torrent, 65; en Aldaia, 22.<\/p>\n<blockquote><p>\u201cLa vivienda no es s\u00f3lo un bien que se ha perdido. Es un derecho humano que sigue sin estar garantizado un a\u00f1o despu\u00e9s de la dana\u201d, se\u00f1alan desde Amnist\u00eda Internacional<\/p><\/blockquote>\n<p>El dise\u00f1o de las ayudas, basado en una solicitud por vivienda, analizan \u201cno contempla el contexto de escasez y encarecimiento del alquiler, que obliga a las personas con menos recursos a recurrir al arrendamiento de habitaciones\u201d, como \u00fanica alternativa viable para acceder a una vivienda. \u201cLa vivienda no es s\u00f3lo un bien que se ha perdido. Es un derecho humano que sigue sin estar garantizado un a\u00f1o despu\u00e9s de la dana\u201d, se\u00f1ala Mendiola.<\/p>\n<p>La crisis clim\u00e1tica convierte cada tormenta en un riesgo mayor, pero el problema de fondo, se\u00f1ala Teresa Garc\u00eda del Vello, investigadora sobre derecho a la vivienda de Amnist\u00eda Internacional en Espa\u00f1a, es estructural. \u201cLa ausencia de planificaci\u00f3n, la escasez de vivienda social y las pol\u00edticas de construir de espaldas a los derechos de la gente garantizan que la pr\u00f3xima cat\u00e1strofe vuelva a golpear con m\u00e1s dureza a quienes ya estaban en situaci\u00f3n de vulnerabilidad\u201d, a\u00f1ade. La falta de vivienda social ha dejado a muchas familias \u201csin un alojamiento adecuado\u201d.\u00a0<\/p>\n<\/div>\n<p style=\"text-align: justify;\"><strong><a title=\"Ver a: Mart\u00edn C\u00faneo\" href=\"https:\/\/www.elsaltodiario.com\/autor\/martin-cuneo\" data-phx-link=\"redirect\" data-phx-link-state=\"push\">Mart\u00edn C\u00faneo <\/a><\/strong><\/p>\n<p style=\"text-align: justify;\"><span class=\"autores\"><span class=\"autor minimo\"><a title=\"Ver a: Eva M\u00e1\u00f1ez\" href=\"https:\/\/www.elsaltodiario.com\/autor\/eva-manez\" data-phx-link=\"redirect\" data-phx-link-state=\"push\">FOTO:\u00a0 Eva M\u00e1\u00f1ez <\/a> <\/span> Decenas de viviendas se han visto afectadas por la dana del 29 de octubre. Cientos de ellas han tenido que ser demolidas.<\/span><\/p>\n<p style=\"text-align: justify;\">https:\/\/www.elsaltodiario.com\/valencia\/construccion-zonas-inundables-valencia-sigue-poniendo-peligro-decenas-miles-personas<\/p>\n<section id=\"articulo-textos\" class=\"contenido articulo-textos\">\n<div class=\"container\">\n<div class=\"row\">\n<div class=\"col-contenido med\">\n<div class=\"container\">\n<div class=\"row\">\n<div class=\"col-md-3\" style=\"text-align: justify;\">\u00a0<\/div>\n<div class=\"col-md-9\">\n<div class=\"contenido\">\n<div class=\"semi-fijo normal\">\n<div class=\"autores\">\n<div class=\"autoria\">\n<div class=\"autor d-flex align-items-center\" style=\"text-align: justify;\">\u00a0<\/div>\n<\/div>\n<\/div>\n<\/div>\n<\/div>\n<\/div>\n<\/div>\n<\/div>\n<\/div>\n<\/div>\n<\/div>\n<\/section>\n","protected":false},"excerpt":{"rendered":"<p>A un a\u00f1o del paso de la dana, Amnist\u00eda Internacional denuncia que las instituciones no&#8230;<\/p>\n","protected":false},"author":1,"featured_media":79778,"comment_status":"closed","ping_status":"closed","sticky":false,"template":"","format":"standard","meta":{"_coblocks_attr":"","_coblocks_dimensions":"","_coblocks_responsive_height":"","_coblocks_accordion_ie_support":"","jetpack_post_was_ever_published":false,"_jetpack_newsletter_access":"","_jetpack_dont_email_post_to_subs":false,"_jetpack_newsletter_tier_id":0,"_jetpack_memberships_contains_paywalled_content":false,"_jetpack_memberships_contains_paid_content":false,"footnotes":"","jetpack_publicize_message":"","jetpack_publicize_feature_enabled":true,"jetpack_social_post_already_shared":true,"jetpack_social_options":{"image_generator_settings":{"template":"highway","default_image_id":0,"enabled":false},"version":2}},"categories":[1161,44,6937],"tags":[],"class_list":["post-79777","post","type-post","status-publish","format-standard","has-post-thumbnail","hentry","category-ciudadania","category-noticias-de-hoy","category-sociedad"],"jetpack_publicize_connections":[],"jetpack_featured_media_url":"https:\/\/i0.wp.com\/miradordeatarfe.es\/wp-content\/uploads\/2025\/10\/PAIPORTA_46-copia.jpg?fit=1500%2C1000&ssl=1","jetpack_likes_enabled":true,"jetpack_sharing_enabled":true,"_links":{"self":[{"href":"https:\/\/miradordeatarfe.es\/index.php?rest_route=\/wp\/v2\/posts\/79777","targetHints":{"allow":["GET"]}}],"collection":[{"href":"https:\/\/miradordeatarfe.es\/index.php?rest_route=\/wp\/v2\/posts"}],"about":[{"href":"https:\/\/miradordeatarfe.es\/index.php?rest_route=\/wp\/v2\/types\/post"}],"author":[{"embeddable":true,"href":"https:\/\/miradordeatarfe.es\/index.php?rest_route=\/wp\/v2\/users\/1"}],"replies":[{"embeddable":true,"href":"https:\/\/miradordeatarfe.es\/index.php?rest_route=%2Fwp%2Fv2%2Fcomments&post=79777"}],"version-history":[{"count":1,"href":"https:\/\/miradordeatarfe.es\/index.php?rest_route=\/wp\/v2\/posts\/79777\/revisions"}],"predecessor-version":[{"id":79779,"href":"https:\/\/miradordeatarfe.es\/index.php?rest_route=\/wp\/v2\/posts\/79777\/revisions\/79779"}],"wp:featuredmedia":[{"embeddable":true,"href":"https:\/\/miradordeatarfe.es\/index.php?rest_route=\/wp\/v2\/media\/79778"}],"wp:attachment":[{"href":"https:\/\/miradordeatarfe.es\/index.php?rest_route=%2Fwp%2Fv2%2Fmedia&parent=79777"}],"wp:term":[{"taxonomy":"category","embeddable":true,"href":"https:\/\/miradordeatarfe.es\/index.php?rest_route=%2Fwp%2Fv2%2Fcategories&post=79777"},{"taxonomy":"post_tag","embeddable":true,"href":"https:\/\/miradordeatarfe.es\/index.php?rest_route=%2Fwp%2Fv2%2Ftags&post=79777"}],"curies":[{"name":"wp","href":"https:\/\/api.w.org\/{rel}","templated":true}]}}