{"id":79783,"date":"2025-11-01T13:32:11","date_gmt":"2025-11-01T12:32:11","guid":{"rendered":"https:\/\/miradordeatarfe.es\/?p=79783"},"modified":"2025-11-01T13:36:36","modified_gmt":"2025-11-01T12:36:36","slug":"las-familias-del-bloque-de-atarfe-siguen-fuera-de-casa","status":"publish","type":"post","link":"https:\/\/miradordeatarfe.es\/?p=79783","title":{"rendered":"ATARFE: ACCIDENTE DE LA URBANIZACI\u00d3N HADIRA ELVIRA"},"content":{"rendered":"<h3 style=\"text-align: justify;\">OS PONEMOS LA NOTICIA QUE IDEAL HA PUBLICADO HOY 1\/11\/2025<\/h3>\n<h3 style=\"text-align: justify;\">Las familias del bloque de Atarfe siguen fuera de casa. No obstante, Bomberos de Granada y t\u00e9cnicos municipales certificaron durante la tarde del viernes que la estructura no sufri\u00f3 da\u00f1os con la explosi\u00f3n<\/h3>\n<p class=\"v-p\" style=\"text-align: justify;\">Las familias que el pasado jueves por la tarde tuvieron que ser desalojadas en la urbanizaci\u00f3n Hadira Elvira de Atarfe tras producirse una deflagraci\u00f3n de <span class=\"paywall pw-open\">gas e incendiarse una vivienda contin\u00faan fuera de sus casas m\u00e1s de 24 horas despu\u00e9s. No obstante, seg\u00fan ha podido saber IDEAL, efectivos de Bomberos de Granada y t\u00e9cnicos del Ayuntamiento del municipio certificaron, definitivamente, la estructura no se ha visto perjudicada por la explosi\u00f3n.<\/span><\/p>\n<div class=\"paywall\" style=\"text-align: justify;\" data-mrf-recirculation=\"Link art\u00edculos\">\n<div class=\"v-c-cmp v-c-cmp--t1\">\n<div class=\"v-cmp-prp\">\n<div class=\"v-prp v-clp-4\" data-voc-component=\"show-more\">\n<ul class=\"v-prp__u v-clp__w\">\n<li class=\"v-prp__l v-clp__c\"><a class=\"v-prp__a\" title=\"\u00abLa casa tembl\u00f3 tanto con la explosi\u00f3n que mi novia pens\u00f3 que era un terremoto\u00bb\" href=\"https:\/\/www.ideal.es\/granada\/area-metropolitana\/casa-temblo-explosion-novia-penso-era-terremoto-20251031113226-nt.html\" data-mrf-link=\"https:\/\/www.ideal.es\/granada\/area-metropolitana\/casa-temblo-explosion-novia-penso-era-terremoto-20251031113226-nt.html\"> \u00abLa casa tembl\u00f3 tanto con la explosi\u00f3n que mi novia pens\u00f3 que era un terremoto\u00bb <\/a><\/li>\n<li class=\"v-prp__l v-clp__c\">\n<h3><a class=\"v-prp__a\" title=\"El restaurante que acogi\u00f3 y dio de cenar gratis a los afectados por la explosi\u00f3n\" href=\"https:\/\/www.ideal.es\/granada\/area-metropolitana\/gente-mayor-chiquillos-llorando-salieron-descalzos-20251031131715-nt.html\" data-mrf-link=\"https:\/\/www.ideal.es\/granada\/area-metropolitana\/gente-mayor-chiquillos-llorando-salieron-descalzos-20251031131715-nt.html\"> El restaurante que acogi\u00f3 y dio de cenar gratis a los afectados por la explosi\u00f3n\u00a0 CASA MARINO)<\/a><\/h3>\n<\/li>\n<\/ul>\n<\/div>\n<\/div>\n<\/div>\n<p class=\"v-p\">Este viernes, el d\u00eda despu\u00e9s del susto, este medio se traslad\u00f3 hasta este edificio de Atarfe. Efectivos de Bomberos de Granada, Guardia Civil y Polic\u00eda Local estuvieron trabajando sobre el terreno desde primera hora para asegurar la estructura del inmueble y esclarecer lo ocurrido. En el interior de la urbanizaci\u00f3n, junto a la pista de p\u00e1del y la zona de columpios infantiles, hab\u00eda varios grupos de vecinos de los otros bloques, que no llegaron a sufrir ning\u00fan tipo de da\u00f1o. En total, hay cinco bloques; el que se incendi\u00f3 es el tercero y consta de 14 viviendas.<\/p>\n<div id=\"wms-intext\" class=\"wms-intext\">\n<div id=\"jw-ms365365\" class=\"St_jw-ms365365\">\n<div class=\"wm-wrapper jw-wrapper\">\n<div class=\"wm-aspect wm-media-wrapper\">\u00a0<\/div>\n<\/div>\n<\/div>\n<\/div>\n<p class=\"v-p\">Seg\u00fan estos residentes, que en ning\u00fan momento se vieron obligados a abandonar sus hogares, algunos de los vecinos desalojados se hab\u00edan acercado a lo largo de la ma\u00f1ana para intentar acceder a sus viviendas, pero al ver que todav\u00eda no era posible decidieron marcharse. \u00abHay sangre ah\u00ed, en las escaleras y tambi\u00e9n en el piso de al lado\u00bb, se escuch\u00f3 decir a uno. Por el momento, no se ha confirmado la causa del siniestro. La Polic\u00eda Judicial contin\u00faa investigando con apoyo de los TEDAX de la Guardia Civil, especialistas en desactivaci\u00f3n de artefactos explosivos.<\/p>\n<p class=\"v-p\">Los hechos tuvieron lugar a las 19.57 horas del jueves 30 de octubre, cuando m\u00e1s de una veintena de vecinos alertaron al centro de coordinaci\u00f3n de Emergencias de Andaluc\u00eda por una deflagraci\u00f3n de gas y posterior incendio de un \u00e1tico en un bloque de viviendas de dos plantas, ubicado en la calle Alcoholera. Un total de cuatro personas resultaron heridas y dos requirieron asistencia m\u00e9dica por una crisis de ansiedad.<\/p>\n<p class=\"v-p\">En el lugar intervinieron los Bomberos de Granada, junto con Guardia Civil y Polic\u00eda Local, con la colaboraci\u00f3n de la agrupaci\u00f3n de voluntariado de Protecci\u00f3n Civil y la compa\u00f1\u00eda suministradora de gas.<\/p>\n<p class=\"v-p\"><strong>Restos de sillas y persianas<\/strong><\/p>\n<p class=\"v-p\">La barandilla de la terraza del piso donde se origin\u00f3 el fuego acab\u00f3 estampada contra un seto. Durante la visita de este medio, el suelo de los jardines a\u00fan se encontraba repleto de cristales de las ventanas, que estallaron con la deflagraci\u00f3n. En cada esquina, hab\u00eda trozos de sillas de pl\u00e1stico, de persianas&#8230; Se pod\u00edan encontrar restos por todas partes. Incluso en el descampado de enfrente, a unos cuantos metros de distancia, IDEAL encontr\u00f3 cortinas y unas correas de suspensi\u00f3n para hacer deporte. El equipo de Criminal\u00edstica de la Guardia Civil se encarg\u00f3 de recoger las muestras pertinentes.<\/p>\n<p class=\"v-p\">En el momento del suceso, la Corporaci\u00f3n municipal se encontraba celebrando el pleno correspondiente al mes de octubre. \u00abVarios concejales recibieron llamadas alertando y nos trasladamos hasta el lugar. Daba miedo c\u00f3mo las llamas sal\u00edan de la vivienda y el ca\u00f1\u00f3n de humo. Fue terrible\u00bb, asever\u00f3 a este peri\u00f3dico la alcaldesa, Yolanda Fern\u00e1ndez. Seg\u00fan ella, ya se ha confirmado la seguridad del inmueble y \u00abse ha protegido, sobre todo en las puertas, que salieron volando con el incendio\u00bb.<\/p>\n<p class=\"v-p\">Aun as\u00ed, al cierre de esta edici\u00f3n, todav\u00eda no se hab\u00eda restablecido el servicio de agua, tampoco la luz, y el gas segu\u00eda cortado, seg\u00fan inform\u00f3 a esta redacci\u00f3n la alcaldesa del municipio, Yolanda Fern\u00e1ndez. Dada la situaci\u00f3n, el consistorio atarfe\u00f1o decidi\u00f3 mantener la reubicaci\u00f3n de los vecinos. La primera noche, la mayor\u00eda se cobij\u00f3 en casa de familiares o amigos. Solo cuatro familias requirieron apoyo municipal yse hospedaron en el Hotel Corona. Dos de ellas tambi\u00e9n han pasado all\u00ed esta segunda noche.<\/p>\n<\/div>\n<div class=\"v-mdl-ath__inf\">\n<p class=\"v-mdl-ath__p v-mdl-ath__p--2\"><strong><a href=\"https:\/\/www.ideal.es\/autor\/sara-barcena-hernandez-6740.html\" data-mrf-link=\"https:\/\/www.ideal.es\/autor\/sara-barcena-hernandez-6740.html\">Sara B\u00e1rcena Hern\u00e1ndez<\/a><\/strong><\/p>\n<p>FOTO: <span class=\"v-fc__t\">Inspecci\u00f3n en el piso incendiado en busca de pruebas este viernes.<\/span> <span class=\"v-fc__p\">Pepe Mar\u00edn<\/span><\/p>\n<p>https:\/\/www.ideal.es\/granada\/area-metropolitana\/familias-bloque-atarfe-siguen-casa-20251101234835-nt.html<\/p>\n<\/div>\n<p>&nbsp;<\/p>\n","protected":false},"excerpt":{"rendered":"<p>OS PONEMOS LA NOTICIA QUE IDEAL HA PUBLICADO HOY 1\/11\/2025 Las familias del bloque de&#8230;<\/p>\n","protected":false},"author":1,"featured_media":79784,"comment_status":"closed","ping_status":"closed","sticky":false,"template":"","format":"standard","meta":{"_coblocks_attr":"","_coblocks_dimensions":"","_coblocks_responsive_height":"","_coblocks_accordion_ie_support":"","jetpack_post_was_ever_published":false,"_jetpack_newsletter_access":"","_jetpack_dont_email_post_to_subs":false,"_jetpack_newsletter_tier_id":0,"_jetpack_memberships_contains_paywalled_content":false,"_jetpack_memberships_contains_paid_content":false,"footnotes":"","jetpack_publicize_message":"","jetpack_publicize_feature_enabled":true,"jetpack_social_post_already_shared":true,"jetpack_social_options":{"image_generator_settings":{"template":"highway","default_image_id":0,"enabled":false},"version":2}},"categories":[2,1161,44,10799],"tags":[],"class_list":["post-79783","post","type-post","status-publish","format-standard","has-post-thumbnail","hentry","category-atarfe","category-ciudadania","category-noticias-de-hoy","category-voluntariado"],"jetpack_publicize_connections":[],"jetpack_featured_media_url":"https:\/\/i0.wp.com\/miradordeatarfe.es\/wp-content\/uploads\/2025\/11\/atarfe-kpVG-U240784101680M-1200x840%40Ideal.webp?fit=1200%2C840&ssl=1","jetpack_likes_enabled":true,"jetpack_sharing_enabled":true,"_links":{"self":[{"href":"https:\/\/miradordeatarfe.es\/index.php?rest_route=\/wp\/v2\/posts\/79783","targetHints":{"allow":["GET"]}}],"collection":[{"href":"https:\/\/miradordeatarfe.es\/index.php?rest_route=\/wp\/v2\/posts"}],"about":[{"href":"https:\/\/miradordeatarfe.es\/index.php?rest_route=\/wp\/v2\/types\/post"}],"author":[{"embeddable":true,"href":"https:\/\/miradordeatarfe.es\/index.php?rest_route=\/wp\/v2\/users\/1"}],"replies":[{"embeddable":true,"href":"https:\/\/miradordeatarfe.es\/index.php?rest_route=%2Fwp%2Fv2%2Fcomments&post=79783"}],"version-history":[{"count":4,"href":"https:\/\/miradordeatarfe.es\/index.php?rest_route=\/wp\/v2\/posts\/79783\/revisions"}],"predecessor-version":[{"id":79788,"href":"https:\/\/miradordeatarfe.es\/index.php?rest_route=\/wp\/v2\/posts\/79783\/revisions\/79788"}],"wp:featuredmedia":[{"embeddable":true,"href":"https:\/\/miradordeatarfe.es\/index.php?rest_route=\/wp\/v2\/media\/79784"}],"wp:attachment":[{"href":"https:\/\/miradordeatarfe.es\/index.php?rest_route=%2Fwp%2Fv2%2Fmedia&parent=79783"}],"wp:term":[{"taxonomy":"category","embeddable":true,"href":"https:\/\/miradordeatarfe.es\/index.php?rest_route=%2Fwp%2Fv2%2Fcategories&post=79783"},{"taxonomy":"post_tag","embeddable":true,"href":"https:\/\/miradordeatarfe.es\/index.php?rest_route=%2Fwp%2Fv2%2Ftags&post=79783"}],"curies":[{"name":"wp","href":"https:\/\/api.w.org\/{rel}","templated":true}]}}