{"id":79804,"date":"2025-11-03T11:24:57","date_gmt":"2025-11-03T10:24:57","guid":{"rendered":"https:\/\/miradordeatarfe.es\/?p=79804"},"modified":"2026-03-01T21:03:11","modified_gmt":"2026-03-01T20:03:11","slug":"solo-desprecio-por-remedios-sanchez","status":"publish","type":"post","link":"https:\/\/miradordeatarfe.es\/?p=79804","title":{"rendered":"\u00abS\u00f3lo desprecio\u00bb por Remedios S\u00e1nchez"},"content":{"rendered":"<h3 class=\"v-p\" style=\"text-align: justify;\">\u00daltimamente sucede en Valencia que, cuando la lluvia llama, se remueven los muertos. Miguel Hern\u00e1ndez lo escribi\u00f3 con la rotundidad cruda de quien ve el <span class=\"paywall pw-open\">poso de cieno en el fondo del agua; por eso, cada vez que el cielo abandona su azul calmo y vira al gris naufragio, el Levante entero siente el estremecimiento porque es una tierra en la que, como cantaba Raimon, las tormentas ha oscilado siempre entre la cat\u00e1strofe y la sequ\u00eda, entre la ambici\u00f3n de huerta generosa y la devastaci\u00f3n del esfuerzo de d\u00e9cadas.<\/span><\/h3>\n<p class=\"v-p\" style=\"text-align: justify;\"><span class=\"paywall pw-open\"> De esta manera comenz\u00f3 la tragedia del 29 de octubre pasado, convirtiendo una esperanza minut\u00edsima de feraz aliento para los frutales en paisaje f\u00fanebre desolador, 229 vidas arrasadas, municipios hundidos en barro y en silencio. Pero no fue m\u00e1s que el principio, porque la intensidad de este desastre ha revelado tanto la pujanza de la solidaridad colectiva como la desnudez moral de quienes ostentan el poder con una inconsciencia solo parangonable a su soberbia.<\/span><\/p>\n<div class=\"paywall\" data-mrf-recirculation=\"Link art\u00edculos\">\n<p class=\"v-p\" style=\"text-align: justify;\">Y ah\u00ed se convierte en protagonista Carlos Maz\u00f3n, presidente valenciano, caballerazo antiguo que presume de vestirse por los pies pero constantemente acaba por definirse con sus hechos como un valent\u00f3n de teatro del Siglo de Oro: fuese y no hubo nada. El alicantino tuvo la oportunidad de ejercer como un l\u00edder comprometido con el destino colectivo si hubiera estado atento a sus obligaciones en un momento aciago en el que se pudo evitar tanta desolaci\u00f3n, pero prefiri\u00f3 encarnar el papel anacr\u00f3nico del gal\u00e1n lopesco en una comedia que acab\u00f3 tr\u00e1gicamente. No para \u00e9l, porque ha demostrado que todo le resbala (dolor, muerte, dignidad o coherencia), sino para la comunidad que lo eligi\u00f3 para gobernarla. No se puede entender de otra manera que se aferre al sill\u00f3n un mandatario que, sabiendo que una borrasca pod\u00eda devorar su regi\u00f3n, se mantuvo absorto en prolongada sobremesa con una amiga. Casi cuatro horas dur\u00f3 el esparcimiento presidencial, tiempo suficiente para que las ramblas desbordaran su paciencia y la furia ancestral de los r\u00edos engullese barrios enteros.<\/p>\n<p class=\"v-p\" style=\"text-align: justify;\">En mi pa\u00eds, insist\u00eda Raimon, la lluvia no sabe llover, y quiz\u00e1s tampoco la mayor\u00eda de los mandamases saben gestionar las consecuencias de una cat\u00e1strofe. En demasiadas ocasiones les pilla con las manos ocupadas, como a Maz\u00f3n, y eso es lo que desalienta; porque nadie ped\u00eda a don Carlos frenar la fuerza de la naturaleza, pero s\u00ed hacer todo lo posible para evitar unos estragos de esta magnitud. Es decir, exactamente lo contrario de lo que hicieron ignorando todas las alertas, improvisando planes cuando ya era tarde y dejando a la poblaci\u00f3n a su suerte. Porque fue la gente normal sin medios pero con determinaci\u00f3n recia, quien se enfrent\u00f3 primero a tanta adversidad dej\u00e1ndonos as\u00ed un testimonio imperecedero de la fraternidad humana en momentos aciagos frente al abismo de la incapacidad manifiesta y la dejaci\u00f3n de responsabilidades auton\u00f3mica.<\/p>\n<p class=\"v-p\" style=\"text-align: justify;\">Con ese ejemplo que dio el pueblo, resulta ignominioso el comportamiento del todav\u00eda dirigente popular valenciano no s\u00f3lo esa tarde-noche que se completa sino despu\u00e9s: su ret\u00f3rica de mentiras huecas para justificarse, sus silencios hirientes para la memoria de los difuntos y su propia presencia donde ya ni se le quiere ni se le necesita. Son los \u00faltimos estertores de un poder mal entendido, una contumaz resistencia carente de honor que solo merece como respuesta la expulsi\u00f3n urgente de su partido y el desprecio colectivo.<\/p>\n<p>FOTO: Susana Camarero (izquierda), Salom\u00e9 Pradas y Carlos Maz\u00f3n, en el primer pleno de Les Corts Valencianes tras la DANA. EP\/Archivo.\u00a0<\/p>\n<\/div>\n","protected":false},"excerpt":{"rendered":"<p>\u00daltimamente sucede en Valencia que, cuando la lluvia llama, se remueven los muertos. Miguel Hern\u00e1ndez&#8230;<\/p>\n","protected":false},"author":1,"featured_media":79805,"comment_status":"closed","ping_status":"closed","sticky":false,"template":"","format":"standard","meta":{"_coblocks_attr":"","_coblocks_dimensions":"","_coblocks_responsive_height":"","_coblocks_accordion_ie_support":"","jetpack_post_was_ever_published":false,"_jetpack_newsletter_access":"","_jetpack_dont_email_post_to_subs":false,"_jetpack_newsletter_tier_id":0,"_jetpack_memberships_contains_paywalled_content":false,"_jetpack_memberships_contains_paid_content":false,"footnotes":"","jetpack_publicize_message":"","jetpack_publicize_feature_enabled":true,"jetpack_social_post_already_shared":true,"jetpack_social_options":{"image_generator_settings":{"template":"highway","default_image_id":0,"enabled":false},"version":2}},"categories":[10804,1161,44,7671,6914],"tags":[],"class_list":["post-79804","post","type-post","status-publish","format-standard","has-post-thumbnail","hentry","category-cambio-climatico","category-ciudadania","category-noticias-de-hoy","category-politica","category-opinion-de-reme-sanchez"],"jetpack_publicize_connections":[],"jetpack_featured_media_url":"https:\/\/i0.wp.com\/miradordeatarfe.es\/wp-content\/uploads\/2025\/11\/mazon.jpeg?fit=320%2C180&ssl=1","jetpack_likes_enabled":true,"jetpack_sharing_enabled":true,"_links":{"self":[{"href":"https:\/\/miradordeatarfe.es\/index.php?rest_route=\/wp\/v2\/posts\/79804","targetHints":{"allow":["GET"]}}],"collection":[{"href":"https:\/\/miradordeatarfe.es\/index.php?rest_route=\/wp\/v2\/posts"}],"about":[{"href":"https:\/\/miradordeatarfe.es\/index.php?rest_route=\/wp\/v2\/types\/post"}],"author":[{"embeddable":true,"href":"https:\/\/miradordeatarfe.es\/index.php?rest_route=\/wp\/v2\/users\/1"}],"replies":[{"embeddable":true,"href":"https:\/\/miradordeatarfe.es\/index.php?rest_route=%2Fwp%2Fv2%2Fcomments&post=79804"}],"version-history":[{"count":1,"href":"https:\/\/miradordeatarfe.es\/index.php?rest_route=\/wp\/v2\/posts\/79804\/revisions"}],"predecessor-version":[{"id":79806,"href":"https:\/\/miradordeatarfe.es\/index.php?rest_route=\/wp\/v2\/posts\/79804\/revisions\/79806"}],"wp:featuredmedia":[{"embeddable":true,"href":"https:\/\/miradordeatarfe.es\/index.php?rest_route=\/wp\/v2\/media\/79805"}],"wp:attachment":[{"href":"https:\/\/miradordeatarfe.es\/index.php?rest_route=%2Fwp%2Fv2%2Fmedia&parent=79804"}],"wp:term":[{"taxonomy":"category","embeddable":true,"href":"https:\/\/miradordeatarfe.es\/index.php?rest_route=%2Fwp%2Fv2%2Fcategories&post=79804"},{"taxonomy":"post_tag","embeddable":true,"href":"https:\/\/miradordeatarfe.es\/index.php?rest_route=%2Fwp%2Fv2%2Ftags&post=79804"}],"curies":[{"name":"wp","href":"https:\/\/api.w.org\/{rel}","templated":true}]}}