{"id":7981,"date":"2016-04-05T06:21:47","date_gmt":"2016-04-05T06:21:47","guid":{"rendered":"http:\/\/miradordeatarfe.es\/?p=7981"},"modified":"2016-04-04T13:55:32","modified_gmt":"2016-04-04T13:55:32","slug":"se-dispara-el-numero-de-municipios-que-vetan-el-glifosato-en-espana","status":"publish","type":"post","link":"https:\/\/miradordeatarfe.es\/?p=7981","title":{"rendered":"Se dispara el n\u00famero de municipios que vetan el glifosato en Espa\u00f1a."},"content":{"rendered":"<p style=\"text-align: justify;\">Desde que la OMS clasific\u00f3 el glifosato como<strong>\u00a0\u201cprobablemente cancer\u00edgeno para los seres humanos\u201d <\/strong>en marzo de 2015, el n\u00famero de municipios que ha vetado el uso de este herbicida en su territorio se ha disparado. <!--more-->Pleno a pleno,\u00a0los ayuntamientos han ido poniendo barreras a la aplicaci\u00f3n de este producto, usado de forma extendida para eliminar \u201cmalas hierbas\u201d en el mantenimiento de espacios p\u00fablicos como parques, jardines o colegios.<\/p>\n<p style=\"text-align: justify;\">El por qu\u00e9 de esta oleada de restricciones estriba en que la ciudadan\u00eda es cada vez m\u00e1s consciente de que el uso del glifosato es peligroso, no es necesario y tiene una alternativa que respeta el medio ambiente y la salud p\u00fablica:\u00a0<strong>la agricultura y la jardiner\u00eda ecol\u00f3gica.<\/strong><\/p>\n<blockquote><p>Esta b\u00fasqueda de alternativas han querido promover ayuntamientos como los de<strong>\u00a0Talavera de la Reina (Toledo) o Navalafuente (Madrid)<\/strong>\u00a0que han aprobado en el pleno que\u00a0<em>\u201cel ayuntamiento no autoriza la aplicaci\u00f3n de herbicidas para ning\u00fan tipo de uso no agrario en los espacios de uso p\u00fablico, carreteras o redes de servicio en la totalidad del t\u00e9rmino municipal, solicitando que los trabajos de eliminaci\u00f3n de vegetaci\u00f3n se realicen con m\u00e9todos no qu\u00edmicos\u201d<\/em>.<\/p><\/blockquote>\n<p style=\"text-align: justify;\">Cualquier adjudicatario al servicio del ayuntamiento catal\u00e1n de Badalona, encontrar\u00e1 entre los pliegos de contrataci\u00f3n, la prohibici\u00f3n expresa del empleo de glifosato en cualquiera de sus tareas. Los ayuntamientos de\u00a0<strong>Barcelona, Tarragona, Zaragoza, Madrid o Valdemoro<\/strong>\u00a0han decidido erradicar el uso de glifosato en su territorio y poner en pr\u00e1ctica alternativas menos t\u00f3xicas en el plazo de un a\u00f1o. Otras localidades valencianas como la de\u00a0<strong>Onda, Xirivella, Alzira y Castell\u00f3n<\/strong>\u00a0ya han dejado de utilizar glifosato en las labores de mantenimiento.\u00a0<strong>Cabez\u00f3n de la Sal y Fuencaliente<\/strong>, por su parte acompa\u00f1an el abandono del uso de este agrot\u00f3xico con otros retos como el de fomentar la agricultura ecol\u00f3gica y la compra de productos ecol\u00f3gicos y el de declarar libre de transg\u00e9nicos en su municipio c\u00e1ntabro y canario respectivamente. Siguen tambi\u00e9n declar\u00e1ndose Ciudades Libres de Glifosato municipios como\u00a0<strong>Laguna del Duero, localizado en Valladolid o la terreta gironesa de Planoles, que ha ampliado la figura de protecci\u00f3n a Ciudad Libre de Pesticidas.<\/strong><\/p>\n<p style=\"text-align: justify;\">Todos estos municipios se suman a una larga lista de localidades que ya hab\u00edan hecho restricciones en a\u00f1os anteriores, tal y como registr\u00f3 Ecologistas en Acci\u00f3n en su art\u00edculo\u00a0<a href=\"https:\/\/libresdecontaminanteshormonales.wordpress.com\/2015\/04\/14\/un-modelo-a-seguir-para-eliminar-el-uso-de-glifosato-en-los-espacios-publicos\/\" target=\"_blank\">Un modelo a seguir para eliminar el uso de glifosato en los espacios p\u00fablicos<\/a>. En total, m\u00e1s de\u00a0<strong>45 municipios en Espa\u00f1a<\/strong>\u00a0ya han establecido alg\u00fan tipo de restricci\u00f3n al uso de glifosato. Estas limitaciones comienzan a transgredir el \u00e1mbito municipal, como ha pasado con la comunidad aut\u00f3noma de Extremadura que recientemente se ha declarado libre de glifosato. Y no solo es exclusivo de nuestra geograf\u00eda,\u00a0<strong>Francia que cuenta con 400 ciudades libres de pesticidas ha prohibido la venta de glifosato para uso privado.<\/strong>\u00a0He aqu\u00ed una prueba fehaciente de que cada paso cuenta y de que los municipios son palancas de cambio que pueden lograr que los estados proh\u00edban finalmente el empleo del glifosato.<\/p>\n<p style=\"text-align: justify;\">La autorizaci\u00f3n para el uso del glifosato en la UE caduca en junio, por ello la Comisi\u00f3n Europea present\u00f3 una propuesta para renovar su autorizaci\u00f3n por otros\u00a0<strong>\u00a115 a\u00f1os sin ninguna restricci\u00f3n!<\/strong>Debido a la preocupaci\u00f3n por la salud p\u00fablica y a la presi\u00f3n ciudadana varios pa\u00edses se han opuesto y la CE ha tenido que aplazar la decisi\u00f3n, que tendr\u00e1 lugar en los pr\u00f3ximos meses. Mientras se espera, cada paso cuenta para erradicar el uso de este peligroso herbicida.<\/p>\n<p style=\"text-align: justify;\"><strong>Por eso tu acci\u00f3n puede marcar la diferencia&#8230;<\/strong><br \/>\n&#8211; Desde Amigos de la Tierra, CECU, COAG, Ecologistas en Acci\u00f3n, Red de Semillas y Greenpeace se ha elaborado\u00a0<strong>una carta conjunta para animar a los ayuntamientos a que dejen de utilizar glifosato.<br \/>\n<\/strong><\/p>\n<p style=\"text-align: justify;\">\u00a1Sigamos con la oleada de municipios que se suman a la iniciativa!\u00a0<a href=\"http:\/\/www.greenpeace.org\/espana\/es\/Informes-2015\/Diciembre\/Carta-para-declarar-zona-libre-de-transgenicos\/\" target=\"_blank\">\u00bfte animas a enviar la carta al tuyo?<\/a><\/p>\n<blockquote><p><strong>\u00bfQu\u00e9 m\u00e1s puedes hacer?<\/strong><br \/>\nFirma para pedir al\u00a0<a href=\"https:\/\/secured.greenpeace.org\/espana\/es\/Que-puedes-hacer-tu\/Ser-ciberactivista\/glifosato\/\" target=\"_blank\">Gobierno espa\u00f1ol que se oponga a la re-autorizaci\u00f3n del glifosato por otros 15 a\u00f1os<\/a>.<\/p><\/blockquote>\n<p style=\"text-align: justify;\"><strong>Fuente:\u00a0<\/strong>Greenpeace &#8211; <a href=\"http:\/\/www.greenpeace.org\" target=\"_blank\">www.greenpeace.org<\/a><\/p>\n<p style=\"text-align: justify;\"><span id=\"fbPhotoSnowliftCaption\" class=\"fbPhotosPhotoCaption\" tabindex=\"0\" data-ft=\"{&quot;tn&quot;:&quot;K&quot;}\"><span class=\"hasCaption\">\u00a0<\/span><\/span><\/p>\n","protected":false},"excerpt":{"rendered":"<p>Desde que la OMS clasific\u00f3 el glifosato como\u00a0\u201cprobablemente cancer\u00edgeno para los seres humanos\u201d en marzo&#8230;<\/p>\n","protected":false},"author":1,"featured_media":7982,"comment_status":"closed","ping_status":"closed","sticky":false,"template":"","format":"standard","meta":{"_coblocks_attr":"","_coblocks_dimensions":"","_coblocks_responsive_height":"","_coblocks_accordion_ie_support":"","jetpack_post_was_ever_published":false,"_jetpack_newsletter_access":"","_jetpack_dont_email_post_to_subs":false,"_jetpack_newsletter_tier_id":0,"_jetpack_memberships_contains_paywalled_content":false,"_jetpack_memberships_contains_paid_content":false,"footnotes":"","jetpack_publicize_message":"","jetpack_publicize_feature_enabled":true,"jetpack_social_post_already_shared":false,"jetpack_social_options":{"image_generator_settings":{"template":"highway","default_image_id":0,"enabled":false},"version":2}},"categories":[1161,44,15],"tags":[2427,2426,2428,2294],"class_list":["post-7981","post","type-post","status-publish","format-standard","has-post-thumbnail","hentry","category-ciudadania","category-noticias-de-hoy","category-ultimas-noticias","tag-agricultura-ecologica","tag-campos","tag-perticidas","tag-vega"],"jetpack_publicize_connections":[],"jetpack_featured_media_url":"https:\/\/i0.wp.com\/miradordeatarfe.es\/wp-content\/uploads\/2016\/04\/%C3%ADndice-3.jpeg?fit=320%2C157&ssl=1","jetpack_likes_enabled":true,"jetpack_sharing_enabled":true,"_links":{"self":[{"href":"https:\/\/miradordeatarfe.es\/index.php?rest_route=\/wp\/v2\/posts\/7981","targetHints":{"allow":["GET"]}}],"collection":[{"href":"https:\/\/miradordeatarfe.es\/index.php?rest_route=\/wp\/v2\/posts"}],"about":[{"href":"https:\/\/miradordeatarfe.es\/index.php?rest_route=\/wp\/v2\/types\/post"}],"author":[{"embeddable":true,"href":"https:\/\/miradordeatarfe.es\/index.php?rest_route=\/wp\/v2\/users\/1"}],"replies":[{"embeddable":true,"href":"https:\/\/miradordeatarfe.es\/index.php?rest_route=%2Fwp%2Fv2%2Fcomments&post=7981"}],"version-history":[{"count":1,"href":"https:\/\/miradordeatarfe.es\/index.php?rest_route=\/wp\/v2\/posts\/7981\/revisions"}],"predecessor-version":[{"id":7983,"href":"https:\/\/miradordeatarfe.es\/index.php?rest_route=\/wp\/v2\/posts\/7981\/revisions\/7983"}],"wp:featuredmedia":[{"embeddable":true,"href":"https:\/\/miradordeatarfe.es\/index.php?rest_route=\/wp\/v2\/media\/7982"}],"wp:attachment":[{"href":"https:\/\/miradordeatarfe.es\/index.php?rest_route=%2Fwp%2Fv2%2Fmedia&parent=7981"}],"wp:term":[{"taxonomy":"category","embeddable":true,"href":"https:\/\/miradordeatarfe.es\/index.php?rest_route=%2Fwp%2Fv2%2Fcategories&post=7981"},{"taxonomy":"post_tag","embeddable":true,"href":"https:\/\/miradordeatarfe.es\/index.php?rest_route=%2Fwp%2Fv2%2Ftags&post=7981"}],"curies":[{"name":"wp","href":"https:\/\/api.w.org\/{rel}","templated":true}]}}