{"id":79810,"date":"2025-11-05T11:32:15","date_gmt":"2025-11-05T10:32:15","guid":{"rendered":"https:\/\/miradordeatarfe.es\/?p=79810"},"modified":"2025-11-03T12:53:24","modified_gmt":"2025-11-03T11:53:24","slug":"convocada-una-manifestacion-para-la-defensa-de-la-sanidad-publica-el-9-de-noviembre","status":"publish","type":"post","link":"https:\/\/miradordeatarfe.es\/?p=79810","title":{"rendered":"Convocada una manifestaci\u00f3n para la defensa de la sanidad p\u00fablica el 9 de noviembre"},"content":{"rendered":"<h2><span style=\"color: #000000; font-size: medium;\">El pr\u00f3ximo 9 de noviembre Andaluc\u00eda y Granada saldr\u00e1n a las calles para exigir el mantenimiento de una sanidad p\u00fablica de calidad para toda la ciudadan\u00eda.La Plataforma por la salud de Atarfe se une a dicha manifestaci\u00f3n.<\/span><span style=\"color: #003169;\">Ser\u00e1 a las 12:00 horas desde los Jardines del Triunfo hasta la Fuente de las Batallas<\/span><\/h2>\n<h3><span style=\"color: #000000; font-size: medium;\"> La Mesa en Defensa de la Sanidad P\u00fablica de Granada (MDSP Granada) ha convocado una manifestaci\u00f3n en la capital a las 12:00 horas desde los Jardines del Triunfo hasta la Fuente de las Batallas. <\/span><\/h3>\n<p><span style=\"color: #000000; font-size: medium;\">Y es que la sanidad andaluza atraviesa, seg\u00fan la MDSP de Granada una grave crisis, marcada por un deterioro generalizado y planificado, que se manifiesta en esc\u00e1ndalos como \u00ablos errores\u00bb del programa de detecci\u00f3n precoz del c\u00e1ncer de mama, con consecuencias graves para muchas mujeres.\u00a0<\/p>\n<p>En este sentido, ha se\u00f1alado que la pol\u00edtica sanitaria actual ha incrementado en los \u00faltimos a\u00f1os un 60% la financiaci\u00f3n que acaba en manos del sector privado en seis a\u00f1os, principalmente mediante conciertos con empresas sanitarias privadas y sobrecostes innecesarios. El gasto en farmacia ha subido un 70% tras eliminarse el sistema de subastas, lo que supone miles de euros desviados de los fondos p\u00fablicos. El personal sanitario sufre plantillas insuficientes, precarizaci\u00f3n y mala gesti\u00f3n de las bolsas de trabajo, provocando el \u00e9xodo de profesionales. La Atenci\u00f3n Primaria est\u00e1 infradotada y mal gestionada: las citas para medicina de familia superan los diez d\u00edas de espera y el n\u00famero de ni\u00f1os sin pediatra asignado sigue creciendo. Las listas de espera hospitalarias y para pruebas son inasumibles.<\/p>\n<p>Las medidas del Gobierno Andaluz han sido \u00abineficaces, limitadas a ceses y planes de choque fallidos, sin afrontar el fondo del problema: la privatizaci\u00f3n progresiva del sistema\u00bb. <\/p>\n<p>Por todo ello, la Mesa en Defensa de la Sanidad P\u00fablica de Granada, en coordinaci\u00f3n con Mareas Blancas de Andaluc\u00eda, ha convocado a la ciudadan\u00eda a participar en la movilizaci\u00f3n y ha reclamado una sanidad 100% p\u00fablica, universal y de calidad. <strong>\u00ab\u00a1La sanidad est\u00e1 en tus manos!\u00bb.<\/strong><\/p>\n<p>La MDSP ha organizado tambi\u00e9n un concierto para el martes, 4 de noviembre, a las 20:00 horas en la sala Planta Baja, C\/ Horno de Abaz 11, para difundir la convocatoria de la manifestaci\u00f3n, en la que tocar\u00e1n tres grupos granadinos: Soulayr Band, El Combp de la Casilla y Mister Man and The Small Frying Pan.<\/span><\/p>\n<p><img data-recalc-dims=\"1\" loading=\"lazy\" decoding=\"async\" class=\"alignnone wp-image-79811 size-full\" src=\"https:\/\/i0.wp.com\/miradordeatarfe.es\/wp-content\/uploads\/2025\/11\/IMG_20251103_102923.jpg?resize=640%2C898&#038;ssl=1\" alt=\"\" width=\"640\" height=\"898\" srcset=\"https:\/\/i0.wp.com\/miradordeatarfe.es\/wp-content\/uploads\/2025\/11\/IMG_20251103_102923.jpg?w=1080&amp;ssl=1 1080w, https:\/\/i0.wp.com\/miradordeatarfe.es\/wp-content\/uploads\/2025\/11\/IMG_20251103_102923.jpg?resize=214%2C300&amp;ssl=1 214w, https:\/\/i0.wp.com\/miradordeatarfe.es\/wp-content\/uploads\/2025\/11\/IMG_20251103_102923.jpg?resize=729%2C1024&amp;ssl=1 729w, https:\/\/i0.wp.com\/miradordeatarfe.es\/wp-content\/uploads\/2025\/11\/IMG_20251103_102923.jpg?resize=768%2C1078&amp;ssl=1 768w, https:\/\/i0.wp.com\/miradordeatarfe.es\/wp-content\/uploads\/2025\/11\/IMG_20251103_102923.jpg?resize=1024%2C1437&amp;ssl=1 1024w\" sizes=\"auto, (max-width: 640px) 100vw, 640px\" \/><\/p>\n","protected":false},"excerpt":{"rendered":"<p>El pr\u00f3ximo 9 de noviembre Andaluc\u00eda y Granada saldr\u00e1n a las calles para exigir el&#8230;<\/p>\n","protected":false},"author":1,"featured_media":79812,"comment_status":"closed","ping_status":"closed","sticky":false,"template":"","format":"standard","meta":{"_coblocks_attr":"","_coblocks_dimensions":"","_coblocks_responsive_height":"","_coblocks_accordion_ie_support":"","jetpack_post_was_ever_published":false,"_jetpack_newsletter_access":"","_jetpack_dont_email_post_to_subs":false,"_jetpack_newsletter_tier_id":0,"_jetpack_memberships_contains_paywalled_content":false,"_jetpack_memberships_contains_paid_content":false,"footnotes":"","jetpack_publicize_message":"","jetpack_publicize_feature_enabled":true,"jetpack_social_post_already_shared":true,"jetpack_social_options":{"image_generator_settings":{"template":"highway","default_image_id":0,"enabled":false},"version":2}},"categories":[186,44,10805,10],"tags":[],"class_list":["post-79810","post","type-post","status-publish","format-standard","has-post-thumbnail","hentry","category-instituciones","category-noticias-de-hoy","category-plataforma-por-la-sanidad-de-atarfe","category-salud"],"jetpack_publicize_connections":[],"jetpack_featured_media_url":"https:\/\/i0.wp.com\/miradordeatarfe.es\/wp-content\/uploads\/2025\/11\/IMG_20251103_102923ef.jpg?fit=1073%2C710&ssl=1","jetpack_likes_enabled":true,"jetpack_sharing_enabled":true,"_links":{"self":[{"href":"https:\/\/miradordeatarfe.es\/index.php?rest_route=\/wp\/v2\/posts\/79810","targetHints":{"allow":["GET"]}}],"collection":[{"href":"https:\/\/miradordeatarfe.es\/index.php?rest_route=\/wp\/v2\/posts"}],"about":[{"href":"https:\/\/miradordeatarfe.es\/index.php?rest_route=\/wp\/v2\/types\/post"}],"author":[{"embeddable":true,"href":"https:\/\/miradordeatarfe.es\/index.php?rest_route=\/wp\/v2\/users\/1"}],"replies":[{"embeddable":true,"href":"https:\/\/miradordeatarfe.es\/index.php?rest_route=%2Fwp%2Fv2%2Fcomments&post=79810"}],"version-history":[{"count":1,"href":"https:\/\/miradordeatarfe.es\/index.php?rest_route=\/wp\/v2\/posts\/79810\/revisions"}],"predecessor-version":[{"id":79813,"href":"https:\/\/miradordeatarfe.es\/index.php?rest_route=\/wp\/v2\/posts\/79810\/revisions\/79813"}],"wp:featuredmedia":[{"embeddable":true,"href":"https:\/\/miradordeatarfe.es\/index.php?rest_route=\/wp\/v2\/media\/79812"}],"wp:attachment":[{"href":"https:\/\/miradordeatarfe.es\/index.php?rest_route=%2Fwp%2Fv2%2Fmedia&parent=79810"}],"wp:term":[{"taxonomy":"category","embeddable":true,"href":"https:\/\/miradordeatarfe.es\/index.php?rest_route=%2Fwp%2Fv2%2Fcategories&post=79810"},{"taxonomy":"post_tag","embeddable":true,"href":"https:\/\/miradordeatarfe.es\/index.php?rest_route=%2Fwp%2Fv2%2Ftags&post=79810"}],"curies":[{"name":"wp","href":"https:\/\/api.w.org\/{rel}","templated":true}]}}