{"id":79818,"date":"2025-11-05T10:34:00","date_gmt":"2025-11-05T09:34:00","guid":{"rendered":"https:\/\/miradordeatarfe.es\/?p=79818"},"modified":"2025-11-05T14:00:54","modified_gmt":"2025-11-05T13:00:54","slug":"dimitir-pero-tambien-explicar","status":"publish","type":"post","link":"https:\/\/miradordeatarfe.es\/?p=79818","title":{"rendered":"Dimitir, pero tambi\u00e9n explicar"},"content":{"rendered":"<h3 style=\"text-align: justify;\">El esc\u00e1ndalo de los cribados de c\u00e1ncer en Andaluc\u00eda exige un esclarecimiento total para no quebrar la confianza ciudadana en la sanidad p\u00fablica<\/h3>\n<div class=\"a_c clearfix\" style=\"text-align: justify;\" data-dtm-region=\"articulo_cuerpo\">\n<p class=\"\">La dimisi\u00f3n de la consejera andaluza de Salud, Roc\u00edo Hern\u00e1ndez, anunciada el mi\u00e9rcoles por el presidente de la Junta, el popular Juan Manuel Moreno, era un paso obligado ante el esc\u00e1ndalo de los cribados del c\u00e1ncer de mama. Hern\u00e1ndez no pod\u00eda seguir en su puesto tras conocerse, por una sucesi\u00f3n de testimonios de afectadas, <a title=\"https:\/\/elpais.com\/sociedad\/2025-10-08\/cronologia-de-la-crisis-de-las-mamografias-la-junta-de-andalucia-reacciona-ano-y-medio-despues-de-conocer-los-primeros-casos.html\" href=\"https:\/\/elpais.com\/sociedad\/2025-10-08\/cronologia-de-la-crisis-de-las-mamografias-la-junta-de-andalucia-reacciona-ano-y-medio-despues-de-conocer-los-primeros-casos.html\" target=\"_self\" rel=\"\" data-link-track-dtm=\"\" data-mrf-link=\"https:\/\/elpais.com\/sociedad\/2025-10-08\/cronologia-de-la-crisis-de-las-mamografias-la-junta-de-andalucia-reacciona-ano-y-medio-despues-de-conocer-los-primeros-casos.html\">que nadie comunic\u00f3 a unas 2.000 mujeres que se han hecho mamograf\u00edas <\/a>en los tres \u00faltimos a\u00f1os de que ser\u00edan precisas m\u00e1s pruebas para descartar un tumor. A la obvia responsabilidad pol\u00edtica, se sumaba la falta de empat\u00eda con las damnificadas y con la asociaci\u00f3n que canaliza sus denuncias, a las que acus\u00f3 de alarmismo y de tener intereses partidistas.<\/p>\n<p class=\"\">Hay que reconocer la r\u00e1pida reacci\u00f3n de Moreno, tanto por la autocr\u00edtica que supone la dimisi\u00f3n de Hern\u00e1ndez como por haber pedido perd\u00f3n. Es una respuesta inhabitual en su partido cuando su gesti\u00f3n se ha visto manchada por otros esc\u00e1ndalos o tragedias. El ejemplo de Carlos Maz\u00f3n es el \u00faltimo, pero uno de los m\u00e1s sangrantes de esa forma de actuar. Pero ese gesto \u2014al que no es ajena la cercan\u00eda de las elecciones\u2014 quedar\u00e1 en nada si la ciudadan\u00eda no recibe pronto la m\u00e1s completa informaci\u00f3n sobre lo ocurrido.<\/p>\n<p class=\"\">Al menos desde enero de 2024, <a title=\"https:\/\/elpais.com\/sociedad\/2025-10-05\/el-escandalo-de-las-mamografias-retrata-la-grave-crisis-de-la-sanidad-publica-andaluza.html\" href=\"https:\/\/elpais.com\/sociedad\/2025-10-05\/el-escandalo-de-las-mamografias-retrata-la-grave-crisis-de-la-sanidad-publica-andaluza.html\" target=\"_self\" rel=\"\" data-link-track-dtm=\"\" data-mrf-link=\"https:\/\/elpais.com\/sociedad\/2025-10-05\/el-escandalo-de-las-mamografias-retrata-la-grave-crisis-de-la-sanidad-publica-andaluza.html\">la Junta ten\u00eda constancia de los primeros casos de la crisis. <\/a>Desde comienzos de ese a\u00f1o existen denuncias formalizadas ante el Servicio Andaluz de Salud por los retrasos de meses en informar a las pacientes. La predecesora de Hern\u00e1ndez recibi\u00f3 informaci\u00f3n de primera mano de la asociaci\u00f3n andaluza de mujeres con c\u00e1ncer de mama (Amama). Nadie tom\u00f3 medidas, algo de lo que la Junta sigue sin dar explicaciones.<\/p>\n<p class=\"\">Moreno ha anunciado un plan de choque que incluye contratar al menos un a\u00f1o a 119 profesionales y el compromiso de que antes del 30 de noviembre todas las afectadas se habr\u00e1n podido someter a los ex\u00e1menes necesarios. Hay que confiar en su resultado, pero sin dejar de preguntarse por qu\u00e9 no se ha hecho antes cuando sindicatos y profesionales llevan tiempo advirtiendo de los retrasos en todas las pruebas diagn\u00f3sticas de imagen, que pueden suponer la diferencia entre la vida y la muerte. La Junta lleva un lustro sin publicar las listas de espera de esas pruebas.<\/p>\n<p class=\"\">Desde 2018 el presupuesto de la Junta en sanidad ha crecido un 55%, hasta superar los 15.200 millones. Sin embargo, perduran graves problemas estructurales, entre ellos una acuciante carencia de plantilla. Andaluc\u00eda es la comunidad con menos radi\u00f3logos: 7,2 por cada 100.000 habitantes, frente a los 9,15 de la media nacional. La sanidad p\u00fablica es un pilar clave del Estado de derecho y se cimenta en la confianza de los ciudadanos. Quebrar la fe en ese sistema es uno de los efectos m\u00e1s graves de esta terrible negligencia.<\/p>\n<\/div>\n<p style=\"text-align: justify;\"><strong>EL PAIS<\/strong><\/p>\n<p>FOTO: Concentraci\u00f3n en Sevilla por los fallos en el sistema de cribado de c\u00e1ncer de mama en Andaluc\u00eda.<\/p>\n<p>https:\/\/elpais.com\/opinion\/2025-10-11\/dimitir-pero-tambien-explicar.html<\/p>\n<div class=\"a_md _g _g-xs \">\n<figure class=\"a_md_i a_m-h c_m--nf\"><\/figure>\n<div class=\"a_md_txt\">\n<div class=\"a_md_a\" data-dtm-region=\"articulo_firma\">\u00a0<\/div>\n<\/div>\n<\/div>\n","protected":false},"excerpt":{"rendered":"<p>El esc\u00e1ndalo de los cribados de c\u00e1ncer en Andaluc\u00eda exige un esclarecimiento total para no&#8230;<\/p>\n","protected":false},"author":1,"featured_media":79819,"comment_status":"closed","ping_status":"closed","sticky":false,"template":"","format":"standard","meta":{"_coblocks_attr":"","_coblocks_dimensions":"","_coblocks_responsive_height":"","_coblocks_accordion_ie_support":"","jetpack_post_was_ever_published":false,"_jetpack_newsletter_access":"","_jetpack_dont_email_post_to_subs":false,"_jetpack_newsletter_tier_id":0,"_jetpack_memberships_contains_paywalled_content":false,"_jetpack_memberships_contains_paid_content":false,"footnotes":"","jetpack_publicize_message":"","jetpack_publicize_feature_enabled":true,"jetpack_social_post_already_shared":false,"jetpack_social_options":{"image_generator_settings":{"template":"highway","default_image_id":0,"enabled":false},"version":2}},"categories":[1161,186,44,10],"tags":[],"class_list":["post-79818","post","type-post","status-publish","format-standard","has-post-thumbnail","hentry","category-ciudadania","category-instituciones","category-noticias-de-hoy","category-salud"],"jetpack_publicize_connections":[],"jetpack_featured_media_url":"https:\/\/i0.wp.com\/miradordeatarfe.es\/wp-content\/uploads\/2025\/11\/Screenshot-2025-11-03-at-13-15-24-Dimitir-pero-tambien-explicar-Opinion-EL-PAIS.png?fit=585%2C242&ssl=1","jetpack_likes_enabled":true,"jetpack_sharing_enabled":true,"_links":{"self":[{"href":"https:\/\/miradordeatarfe.es\/index.php?rest_route=\/wp\/v2\/posts\/79818","targetHints":{"allow":["GET"]}}],"collection":[{"href":"https:\/\/miradordeatarfe.es\/index.php?rest_route=\/wp\/v2\/posts"}],"about":[{"href":"https:\/\/miradordeatarfe.es\/index.php?rest_route=\/wp\/v2\/types\/post"}],"author":[{"embeddable":true,"href":"https:\/\/miradordeatarfe.es\/index.php?rest_route=\/wp\/v2\/users\/1"}],"replies":[{"embeddable":true,"href":"https:\/\/miradordeatarfe.es\/index.php?rest_route=%2Fwp%2Fv2%2Fcomments&post=79818"}],"version-history":[{"count":3,"href":"https:\/\/miradordeatarfe.es\/index.php?rest_route=\/wp\/v2\/posts\/79818\/revisions"}],"predecessor-version":[{"id":79835,"href":"https:\/\/miradordeatarfe.es\/index.php?rest_route=\/wp\/v2\/posts\/79818\/revisions\/79835"}],"wp:featuredmedia":[{"embeddable":true,"href":"https:\/\/miradordeatarfe.es\/index.php?rest_route=\/wp\/v2\/media\/79819"}],"wp:attachment":[{"href":"https:\/\/miradordeatarfe.es\/index.php?rest_route=%2Fwp%2Fv2%2Fmedia&parent=79818"}],"wp:term":[{"taxonomy":"category","embeddable":true,"href":"https:\/\/miradordeatarfe.es\/index.php?rest_route=%2Fwp%2Fv2%2Fcategories&post=79818"},{"taxonomy":"post_tag","embeddable":true,"href":"https:\/\/miradordeatarfe.es\/index.php?rest_route=%2Fwp%2Fv2%2Ftags&post=79818"}],"curies":[{"name":"wp","href":"https:\/\/api.w.org\/{rel}","templated":true}]}}