{"id":79824,"date":"2025-11-05T10:02:52","date_gmt":"2025-11-05T09:02:52","guid":{"rendered":"https:\/\/miradordeatarfe.es\/?p=79824"},"modified":"2025-11-03T14:06:23","modified_gmt":"2025-11-03T13:06:23","slug":"la-cesta-de-garcia-lorca-se-encuentra-en-padul","status":"publish","type":"post","link":"https:\/\/miradordeatarfe.es\/?p=79824","title":{"rendered":"La cesta de Garc\u00eda Lorca se encuentra en Padul"},"content":{"rendered":"<h2 class=\"v-a-sub-t \" style=\"text-align: justify;\">Un vecino de Padul, Francisco Garc\u00eda Prenafeta, conserva la cesta que utiliz\u00f3 su paisana Adelina, la sirvienta de la familia Garc\u00eda Lorca, para llevar la comida al poeta cuando estuvo preso, antes de ser asesinado<\/h2>\n<p class=\"v-p\" style=\"text-align: justify;\">Un vecino de Padul conserva la cesta que utiliz\u00f3 la sirvienta de la familia Garc\u00eda Lorca para llevar la comida al poeta cuando estuvo detenido. <span class=\"paywall pw-open\">Francisco Molina Prenafeta, vecino de El Padul, conserva como oro en pa\u00f1o la cesta de mimbre con asa y cierre met\u00e1lico que us\u00f3 su paisana, Adelina, la sirvienta de la vida de la familia Garc\u00eda Lorca, para llevar la comida a Federico mientras estuvo detenido en el Gobierno Civil de Granada poco antes de ser trasladado a V\u00edznar para ser asesinado.<\/span><\/p>\n<div class=\"paywall\" style=\"text-align: justify;\" data-mrf-recirculation=\"Link art\u00edculos\">\n<p class=\"v-p\">Hace ocho a\u00f1os, Molina Prenafeta me coment\u00f3 que \u00abAdelina estuvo sirviendo much\u00edsimos a\u00f1os en la casa de los padres del poeta universal, Federico Garc\u00eda Rodr\u00edguez y Vicenta Lorca Romero, y cuando se acercaba desde Fuente Vaqueros o desde Granada capital a El Padul lo hac\u00eda en el tranv\u00eda y siempre llegaba con dos cestas grandes repletas de comida para su familia, que le regalaba la familia Garc\u00eda Lorca. Y como las cestas pesaban mucho, las dejaba en la gasolinera de mi padre y porque era amiga de la casa. Por la tarde, el hijo de Adelina, que trabajaba de telefonista en las estaciones del tranv\u00eda de El Padul, D\u00farcal y Otura, cuando finalizaba la faena se encargaba de llevar las cestas a su casa que estaba situada en el barrio de &#8216;Las Bancaletas&#8217;, lejos de la estaci\u00f3n del tranv\u00eda\u00bb, manifest\u00f3.<\/p>\n<div id=\"wms-intext\" class=\"wms-intext\">\n<div id=\"jw-ms491491\">\n<div class=\"jw-wrapper\">\n<div>\n<div>\n<p class=\"v-p\">El octogenario, Francisco Molina Prenafeta, se\u00f1al\u00f3 que \u00abcuando Adelina dej\u00f3 de trabajar con la familia Garc\u00eda Lorca se vino a El Padul, y a los pocos d\u00edas visit\u00f3 mi casa para regalarme una cesta peque\u00f1a de mimbre muy bien elaborada con un asa de aquellas que se le pon\u00edan a las antiguas maletas de madera y con un cierre met\u00e1lico. Cuando me la entreg\u00f3 me dijo que en esa cestita, que despu\u00e9s a su ves le hab\u00eda regalado la familia Lorca, se encarg\u00f3 de llevarle la comida a Federico cuando estuvo detenido en el Gobierno Civil\u00bb, record\u00f3.<\/p>\n<p class=\"v-p\">Adelina era una mujer muy querida y respetada por la familia Garc\u00eda Lorca y, seg\u00fan Francisco Molina, \u00abconoci\u00f3 un secreto que guardaba celosamente la familia Garc\u00eda Lorca. Despu\u00e9s del asesinato de Federico fueron unos hombres enviados por el padre del poeta para llevarlo a una finca de la familia. Adelina, a\u00f1os despu\u00e9s, cuando ya le quedaba poca vida, revel\u00f3 a mi familia con detalle lo que le hab\u00eda pasado al cad\u00e1ver de Garc\u00eda Lorca. Seg\u00fan sosten\u00eda Adelina los huesos del poeta no se encuentran donde pretenden encontrarlos desde hace a\u00f1os\u00bb, finaliz\u00f3.<\/p>\n<\/div>\n<\/div>\n<\/div>\n<\/div>\n<\/div>\n<\/div>\n<p style=\"text-align: justify;\"><a href=\"https:\/\/www.ideal.es\/autor\/rafael-vilchez-2156.html\" data-mrf-link=\"https:\/\/www.ideal.es\/autor\/rafael-vilchez-2156.html\"><strong>Rafael V\u00edlchez<\/strong><\/a><\/p>\n<p><span class=\"v-fc__t\">FOTO: El vecino de Padul Francisco Molina Prenafeta muestra el cesto que le regal\u00f3 su paisana Adelina ,que le regal\u00f3 la familia garc\u00eda Lorca por ser su criada. (Archivo) <\/span><\/p>\n<p>https:\/\/www.ideal.es\/granada\/provincia-granada\/cesta-garcia-lorca-encuentra-padul-20251026103832-nt.html#vca=fixed-btn&#038;vso=elideal&#038;vmc=unknow&#038;vli=granada<\/p>\n<div class=\"v-a v-a--d v-a--d-b v-a--p-b\"><span id=\"photo-zoom-in-mainImage\"><\/span><\/p>\n<div class=\"v-a-info-c \">\u00a0<\/div>\n<\/div>\n<div class=\"v-d v-d--ab-c v-d--b\" data-mrf-recirculation=\"Links articulo\">\n<div class=\"v-mdl-ath \" data-mrf-recirculation=\"Autor\">\n<div class=\"v-mdl-ath__c v-mdl-ath__c--1\">\n<div class=\"v-mdl-ath__img-c\">\u00a0<\/div>\n<div class=\"v-mdl-ath__inf\">\n<p class=\"v-mdl-ath__p v-mdl-ath__p--2\">\u00a0<\/p>\n<\/div>\n<\/div>\n<\/div>\n<\/div>\n","protected":false},"excerpt":{"rendered":"<p>Un vecino de Padul, Francisco Garc\u00eda Prenafeta, conserva la cesta que utiliz\u00f3 su paisana Adelina,&#8230;<\/p>\n","protected":false},"author":1,"featured_media":79825,"comment_status":"closed","ping_status":"closed","sticky":false,"template":"","format":"standard","meta":{"_coblocks_attr":"","_coblocks_dimensions":"","_coblocks_responsive_height":"","_coblocks_accordion_ie_support":"","jetpack_post_was_ever_published":false,"_jetpack_newsletter_access":"","_jetpack_dont_email_post_to_subs":false,"_jetpack_newsletter_tier_id":0,"_jetpack_memberships_contains_paywalled_content":false,"_jetpack_memberships_contains_paid_content":false,"footnotes":"","jetpack_publicize_message":"","jetpack_publicize_feature_enabled":true,"jetpack_social_post_already_shared":true,"jetpack_social_options":{"image_generator_settings":{"template":"highway","default_image_id":0,"enabled":false},"version":2}},"categories":[1161,10781,44],"tags":[],"class_list":["post-79824","post","type-post","status-publish","format-standard","has-post-thumbnail","hentry","category-ciudadania","category-granada","category-noticias-de-hoy"],"jetpack_publicize_connections":[],"jetpack_featured_media_url":"https:\/\/i0.wp.com\/miradordeatarfe.es\/wp-content\/uploads\/2025\/11\/alpujarra-cesta-krkD-U2401335881xHI-1200x840%40Ideal.jpg?fit=1200%2C838&ssl=1","jetpack_likes_enabled":true,"jetpack_sharing_enabled":true,"_links":{"self":[{"href":"https:\/\/miradordeatarfe.es\/index.php?rest_route=\/wp\/v2\/posts\/79824","targetHints":{"allow":["GET"]}}],"collection":[{"href":"https:\/\/miradordeatarfe.es\/index.php?rest_route=\/wp\/v2\/posts"}],"about":[{"href":"https:\/\/miradordeatarfe.es\/index.php?rest_route=\/wp\/v2\/types\/post"}],"author":[{"embeddable":true,"href":"https:\/\/miradordeatarfe.es\/index.php?rest_route=\/wp\/v2\/users\/1"}],"replies":[{"embeddable":true,"href":"https:\/\/miradordeatarfe.es\/index.php?rest_route=%2Fwp%2Fv2%2Fcomments&post=79824"}],"version-history":[{"count":1,"href":"https:\/\/miradordeatarfe.es\/index.php?rest_route=\/wp\/v2\/posts\/79824\/revisions"}],"predecessor-version":[{"id":79826,"href":"https:\/\/miradordeatarfe.es\/index.php?rest_route=\/wp\/v2\/posts\/79824\/revisions\/79826"}],"wp:featuredmedia":[{"embeddable":true,"href":"https:\/\/miradordeatarfe.es\/index.php?rest_route=\/wp\/v2\/media\/79825"}],"wp:attachment":[{"href":"https:\/\/miradordeatarfe.es\/index.php?rest_route=%2Fwp%2Fv2%2Fmedia&parent=79824"}],"wp:term":[{"taxonomy":"category","embeddable":true,"href":"https:\/\/miradordeatarfe.es\/index.php?rest_route=%2Fwp%2Fv2%2Fcategories&post=79824"},{"taxonomy":"post_tag","embeddable":true,"href":"https:\/\/miradordeatarfe.es\/index.php?rest_route=%2Fwp%2Fv2%2Ftags&post=79824"}],"curies":[{"name":"wp","href":"https:\/\/api.w.org\/{rel}","templated":true}]}}