{"id":79827,"date":"2025-11-04T10:30:18","date_gmt":"2025-11-04T09:30:18","guid":{"rendered":"https:\/\/miradordeatarfe.es\/?p=79827"},"modified":"2025-11-03T23:01:57","modified_gmt":"2025-11-03T22:01:57","slug":"el-cab-atarfe-sigue-imparable-en-este-inicio-de-temporada","status":"publish","type":"post","link":"https:\/\/miradordeatarfe.es\/?p=79827","title":{"rendered":"El CAB Atarfe sigue imparable en este inicio de temporada"},"content":{"rendered":"<h3 style=\"text-align: justify;\">Cinco jornadas y cinco victorias es el impecable balance del conjunto atarfe\u00f1o, que volvi\u00f3 a demostrar su car\u00e1cter competitivo en un partido de infarto ante GmasB.<\/h3>\n<p style=\"text-align: justify;\">El encuentro fue igualado de principio a fin, con alternancias en el marcador y una gran intensidad defensiva por parte de ambos equipos. Finalmente, fue necesaria una pr\u00f3rroga para decidir el ganador, y ah\u00ed el Seat Vigilsa CAB Atarfe volvi\u00f3 a exhibir su fortaleza mental y su capacidad de lucha, imponi\u00e9ndose por un <strong>ajustad\u00edsimo 66-67.<\/strong>El conjunto del \u00e1rea metropolitana tiro de veteran\u00eda para llevarse el derbi granadino y seguir as\u00ed contando las jornadas por victorias. En el segundo cuarto cay\u00f3 lesionado Lolo una de las nuevas caras del equipo para esta temporada y el conjunto atarfe\u00f1o lo acuso en defensa aunque su entrenador supli\u00f3 est\u00e1 ausencia rotando bien y d\u00e1ndole protagonismo a otros compa\u00f1eros que lo dejaron todo en la pista.<\/p>\n<p style=\"text-align: justify;\">Con este triunfo, el equipo contin\u00faa en lo m\u00e1s alto de la clasificaci\u00f3n y afronta con confianza la pr\u00f3xima jornada, en la que recibir\u00e1 al Baloncesto Linares. En esta ocasi\u00f3n <strong>la cita cambia de horario y se mueve el partido del s\u00e1bado al domingo a las 10:30 horas en el Pabell\u00f3n 1\u00ba de Mayo<\/strong>, donde los de Atarfe buscar\u00e1n mantener su racha triunfal y sumar la sexta victoria consecutiva.<\/p>\n<p style=\"text-align: justify;\">El equipo ha arrancado la temporada con muy buenas sensaciones. El inicio de curso est\u00e1 siendo realmente interesante, con un grupo que demuestra compromiso, intensidad y una clara evoluci\u00f3n en su juego colectivo.<\/p>\n<p style=\"text-align: justify;\"><strong>El objetivo principal sigue siendo claro: asegurar cuanto antes la permanencia matem\u00e1tica en la categor\u00eda.<\/strong><\/p>\n<p style=\"text-align: justify;\">Sin embargo, viendo el nivel mostrado en estas primeras jornadas, es inevitable dejarse llevar por la ilusi\u00f3n. Si el equipo mantiene esta din\u00e1mica y contin\u00faa creciendo, \u00bfpor qu\u00e9 no so\u00f1ar con metas m\u00e1s ambiciosas?<\/p>\n<p style=\"text-align: justify;\">La temporada es larga, pero las bases est\u00e1n puestas. El trabajo, la uni\u00f3n y la confianza ser\u00e1n las claves para seguir disfrutando de este apasionante camino.<\/p>\n<p style=\"text-align: justify;\"><strong>JOS\u00c9 MANUEL CAMPOS<\/strong><\/p>\n","protected":false},"excerpt":{"rendered":"<p>Cinco jornadas y cinco victorias es el impecable balance del conjunto atarfe\u00f1o, que volvi\u00f3 a&#8230;<\/p>\n","protected":false},"author":1,"featured_media":79829,"comment_status":"closed","ping_status":"closed","sticky":false,"template":"","format":"standard","meta":{"_coblocks_attr":"","_coblocks_dimensions":"","_coblocks_responsive_height":"","_coblocks_accordion_ie_support":"","jetpack_post_was_ever_published":false,"_jetpack_newsletter_access":"","_jetpack_dont_email_post_to_subs":false,"_jetpack_newsletter_tier_id":0,"_jetpack_memberships_contains_paywalled_content":false,"_jetpack_memberships_contains_paid_content":false,"footnotes":"","jetpack_publicize_message":"","jetpack_publicize_feature_enabled":true,"jetpack_social_post_already_shared":true,"jetpack_social_options":{"image_generator_settings":{"template":"highway","default_image_id":0,"enabled":false},"version":2}},"categories":[10807,182,186,44],"tags":[],"class_list":["post-79827","post","type-post","status-publish","format-standard","has-post-thumbnail","hentry","category-cab-atarfe","category-deportes","category-instituciones","category-noticias-de-hoy"],"jetpack_publicize_connections":[],"jetpack_featured_media_url":"https:\/\/i0.wp.com\/miradordeatarfe.es\/wp-content\/uploads\/2025\/11\/Imagen-de-WhatsApp-2025-11-03-a-las-13.57.46_eaed3731.jpg?fit=1200%2C967&ssl=1","jetpack_likes_enabled":true,"jetpack_sharing_enabled":true,"_links":{"self":[{"href":"https:\/\/miradordeatarfe.es\/index.php?rest_route=\/wp\/v2\/posts\/79827","targetHints":{"allow":["GET"]}}],"collection":[{"href":"https:\/\/miradordeatarfe.es\/index.php?rest_route=\/wp\/v2\/posts"}],"about":[{"href":"https:\/\/miradordeatarfe.es\/index.php?rest_route=\/wp\/v2\/types\/post"}],"author":[{"embeddable":true,"href":"https:\/\/miradordeatarfe.es\/index.php?rest_route=\/wp\/v2\/users\/1"}],"replies":[{"embeddable":true,"href":"https:\/\/miradordeatarfe.es\/index.php?rest_route=%2Fwp%2Fv2%2Fcomments&post=79827"}],"version-history":[{"count":1,"href":"https:\/\/miradordeatarfe.es\/index.php?rest_route=\/wp\/v2\/posts\/79827\/revisions"}],"predecessor-version":[{"id":79830,"href":"https:\/\/miradordeatarfe.es\/index.php?rest_route=\/wp\/v2\/posts\/79827\/revisions\/79830"}],"wp:featuredmedia":[{"embeddable":true,"href":"https:\/\/miradordeatarfe.es\/index.php?rest_route=\/wp\/v2\/media\/79829"}],"wp:attachment":[{"href":"https:\/\/miradordeatarfe.es\/index.php?rest_route=%2Fwp%2Fv2%2Fmedia&parent=79827"}],"wp:term":[{"taxonomy":"category","embeddable":true,"href":"https:\/\/miradordeatarfe.es\/index.php?rest_route=%2Fwp%2Fv2%2Fcategories&post=79827"},{"taxonomy":"post_tag","embeddable":true,"href":"https:\/\/miradordeatarfe.es\/index.php?rest_route=%2Fwp%2Fv2%2Ftags&post=79827"}],"curies":[{"name":"wp","href":"https:\/\/api.w.org\/{rel}","templated":true}]}}