{"id":79836,"date":"2025-11-06T10:03:30","date_gmt":"2025-11-06T09:03:30","guid":{"rendered":"https:\/\/miradordeatarfe.es\/?p=79836"},"modified":"2025-11-06T14:23:48","modified_gmt":"2025-11-06T13:23:48","slug":"la-junta-impone-recortes-en-personal-de-91-millones-a-los-grandes-hospitales-publicos-de-andalucia","status":"publish","type":"post","link":"https:\/\/miradordeatarfe.es\/?p=79836","title":{"rendered":"La Junta impone recortes en personal de 91 millones a los grandes hospitales p\u00fablicos de Andaluc\u00eda"},"content":{"rendered":"<div class=\"a_e_txt _df\">\n<h3 class=\"a_st\" style=\"text-align: justify;\">Los ajustes llegan al 9,9% en el Regional de M\u00e1laga y el 8,2% en el Puerta del Mar de C\u00e1diz. Los expertos alertan del impacto asistencial de una medida que \u201caumenta la desigualdad\u201d y \u201cdebilita la cohesi\u00f3n social\u201d<\/h3>\n<p class=\"\" style=\"text-align: justify;\">Los recortes en los gastos de personal impuestos por la Junta de Andaluc\u00eda a los hospitales p\u00fablicos no solo golpean al <a title=\"https:\/\/elpais.com\/sociedad\/2025-10-31\/el-hospital-de-sevilla-en-el-epicentro-de-la-crisis-de-los-cribados-ha-sufrido-este-ano-un-recorte-en-personal-del-715.html\" href=\"https:\/\/elpais.com\/sociedad\/2025-10-31\/el-hospital-de-sevilla-en-el-epicentro-de-la-crisis-de-los-cribados-ha-sufrido-este-ano-un-recorte-en-personal-del-715.html\" target=\"_self\" rel=\"\" data-link-track-dtm=\"\" data-mrf-link=\"https:\/\/elpais.com\/sociedad\/2025-10-31\/el-hospital-de-sevilla-en-el-epicentro-de-la-crisis-de-los-cribados-ha-sufrido-este-ano-un-recorte-en-personal-del-715.html\">mayor centro de la regi\u00f3n, el Virgen del Roc\u00edo de Sevilla<\/a> \u2014epicentro de la crisis de los cribados de c\u00e1ncer de mama\u2014, sino que se extienden sobre buena parte de la red sanitaria. As\u00ed lo revelan los datos internos <a title=\"https:\/\/www.sspa.juntadeandalucia.es\/servicioandaluzdesalud\/\" href=\"https:\/\/www.sspa.juntadeandalucia.es\/servicioandaluzdesalud\/\" target=\"_self\" rel=\"\" data-link-track-dtm=\"\" data-mrf-link=\"https:\/\/www.sspa.juntadeandalucia.es\/servicioandaluzdesalud\/\">de la gerencia del Servicio Andaluz de Salud (SAS)<\/a> a los que ha tenido acceso EL PA\u00cdS, que muestran que el gobierno de Juan Manuel Moreno Bonilla (PP) quiere ahorrar 91 millones de euros en esta partida en 2025.<\/p>\n<div class=\"a_gph\" style=\"text-align: justify;\">\n<div>\n<div id=\"datawrapper-vis-NEQsm\" class=\"datawrapper-script-embed vis-height-fixed vis-d3-maps-symbols\">\n<div class=\"web-component-body\">\n<div class=\"chart dw-chart vis-d3-maps-symbols\">\n<div class=\"outer-container svelte-ej8jdi\">\n<div class=\"container container-body datawrapper-NEQsm-1jlq2tx\">\n<div class=\"container container-bodyTop datawrapper-NEQsm-13fcjr6\">\n<div class=\"container container-bodyCenter datawrapper-NEQsm-112zasr\">\n<div class=\"container container-header datawrapper-NEQsm-1glppcz\">\n<h3 class=\"block-headline datawrapper-NEQsm-1qemafo \">Objetivo de gasto de personal en los hospitales de Andaluc\u00eda<\/h3>\n<p class=\"block-description datawrapper-NEQsm-v3cpmp \">Millones de euros previstos para 2025<\/p>\n<\/div>\n<\/div>\n<\/div>\n<\/div>\n<\/div>\n<\/div>\n<\/div>\n<\/div>\n<\/div>\n<\/div>\n<p class=\"\" style=\"text-align: justify;\">El hospital m\u00e1s afectado es el Regional de M\u00e1laga, con un ajuste de 25,4 millones, el 9,9% de los casi 256 millones gastados en personal el a\u00f1o pasado. Estas cifras son a\u00fan m\u00e1s elevadas que las del Virgen del Roc\u00edo, <a title=\"https:\/\/elpais.com\/sociedad\/2025-10-31\/el-hospital-de-sevilla-en-el-epicentro-de-la-crisis-de-los-cribados-ha-sufrido-este-ano-un-recorte-en-personal-del-715.html\" href=\"https:\/\/elpais.com\/sociedad\/2025-10-31\/el-hospital-de-sevilla-en-el-epicentro-de-la-crisis-de-los-cribados-ha-sufrido-este-ano-un-recorte-en-personal-del-715.html\" target=\"_self\" rel=\"\" data-link-track-dtm=\"\" data-mrf-link=\"https:\/\/elpais.com\/sociedad\/2025-10-31\/el-hospital-de-sevilla-en-el-epicentro-de-la-crisis-de-los-cribados-ha-sufrido-este-ano-un-recorte-en-personal-del-715.html\">avanzadas por este diario el viernes<\/a>, que ascienden 25,3 millones (un 7,15% menos que en 2024).<\/p>\n<p class=\"\" style=\"text-align: justify;\">El tercer centro con un mayor recorte absoluto es el Virgen de las Nieves de Granada, con 16,3 millones y un 6,6%; seguido del Puerta del Mar de C\u00e1diz, 12,6 millones y 8,25%; el Ciudad de Ja\u00e9n, 7,3 millones y 4,95%; y el Juan Ram\u00f3n Jim\u00e9nez de Huelva, 4,2 millones y 3,3%.<\/p>\n<p class=\"\" style=\"text-align: justify;\">Estos seis centros concentran la mayor parte del ahorro en personal impuesto por el SAS a los 16 mayores hospitales p\u00fablicos, que en su conjunto asciende a 90,8 millones. Esto supone un 3,35% menos que los 2.554,1 millones gastados en total el a\u00f1o pasado, seg\u00fan los datos del SAS.<\/p>\n<div class=\"a_gph\" style=\"text-align: justify;\">\n<div>\n<div id=\"datawrapper-vis-TDTXf\" class=\"datawrapper-script-embed vis-height-fixed vis-tables\">\n<div>\u00a0<\/div>\n<div class=\"web-component-body\">\n<div class=\"chart dw-chart vis-tables\">\n<div class=\"outer-container svelte-ej8jdi\">\n<div class=\"container container-body datawrapper-TDTXf-1jlq2tx\">\n<div class=\"container container-bodyTop datawrapper-TDTXf-13fcjr6\">\n<div class=\"container container-bodyCenter datawrapper-TDTXf-112zasr\">\n<div class=\"container container-header datawrapper-TDTXf-1glppcz\">\n<p class=\"block-description datawrapper-TDTXf-v3cpmp \"><b>Menos gasto de personal en 2025<\/b><\/p>\n<\/div>\n<div id=\"chart\" class=\"dw-chart-body vis-height-fixed datawrapper-TDTXf-wxj0h svelte-9ysojt\">\n<div class=\"dw-chart-body-content svelte-9ysojt\" aria-hidden=\"false\">\n<div class=\"table-container svelte-fxnudy\">\n<div class=\"table-scroll svelte-fxnudy\">\n<table class=\"medium datawrapper-TDTXf-1k2zto9 svelte-fxnudy compact resortable\" cellspacing=\"0\">\n<caption class=\"sr-only\">Tabla con 4 columnas y 17 filas. Ordenado de forma descendente por columna \u00abPrevisto en 2025\u00bb Ordenado de forma ascendente<\/caption>\n<thead>\n<tr class=\"datawrapper-TDTXf-1wbuely svelte-fxnudy\">\n<th class=\"first type-text align-left cell svelte-108zq60\" colspan=\"1\" scope=\"col\" data-column=\"X.1\" data-row=\"-1\">\u00a0<\/th>\n<th class=\"type-text align-left resortable cell svelte-108zq60\" colspan=\"1\" scope=\"col\" data-column=\"Lugar\" data-row=\"-1\">\u00a0<\/th>\n<th class=\"type-number align-right resortable sort-desc cell svelte-108zq60\" colspan=\"1\" scope=\"col\" data-column=\"Previsto en 2025\" data-row=\"-1\" aria-sort=\"descending\">\u00a0<\/th>\n<th class=\"type-number align-left resortable cell svelte-108zq60\" colspan=\"1\" scope=\"col\" data-column=\"Var. con 2024&lt;br&gt;en %\" data-row=\"-1\">\u00a0<\/th>\n<\/tr>\n<\/thead>\n<tbody>\n<tr class=\"datawrapper-TDTXf-1c5djey svelte-fxnudy\">\n<th class=\"first type-text dw-bold align-left align-vertical-middle    td cell  svelte-11k6b6d\" colspan=\"2\" scope=\"row\">Total hospitales de Andaluc\u00eda<\/th>\n<td class=\"type-number dw-bold align-right align-vertical-middle    td cell  svelte-11k6b6d\" colspan=\"1\">2.463,4<span class=\"decimals\" aria-hidden=\"true\">0<\/span><\/td>\n<td class=\"type-bar align-left align-vertical-middle    td cell  svelte-11k6b6d\" colspan=\"1\">\n<div class=\"sr-only\" data-nosnippet=\"\">\u22123,6%<\/div>\n<div class=\"bar-chart datawrapper-TDTXf-1udwhp8 svelte-1d84osh no-background normal\" title=\"\u22123,6%\" aria-hidden=\"true\">\n<div class=\"baseline svelte-1d84osh\">\u00a0<\/div>\n<div class=\"bar svelte-1d84osh\">\n<div class=\"bar-label invisible svelte-1d84osh\">\u22123,6%<\/div>\n<div class=\"bar-label svelte-1d84osh\">\u22123,6%<\/div>\n<\/div>\n<\/div>\n<\/td>\n<\/tr>\n<tr class=\"datawrapper-TDTXf-1c5djey svelte-fxnudy\">\n<th class=\"first type-text align-left align-vertical-middle    td cell  svelte-11k6b6d\" colspan=\"1\" scope=\"row\">H. Univ. Virgen del Roc\u00edo<\/th>\n<td class=\"type-text align-left align-vertical-middle    td cell  svelte-11k6b6d\" colspan=\"1\">Sevilla (Sevilla)<\/td>\n<td class=\"type-number align-right align-vertical-middle    td cell  svelte-11k6b6d\" colspan=\"1\">328,4<span class=\"decimals\" aria-hidden=\"true\">0<\/span><\/td>\n<td class=\"type-bar align-left align-vertical-middle    td cell  svelte-11k6b6d\" colspan=\"1\">\n<div class=\"sr-only\" data-nosnippet=\"\">\u22127,1%<\/div>\n<div class=\"bar-chart datawrapper-TDTXf-1udwhp8 svelte-1d84osh no-background normal\" title=\"\u22127,1%\" aria-hidden=\"true\">\n<div class=\"baseline svelte-1d84osh\">\u00a0<\/div>\n<div class=\"bar svelte-1d84osh\">\n<div class=\"bar-label invisible svelte-1d84osh\">\u22127,1%<\/div>\n<div class=\"bar-label svelte-1d84osh\">\u22127,1%<\/div>\n<\/div>\n<\/div>\n<\/td>\n<\/tr>\n<tr class=\"datawrapper-TDTXf-1c5djey svelte-fxnudy\">\n<th class=\"first type-text align-left align-vertical-middle    td cell  svelte-11k6b6d\" colspan=\"1\" scope=\"row\">H. Regional Univ. de M\u00e1laga (Carlos Haya)<\/th>\n<td class=\"type-text align-left align-vertical-middle    td cell  svelte-11k6b6d\" colspan=\"1\">M\u00e1laga (M\u00e1laga)<\/td>\n<td class=\"type-number align-right align-vertical-middle    td cell  svelte-11k6b6d\" colspan=\"1\">230,4<span class=\"decimals\" aria-hidden=\"true\">0<\/span><\/td>\n<td class=\"type-bar align-left align-vertical-middle    td cell  svelte-11k6b6d\" colspan=\"1\">\n<div class=\"sr-only\" data-nosnippet=\"\">\u22129,9%<\/div>\n<div class=\"bar-chart datawrapper-TDTXf-1udwhp8 svelte-1d84osh no-background normal\" title=\"\u22129,9%\" aria-hidden=\"true\">\n<div class=\"baseline svelte-1d84osh\">\u00a0<\/div>\n<div class=\"bar svelte-1d84osh\">\n<div class=\"bar-label invisible svelte-1d84osh\">\u22129,9%<\/div>\n<div class=\"bar-label svelte-1d84osh\">\u22129,9%<\/div>\n<\/div>\n<\/div>\n<\/td>\n<\/tr>\n<tr class=\"datawrapper-TDTXf-1c5djey svelte-fxnudy\">\n<th class=\"first type-text align-left align-vertical-middle    td cell  svelte-11k6b6d\" colspan=\"1\" scope=\"row\">H. Univ. Virgen de las Nieves<\/th>\n<td class=\"type-text align-left align-vertical-middle    td cell  svelte-11k6b6d\" colspan=\"1\">Granada (Granada)<\/td>\n<td class=\"type-number align-right align-vertical-middle    td cell  svelte-11k6b6d\" colspan=\"1\">230,2<span class=\"decimals\" aria-hidden=\"true\">0<\/span><\/td>\n<td class=\"type-bar align-left align-vertical-middle    td cell  svelte-11k6b6d\" colspan=\"1\">\n<div class=\"sr-only\" data-nosnippet=\"\">\u22126,6%<\/div>\n<div class=\"bar-chart datawrapper-TDTXf-1udwhp8 svelte-1d84osh no-background normal\" title=\"\u22126,6%\" aria-hidden=\"true\">\n<div class=\"baseline svelte-1d84osh\">\u00a0<\/div>\n<div class=\"bar svelte-1d84osh\">\n<div class=\"bar-label invisible svelte-1d84osh\">\u22126,6%<\/div>\n<div class=\"bar-label svelte-1d84osh\">\u22126,6%<\/div>\n<\/div>\n<\/div>\n<\/td>\n<\/tr>\n<tr class=\"datawrapper-TDTXf-1c5djey svelte-fxnudy\">\n<th class=\"first type-text align-left align-vertical-middle    td cell  svelte-11k6b6d\" colspan=\"1\" scope=\"row\">H. Univ. Reina Sof\u00eda<\/th>\n<td class=\"type-text align-left align-vertical-middle    td cell  svelte-11k6b6d\" colspan=\"1\">C\u00f3rdoba (C\u00f3rdoba)<\/td>\n<td class=\"type-number align-right align-vertical-middle    td cell  svelte-11k6b6d\" colspan=\"1\">226<span class=\"decimals\" aria-hidden=\"true\">,00<\/span><\/td>\n<td class=\"type-bar align-left align-vertical-middle    td cell  svelte-11k6b6d\" colspan=\"1\">\n<div class=\"sr-only\" data-nosnippet=\"\">0,4%<\/div>\n<div class=\"bar-chart datawrapper-TDTXf-1udwhp8 svelte-1d84osh no-background normal\" title=\"0,4%\" aria-hidden=\"true\">\n<div class=\"baseline svelte-1d84osh\">\u00a0<\/div>\n<div class=\"bar svelte-1d84osh\">\n<div class=\"bar-label invisible svelte-1d84osh\">0,4%<\/div>\n<div class=\"bar-label svelte-1d84osh\">0,4%<\/div>\n<\/div>\n<\/div>\n<\/td>\n<\/tr>\n<tr class=\"datawrapper-TDTXf-1c5djey svelte-fxnudy\">\n<th class=\"first type-text align-left align-vertical-middle    td cell  svelte-11k6b6d\" colspan=\"1\" scope=\"row\">H. Univ. Virgen Macarena<\/th>\n<td class=\"type-text align-left align-vertical-middle    td cell  svelte-11k6b6d\" colspan=\"1\">Sevilla (Sevilla)<\/td>\n<td class=\"type-number align-right align-vertical-middle    td cell  svelte-11k6b6d\" colspan=\"1\">217,6<span class=\"decimals\" aria-hidden=\"true\">0<\/span><\/td>\n<td class=\"type-bar align-left align-vertical-middle    td cell  svelte-11k6b6d\" colspan=\"1\">\n<div class=\"sr-only\" data-nosnippet=\"\">0,3%<\/div>\n<div class=\"bar-chart datawrapper-TDTXf-1udwhp8 svelte-1d84osh no-background normal\" title=\"0,3%\" aria-hidden=\"true\">\n<div class=\"baseline svelte-1d84osh\">\u00a0<\/div>\n<div class=\"bar svelte-1d84osh\">\n<div class=\"bar-label invisible svelte-1d84osh\">0,3%<\/div>\n<div class=\"bar-label svelte-1d84osh\">0,3%<\/div>\n<\/div>\n<\/div>\n<\/td>\n<\/tr>\n<tr class=\"datawrapper-TDTXf-1c5djey svelte-fxnudy\">\n<th class=\"first type-text align-left align-vertical-middle    td cell  svelte-11k6b6d\" colspan=\"1\" scope=\"row\">H. Univ. Virgen de la Victoria<\/th>\n<td class=\"type-text align-left align-vertical-middle    td cell  svelte-11k6b6d\" colspan=\"1\">M\u00e1laga (M\u00e1laga)<\/td>\n<td class=\"type-number align-right align-vertical-middle    td cell  svelte-11k6b6d\" colspan=\"1\">174,6<span class=\"decimals\" aria-hidden=\"true\">0<\/span><\/td>\n<td class=\"type-bar align-left align-vertical-middle    td cell  svelte-11k6b6d\" colspan=\"1\">\n<div class=\"sr-only\" data-nosnippet=\"\">0,0%<\/div>\n<div class=\"bar-chart datawrapper-TDTXf-1udwhp8 svelte-1d84osh no-background normal\" title=\"0,0%\" aria-hidden=\"true\">\n<div class=\"baseline svelte-1d84osh\">\u00a0<\/div>\n<div class=\"bar svelte-1d84osh\">\n<div class=\"bar-label invisible svelte-1d84osh\">0,0%<\/div>\n<div class=\"bar-label svelte-1d84osh\">0,0%<\/div>\n<\/div>\n<\/div>\n<\/td>\n<\/tr>\n<tr class=\"datawrapper-TDTXf-1c5djey svelte-fxnudy\">\n<th class=\"first type-text align-left align-vertical-middle    td cell  svelte-11k6b6d\" colspan=\"1\" scope=\"row\">H. Univ. Torrec\u00e1rdenas<\/th>\n<td class=\"type-text align-left align-vertical-middle    td cell  svelte-11k6b6d\" colspan=\"1\">Almer\u00eda (Almer\u00eda)<\/td>\n<td class=\"type-number align-right align-vertical-middle    td cell  svelte-11k6b6d\" colspan=\"1\">173,1<span class=\"decimals\" aria-hidden=\"true\">0<\/span><\/td>\n<td class=\"type-bar align-left align-vertical-middle    td cell  svelte-11k6b6d\" colspan=\"1\">\n<div class=\"sr-only\" data-nosnippet=\"\">\u22120,5%<\/div>\n<div class=\"bar-chart datawrapper-TDTXf-1udwhp8 svelte-1d84osh no-background normal\" title=\"\u22120,5%\" aria-hidden=\"true\">\n<div class=\"baseline svelte-1d84osh\">\u00a0<\/div>\n<div class=\"bar svelte-1d84osh\">\n<div class=\"bar-label invisible svelte-1d84osh\">\u22120,5%<\/div>\n<div class=\"bar-label svelte-1d84osh\">\u22120,5%<\/div>\n<\/div>\n<\/div>\n<\/td>\n<\/tr>\n<tr class=\"datawrapper-TDTXf-1c5djey svelte-fxnudy\">\n<th class=\"first type-text align-left align-vertical-middle    td cell  svelte-11k6b6d\" colspan=\"1\" scope=\"row\">H. Univ. Cl\u00ednico San Cecilio<\/th>\n<td class=\"type-text align-left align-vertical-middle    td cell  svelte-11k6b6d\" colspan=\"1\">Granada (Granada)<\/td>\n<td class=\"type-number align-right align-vertical-middle    td cell  svelte-11k6b6d\" colspan=\"1\">155,2<span class=\"decimals\" aria-hidden=\"true\">0<\/span><\/td>\n<td class=\"type-bar align-left align-vertical-middle    td cell  svelte-11k6b6d\" colspan=\"1\">\n<div class=\"sr-only\" data-nosnippet=\"\">0,0%<\/div>\n<div class=\"bar-chart datawrapper-TDTXf-1udwhp8 svelte-1d84osh no-background normal\" title=\"0,0%\" aria-hidden=\"true\">\n<div class=\"baseline svelte-1d84osh\">\u00a0<\/div>\n<div class=\"bar svelte-1d84osh\">\n<div class=\"bar-label invisible svelte-1d84osh\">0,0%<\/div>\n<div class=\"bar-label svelte-1d84osh\">0,0%<\/div>\n<\/div>\n<\/div>\n<\/td>\n<\/tr>\n<tr class=\"datawrapper-TDTXf-1c5djey svelte-fxnudy\">\n<th class=\"first type-text align-left align-vertical-middle    td cell  svelte-11k6b6d\" colspan=\"1\" scope=\"row\">H. Ciudad de Ja\u00e9n<\/th>\n<td class=\"type-text align-left align-vertical-middle    td cell  svelte-11k6b6d\" colspan=\"1\">Ja\u00e9n (Ja\u00e9n)<\/td>\n<td class=\"type-number align-right align-vertical-middle    td cell  svelte-11k6b6d\" colspan=\"1\">140,7<span class=\"decimals\" aria-hidden=\"true\">0<\/span><\/td>\n<td class=\"type-bar align-left align-vertical-middle    td cell  svelte-11k6b6d\" colspan=\"1\">\n<div class=\"sr-only\" data-nosnippet=\"\">\u22125,0%<\/div>\n<div class=\"bar-chart datawrapper-TDTXf-1udwhp8 svelte-1d84osh no-background normal\" title=\"\u22125,0%\" aria-hidden=\"true\">\n<div class=\"baseline svelte-1d84osh\">\u00a0<\/div>\n<div class=\"bar svelte-1d84osh\">\n<div class=\"bar-label invisible svelte-1d84osh\">\u22125,0%<\/div>\n<div class=\"bar-label svelte-1d84osh\">\u22125,0%<\/div>\n<\/div>\n<\/div>\n<\/td>\n<\/tr>\n<tr class=\"datawrapper-TDTXf-1c5djey svelte-fxnudy\">\n<th class=\"first type-text align-left align-vertical-middle    td cell  svelte-11k6b6d\" colspan=\"1\" scope=\"row\">H. Univ. Puerta del Mar<\/th>\n<td class=\"type-text align-left align-vertical-middle    td cell  svelte-11k6b6d\" colspan=\"1\">C\u00e1diz (C\u00e1diz)<\/td>\n<td class=\"type-number align-right align-vertical-middle    td cell  svelte-11k6b6d\" colspan=\"1\">140,2<span class=\"decimals\" aria-hidden=\"true\">0<\/span><\/td>\n<td class=\"type-bar align-left align-vertical-middle    td cell  svelte-11k6b6d\" colspan=\"1\">\n<div class=\"sr-only\" data-nosnippet=\"\">\u22128,3%<\/div>\n<div class=\"bar-chart datawrapper-TDTXf-1udwhp8 svelte-1d84osh no-background normal\" title=\"\u22128,3%\" aria-hidden=\"true\">\n<div class=\"baseline svelte-1d84osh\">\u00a0<\/div>\n<div class=\"bar svelte-1d84osh\">\n<div class=\"bar-label invisible svelte-1d84osh\">\u22128,3%<\/div>\n<div class=\"bar-label svelte-1d84osh\">\u22128,3%<\/div>\n<\/div>\n<\/div>\n<\/td>\n<\/tr>\n<tr class=\"datawrapper-TDTXf-1c5djey svelte-fxnudy\">\n<th class=\"first type-text align-left align-vertical-middle    td cell  svelte-11k6b6d\" colspan=\"1\" scope=\"row\">H. Univ. Juan Ram\u00f3n Jim\u00e9nez<\/th>\n<td class=\"type-text align-left align-vertical-middle    td cell  svelte-11k6b6d\" colspan=\"1\">Huelva (Huelva)<\/td>\n<td class=\"type-number align-right align-vertical-middle    td cell  svelte-11k6b6d\" colspan=\"1\">123,9<span class=\"decimals\" aria-hidden=\"true\">0<\/span><\/td>\n<td class=\"type-bar align-left align-vertical-middle    td cell  svelte-11k6b6d\" colspan=\"1\">\n<div class=\"sr-only\" data-nosnippet=\"\">\u22123,3%<\/div>\n<div class=\"bar-chart datawrapper-TDTXf-1udwhp8 svelte-1d84osh no-background normal\" title=\"\u22123,3%\" aria-hidden=\"true\">\n<div class=\"baseline svelte-1d84osh\">\u00a0<\/div>\n<div class=\"bar svelte-1d84osh\">\n<div class=\"bar-label invisible svelte-1d84osh\">\u22123,3%<\/div>\n<div class=\"bar-label svelte-1d84osh\">\u22123,3%<\/div>\n<\/div>\n<\/div>\n<\/td>\n<\/tr>\n<tr class=\"datawrapper-TDTXf-1c5djey svelte-fxnudy\">\n<th class=\"first type-text align-left align-vertical-middle    td cell  svelte-11k6b6d\" colspan=\"1\" scope=\"row\">H. Univ. Puerto Real<\/th>\n<td class=\"type-text align-left align-vertical-middle    td cell  svelte-11k6b6d\" colspan=\"1\">Puerto Real (C\u00e1diz)<\/td>\n<td class=\"type-number align-right align-vertical-middle    td cell  svelte-11k6b6d\" colspan=\"1\">89,9<span class=\"decimals\" aria-hidden=\"true\">0<\/span><\/td>\n<td class=\"type-bar align-left align-vertical-middle    td cell  svelte-11k6b6d\" colspan=\"1\">\n<div class=\"sr-only\" data-nosnippet=\"\">0,0%<\/div>\n<div class=\"bar-chart datawrapper-TDTXf-1udwhp8 svelte-1d84osh no-background normal\" title=\"0,0%\" aria-hidden=\"true\">\n<div class=\"baseline svelte-1d84osh\">\u00a0<\/div>\n<div class=\"bar svelte-1d84osh\">\n<div class=\"bar-label invisible svelte-1d84osh\">0,0%<\/div>\n<div class=\"bar-label svelte-1d84osh\">0,0%<\/div>\n<\/div>\n<\/div>\n<\/td>\n<\/tr>\n<tr class=\"datawrapper-TDTXf-1c5djey svelte-fxnudy\">\n<th class=\"first type-text align-left align-vertical-middle    td cell  svelte-11k6b6d\" colspan=\"1\" scope=\"row\">H. Univ. Costa del Sol<\/th>\n<td class=\"type-text align-left align-vertical-middle    td cell  svelte-11k6b6d\" colspan=\"1\">Marbella (M\u00e1laga)<\/td>\n<td class=\"type-number align-right align-vertical-middle    td cell  svelte-11k6b6d\" colspan=\"1\">86,8<span class=\"decimals\" aria-hidden=\"true\">0<\/span><\/td>\n<td class=\"type-bar align-left align-vertical-middle    td cell  svelte-11k6b6d\" colspan=\"1\">\n<div class=\"sr-only\" data-nosnippet=\"\">0,0%<\/div>\n<div class=\"bar-chart datawrapper-TDTXf-1udwhp8 svelte-1d84osh no-background normal\" title=\"0,0%\" aria-hidden=\"true\">\n<div class=\"baseline svelte-1d84osh\">\u00a0<\/div>\n<div class=\"bar svelte-1d84osh\">\n<div class=\"bar-label invisible svelte-1d84osh\">0,0%<\/div>\n<div class=\"bar-label svelte-1d84osh\">0,0%<\/div>\n<\/div>\n<\/div>\n<\/td>\n<\/tr>\n<tr class=\"datawrapper-TDTXf-1c5djey svelte-fxnudy\">\n<th class=\"first type-text align-left align-vertical-middle    td cell  svelte-11k6b6d\" colspan=\"1\" scope=\"row\">H. de Poniente<\/th>\n<td class=\"type-text align-left align-vertical-middle    td cell  svelte-11k6b6d\" colspan=\"1\">El Ejido (Almer\u00eda)<\/td>\n<td class=\"type-number align-right align-vertical-middle    td cell  svelte-11k6b6d\" colspan=\"1\">72,7<span class=\"decimals\" aria-hidden=\"true\">0<\/span><\/td>\n<td class=\"type-bar align-left align-vertical-middle    td cell  svelte-11k6b6d\" colspan=\"1\">\n<div class=\"sr-only\" data-nosnippet=\"\">0,0%<\/div>\n<div class=\"bar-chart datawrapper-TDTXf-1udwhp8 svelte-1d84osh no-background normal\" title=\"0,0%\" aria-hidden=\"true\">\n<div class=\"baseline svelte-1d84osh\">\u00a0<\/div>\n<div class=\"bar svelte-1d84osh\">\n<div class=\"bar-label invisible svelte-1d84osh\">0,0%<\/div>\n<div class=\"bar-label svelte-1d84osh\">0,0%<\/div>\n<\/div>\n<\/div>\n<\/td>\n<\/tr>\n<tr class=\"datawrapper-TDTXf-1c5djey svelte-fxnudy\">\n<th class=\"first type-text align-left align-vertical-middle    td cell  svelte-11k6b6d\" colspan=\"1\" scope=\"row\">H. Infanta Elena<\/th>\n<td class=\"type-text align-left align-vertical-middle    td cell  svelte-11k6b6d\" colspan=\"1\">Huelva (Huelva)<\/td>\n<td class=\"type-number align-right align-vertical-middle    td cell  svelte-11k6b6d\" colspan=\"1\">45,7<span class=\"decimals\" aria-hidden=\"true\">0<\/span><\/td>\n<td class=\"type-bar align-left align-vertical-middle    td cell  svelte-11k6b6d\" colspan=\"1\">\n<div class=\"sr-only\" data-nosnippet=\"\">\u22120,5%<\/div>\n<div class=\"bar-chart datawrapper-TDTXf-1udwhp8 svelte-1d84osh no-background normal\" title=\"\u22120,5%\" aria-hidden=\"true\">\n<div class=\"baseline svelte-1d84osh\">\u00a0<\/div>\n<div class=\"bar svelte-1d84osh\">\n<div class=\"bar-label invisible svelte-1d84osh\">\u22120,5%<\/div>\n<div class=\"bar-label svelte-1d84osh\">\u22120,5%<\/div>\n<\/div>\n<\/div>\n<\/td>\n<\/tr>\n<tr class=\"datawrapper-TDTXf-1c5djey svelte-fxnudy\">\n<th class=\"first type-text align-left align-vertical-middle    td cell  svelte-11k6b6d\" colspan=\"1\" scope=\"row\">H. Alto Guadalquivir (And\u00fajar)<\/th>\n<td class=\"type-text align-left align-vertical-middle    td cell  svelte-11k6b6d\" colspan=\"1\">And\u00fajar (Ja\u00e9n)<\/td>\n<td class=\"type-number align-right align-vertical-middle    td cell  svelte-11k6b6d\" colspan=\"1\">27,9<span class=\"decimals\" aria-hidden=\"true\">0<\/span><\/td>\n<td class=\"type-bar align-left align-vertical-middle    td cell  svelte-11k6b6d\" colspan=\"1\">\n<div class=\"sr-only\" data-nosnippet=\"\">0,0%<\/div>\n<div class=\"bar-chart datawrapper-TDTXf-1udwhp8 svelte-1d84osh no-background normal\" title=\"0,0%\" aria-hidden=\"true\">\n<div class=\"baseline svelte-1d84osh\">\u00a0<\/div>\n<div class=\"bar svelte-1d84osh\">\n<div class=\"bar-label invisible svelte-1d84osh\">0,0%<\/div>\n<div class=\"bar-label svelte-1d84osh\">0,0%<\/div>\n<\/div>\n<\/div>\n<\/td>\n<\/tr>\n<\/tbody>\n<\/table>\n<\/div>\n<\/div>\n<\/div>\n<\/div>\n<\/div>\n<\/div>\n<div class=\"container-afterChart svelte-ej8jdi\">\u00a0<\/div>\n<\/div>\n<\/div>\n<\/div>\n<\/div>\n<\/div>\n<\/div>\n<\/div>\n<p class=\"\" style=\"text-align: justify;\">El presupuesto de los dem\u00e1s centros presenta variaciones m\u00ednimas respecto a 2024, lo que en todo caso supone que tambi\u00e9n perder\u00e1n recursos si se tiene en cuenta el IPC, cuyo <a title=\"https:\/\/elpais.com\/economia\/2025-10-30\/la-inflacion-repunta-una-decima-en-octubre-hasta-el-31-el-nivel-mas-alto-del-ano.html\" href=\"https:\/\/elpais.com\/economia\/2025-10-30\/la-inflacion-repunta-una-decima-en-octubre-hasta-el-31-el-nivel-mas-alto-del-ano.html\" target=\"_self\" rel=\"\" data-link-track-dtm=\"\" data-mrf-link=\"https:\/\/elpais.com\/economia\/2025-10-30\/la-inflacion-repunta-una-decima-en-octubre-hasta-el-31-el-nivel-mas-alto-del-ano.html\">\u00faltimo dato disponible es del 3,1%<\/a>.<\/p>\n<p class=\"\" style=\"text-align: justify;\">La Consejer\u00eda de Salud ha declinado contestar a este diario las razones que hay detr\u00e1s de las diferencias entre hospitales. El departamento s\u00ed considera que estas medidas \u201cen ning\u00fan caso se tratan de recortes de personal, ya que no hay reducciones en plantillas ni en la asistencia\u201d.<\/p>\n<p class=\"\" style=\"text-align: justify;\">Todas las fuentes consultadas, sin embargo, destacan que los ajustes llevan a muchos servicios a una \u201csituaci\u00f3n l\u00edmite\u201d en la que, en la pr\u00e1ctica, el personal en activo se reduce debido a que no se cubren todas las bajas por jubilaci\u00f3n, enfermedad, reducci\u00f3n de jornada\u2026 Esto repercute en \u201cla asistencia que reciben los pacientes y las condiciones de trabajo\u201d.<\/p>\n<p class=\"\" style=\"text-align: justify;\">Una de las razones que lo explica es que buena parte de los gastos de personal son fijos y deben incrementarse de forma obligatoria, como la actualizaci\u00f3n del IPC. Esto hace que el grueso de los recortes deba recaer en partidas como el personal sustituto. El Virgen del Roc\u00edo, por ejemplo, redujo en m\u00e1s de cuatro millones de euros este concepto entre enero y mayo, lo que supone una reducci\u00f3n del gasto del 29,7% en comparaci\u00f3n a 2024.<\/p>\n<h3 class=\"\" style=\"text-align: justify;\">Recursos para el sector privado<\/h3>\n<p class=\"\" style=\"text-align: justify;\">Estos recortes, adem\u00e1s, son especialmente controvertidos porque coinciden con el incremento de recursos destinados a derivar servicios al sector privado, unas externalizaciones que este ejercicio han aumentado un 21,5%, seg\u00fan el <a href=\"https:\/\/andalucia.ccoo.es\/3488d2522950fc27de7fc9b0edacb8b2000057.pdf\" rel=\"\" data-link-track-dtm=\"\" data-mrf-link=\"https:\/\/andalucia.ccoo.es\/3488d2522950fc27de7fc9b0edacb8b2000057.pdf\"><i>Informe sobre la situaci\u00f3n de la sanidad p\u00fablica andaluza<\/i><\/a> que elaboran los principales sindicatos.<\/p>\n<p class=\"\" style=\"text-align: justify;\">Joaqu\u00edn Est\u00e9vez, presidente de la <a href=\"https:\/\/sedisa.net\/fundacion-sedisa\/\" rel=\"\" data-link-track-dtm=\"\" data-mrf-link=\"https:\/\/sedisa.net\/fundacion-sedisa\/\">Fundaci\u00f3n de la Sociedad Espa\u00f1ola de Directivos de la Salud (Fundaci\u00f3n SEDISA)<\/a> califica de \u201cmuy importante\u201d el impacto que los ajustes tienen sobre los centros: \u201cLa primera consecuencia es que los hospitales se ven obligados a priorizar y trabajar por debajo de su capacidad potencial. Se hacen menos consultas, pruebas diagn\u00f3sticas, intervenciones\u2026 El resultado es que crecen las listas de espera\u201d.<\/p>\n<p class=\"\" style=\"text-align: justify;\">En este escenario, contin\u00faa este experto con d\u00e9cadas de experiencia en la gerencia de grandes hospitales p\u00fablicos, \u201clos pacientes pierden calidad asistencial y, aquellos que pueden, contratan un seguro m\u00e9dico privado para no esperar tanto para la prueba o intervenci\u00f3n que necesitan\u201d.<\/p>\n<p class=\"\" style=\"text-align: justify;\">Las consecuencias sobre el sistema sanitario, sin embargo, van m\u00e1s all\u00e1: \u201cLas plantillas se enfrentan a diario a un escenario de falta de personal y sobrecarga de trabajo, lo que contribuye al s\u00edndrome de <i>burnout<\/i>\u201d. Esta expresi\u00f3n, tomada del ingl\u00e9s, define una situaci\u00f3n de estr\u00e9s laboral cr\u00f3nico que causa \u201cagotamiento emocional\u201d, \u201cbaja realizaci\u00f3n personal\u201d y \u201cdespersonalizaci\u00f3n\u201d en la relaci\u00f3n con los pacientes.<\/p>\n<p class=\"\" style=\"text-align: justify;\">Por \u00faltimo, a\u00f1ade Est\u00e9vez, los hospitales sometidos a recortes se ven \u201cobligados a retrasar la adopci\u00f3n de la innovaci\u00f3n en nuevas t\u00e9cnicas diagn\u00f3sticas, terap\u00e9uticas y f\u00e1rmacos que supondr\u00edan mejoras significativas en la calidad asistencial, docente e investigadora, ya que necesitar\u00edan un personal que no pueden contratar\u201d.<\/p>\n<p class=\"\" style=\"text-align: justify;\">Joan Carles March, profesor de la Escuela Andaluza de Salud P\u00fablica, coincide en este an\u00e1lisis y lamenta \u201cel debilitamiento del modelo social andaluz\u201d que conllevan estos tipos de recortes. \u201cSi se debilita la sanidad, se genera un incremento de la desigualdad. Esta crece entre los hogares, ya que muchos no pueden pagar la sanidad privada, y tambi\u00e9n de forma territorial, con zonas menos pobladas casi sin servicios\u201d, expone.<\/p>\n<p class=\"\" style=\"text-align: justify;\">La desigualdad sanitaria, en lugar de paliarla, acaba as\u00ed por \u201creforzar la desigualdad econ\u00f3mica y educativa\u201d, lo que \u201cdebilita la cohesi\u00f3n social\u201d. \u201cSi el ciudadano percibe que el Estado deja de garantizar su salud, se erosiona la legitimidad del sistema democr\u00e1tico y crece la desafecci\u00f3n pol\u00edtica\u201d, concluye March.<\/p>\n<p class=\"\" style=\"text-align: justify;\">El impacto de los recortes ha sido repetidamente denunciado por sindicatos y organizaciones de pacientes. \u201cEl personal acaba agotado f\u00edsica y mentalmente\u201d, se queja El\u00edas Redondo, portavoz de CSIF en el Hospital Virgen de las Nieves de Granada, que asegura que \u201cesto luego redunda en las listas de espera y unas urgencias saturadas, con pacientes que han estado 36 horas en urgencias esperando una cama\u201d.<\/p>\n<h3 class=\"\" style=\"text-align: justify;\">M\u00e1s conflictividad laboral<\/h3>\n<p class=\"\" style=\"text-align: justify;\">La conflictividad ha aumentado en las \u00faltimas semanas en varios centros, como el Hospital Regional de M\u00e1laga. Los profesionales hab\u00edan convocado una huelga para principios de noviembre exigiendo que se cubrieran de una vez las bajas laborales, aunque han logrado un compromiso por parte de la gerencia de suplir las vacantes. \u201cEl presupuesto asignado cada a\u00f1o a nuestro centro no crece acorde a la demanda y la cartera de servicios\u201d, lamenta Rafael Maese, portavoz del Sindicato M\u00e9dico Andaluz.<\/p>\n<p class=\"\" style=\"text-align: justify;\">La unidad psiqui\u00e1trica de adolescentes que el Regional inaugur\u00f3 a finales de 2024 es puesta como ejemplo. \u201cEst\u00e1 amueblada, lo tiene todo, pero sigue sin abrir porque no se ha contratado personal\u201d, critica un profesional sanitario que pide anonimato. Ante la falta de profesionales, el SAS ha firmado un concierto con las Hermanas Hospitalarias del Sagrado Coraz\u00f3n de Jes\u00fas de M\u00e1laga para derivar a pacientes.<\/p>\n<p class=\"\" style=\"text-align: justify;\">En el Virgen de las Nieves, ante el colapso en las pruebas diagn\u00f3sticas \u2014que en algunos casos superan el a\u00f1o, seg\u00fan un especialista que pide el anonimato\u2014, el servicio de radiolog\u00eda ha reclamado poder trabajar por las tardes y los fines de semana para aumentar la actividad. Es el llamado \u201cautoconcierto\u201d, una f\u00f3rmula que, sin embargo, ha acabado decepcionando a muchos profesionales.<\/p>\n<p class=\"\" style=\"text-align: justify;\">\u201cLuego hay que pelear para poder cobrar los actos realizados. La burocracia al final es complicada y las gerencias se escudan en que ha habido fallos en la codificaci\u00f3n de las pruebas y no los abonan. Al final acabas trabajando a\u00fan m\u00e1s horas sin compensaci\u00f3n y la gente se cansa\u201d, indica Juan L\u00f3pez Bustelo, enlace sindical del SMA, en el Puerta del Mar.<\/p>\n<p class=\"\" style=\"text-align: justify;\">La falta de profesionales tambi\u00e9n ha obligado a cerrar el laboratorio de Microbiolog\u00eda de este centro durante la noche, <a href=\"https:\/\/elpais.com\/espana\/andalucia\/2024-06-10\/no-podemos-volver-a-la-prepandemia-los-jefes-de-microbiologia-alertan-del-desmantelamiento-del-servicio-diagnostico-24-horas-en-andalucia.html\" rel=\"\" data-link-track-dtm=\"\" data-mrf-link=\"https:\/\/elpais.com\/espana\/andalucia\/2024-06-10\/no-podemos-volver-a-la-prepandemia-los-jefes-de-microbiologia-alertan-del-desmantelamiento-del-servicio-diagnostico-24-horas-en-andalucia.html\">una decisi\u00f3n que se hab\u00eda conseguido revertir hace unos meses<\/a>. \u201cLas limitaciones en t\u00e9cnicos de laboratorio y esa falta de contrataci\u00f3n ha cortado las urgencias por la noche. Pero tambi\u00e9n faltan m\u00e1s t\u00e9cnicos en los turnos de ma\u00f1ana, cubrir bajas, para hacer los cribados\u2026\u201d, se\u00f1ala otro jefe de servicio, que tambi\u00e9n pide anonimato.<\/p>\n<div class=\"a_md_a\" data-dtm-region=\"articulo_firma\"><strong><a class=\"a_md_a_n\" title=\"Ver todas las noticias de Oriol G\u00fcell\" href=\"https:\/\/elpais.com\/autor\/oriol-guell\/#?rel=author_top\" data-mrf-link=\"https:\/\/elpais.com\/autor\/oriol-guell\/\">Oriol G\u00fcell \u00a0 \u00a0<\/a><a class=\"a_md_a_n\" title=\"Ver todas las noticias de Eva Saiz\" href=\"https:\/\/elpais.com\/autor\/eva-saiz\/#?rel=author_top\" data-mrf-link=\"https:\/\/elpais.com\/autor\/eva-saiz\/\">Eva Saiz<\/a><\/strong><\/div>\n<div data-dtm-region=\"articulo_firma\">\u00a0<\/div>\n<\/div>\n<div data-dtm-region=\"articulo_firma\">foto: El Hospital Universitario Virgen del Roc\u00edo en Sevilla. <span class=\"a_m_m\">PACO PUENTES<\/span><\/div>\n<div class=\"a_e_txt _df\">\n<p>https:\/\/elpais.com\/sociedad\/2025-11-03\/la-junta-impone-a-los-grandes-hospitales-publicos-de-andalucia-recortes-en-personal-por-91-millones.html<\/p>\n<\/div>\n<div class=\"a_e_m\">\u00a0<\/div>\n","protected":false},"excerpt":{"rendered":"<p>Los ajustes llegan al 9,9% en el Regional de M\u00e1laga y el 8,2% en el&#8230;<\/p>\n","protected":false},"author":1,"featured_media":79894,"comment_status":"closed","ping_status":"closed","sticky":false,"template":"","format":"standard","meta":{"_coblocks_attr":"","_coblocks_dimensions":"","_coblocks_responsive_height":"","_coblocks_accordion_ie_support":"","jetpack_post_was_ever_published":false,"_jetpack_newsletter_access":"","_jetpack_dont_email_post_to_subs":false,"_jetpack_newsletter_tier_id":0,"_jetpack_memberships_contains_paywalled_content":false,"_jetpack_memberships_contains_paid_content":false,"footnotes":"","jetpack_publicize_message":"","jetpack_publicize_feature_enabled":true,"jetpack_social_post_already_shared":true,"jetpack_social_options":{"image_generator_settings":{"template":"highway","default_image_id":0,"enabled":false},"version":2}},"categories":[1161,186,44,10805,10],"tags":[],"class_list":["post-79836","post","type-post","status-publish","format-standard","has-post-thumbnail","hentry","category-ciudadania","category-instituciones","category-noticias-de-hoy","category-plataforma-por-la-sanidad-de-atarfe","category-salud"],"jetpack_publicize_connections":[],"jetpack_featured_media_url":"https:\/\/i0.wp.com\/miradordeatarfe.es\/wp-content\/uploads\/2025\/11\/Screenshot-2025-11-05-at-14-04-27-La-Junta-impone-recortes-en-personal-de-91-millones-a-los-grandes-hospitales-publicos-de-Andalucia-Sociedad-EL-PAIS.png?fit=758%2C504&ssl=1","jetpack_likes_enabled":true,"jetpack_sharing_enabled":true,"_links":{"self":[{"href":"https:\/\/miradordeatarfe.es\/index.php?rest_route=\/wp\/v2\/posts\/79836","targetHints":{"allow":["GET"]}}],"collection":[{"href":"https:\/\/miradordeatarfe.es\/index.php?rest_route=\/wp\/v2\/posts"}],"about":[{"href":"https:\/\/miradordeatarfe.es\/index.php?rest_route=\/wp\/v2\/types\/post"}],"author":[{"embeddable":true,"href":"https:\/\/miradordeatarfe.es\/index.php?rest_route=\/wp\/v2\/users\/1"}],"replies":[{"embeddable":true,"href":"https:\/\/miradordeatarfe.es\/index.php?rest_route=%2Fwp%2Fv2%2Fcomments&post=79836"}],"version-history":[{"count":2,"href":"https:\/\/miradordeatarfe.es\/index.php?rest_route=\/wp\/v2\/posts\/79836\/revisions"}],"predecessor-version":[{"id":79895,"href":"https:\/\/miradordeatarfe.es\/index.php?rest_route=\/wp\/v2\/posts\/79836\/revisions\/79895"}],"wp:featuredmedia":[{"embeddable":true,"href":"https:\/\/miradordeatarfe.es\/index.php?rest_route=\/wp\/v2\/media\/79894"}],"wp:attachment":[{"href":"https:\/\/miradordeatarfe.es\/index.php?rest_route=%2Fwp%2Fv2%2Fmedia&parent=79836"}],"wp:term":[{"taxonomy":"category","embeddable":true,"href":"https:\/\/miradordeatarfe.es\/index.php?rest_route=%2Fwp%2Fv2%2Fcategories&post=79836"},{"taxonomy":"post_tag","embeddable":true,"href":"https:\/\/miradordeatarfe.es\/index.php?rest_route=%2Fwp%2Fv2%2Ftags&post=79836"}],"curies":[{"name":"wp","href":"https:\/\/api.w.org\/{rel}","templated":true}]}}