{"id":79842,"date":"2025-11-07T09:16:47","date_gmt":"2025-11-07T08:16:47","guid":{"rendered":"https:\/\/miradordeatarfe.es\/?p=79842"},"modified":"2025-11-05T14:22:50","modified_gmt":"2025-11-05T13:22:50","slug":"79842","status":"publish","type":"post","link":"https:\/\/miradordeatarfe.es\/?p=79842","title":{"rendered":"Estos son los datos sobre cribados que Sanidad ha pedido a las comunidades del PP y no han entregado"},"content":{"rendered":"<div class=\"block--text desktop:flex desktop:mb-7\">\n<div id=\"body-modules\" class=\"body-modules w-full\">\n<h3 class=\"paragraph text-xl pb-7 w-full text-pretty [&amp;_a]:text-link-normal dark:[&amp;_a]:text-link-dark [&amp;_a]:decoration-1 [&amp;_a:hover]:underline [&amp;_a:hover]:text-link-hover [&amp;_a:hover]:decoration-2 [&amp;_b_a]:text-link-normal dark:[&amp;_b_a]:text-link-dark [&amp;_b_a]:decoration-1 [&amp;_b_a:hover]:underline [&amp;_b_a:hover]:text-link-hover desktop:leading-relaxed break-words font-serif\" style=\"text-align: justify;\" data-original-text-size=\"text-xl\">Antes de que <a title=\"Las inc\u00f3gnitas sin resolver un mes despu\u00e9s del estallido del esc\u00e1ndalo de los cribados de c\u00e1ncer\" href=\"https:\/\/www.publico.es\/politica\/incognitas-resolver-mes-despues-estallido-escandalo-cribados-cancer.html\">estallara la crisis de los cribados en Andaluc\u00eda<\/a>, en abril de este mismo a\u00f1o, el Ministerio de Sanidad y las 17 comunidades aut\u00f3nomas se pusieron de acuerdo \u2014despu\u00e9s de dos a\u00f1os de trabajos\u2014 en compartir una serie de datos e indicadores. Este consenso <b>se consider\u00f3 entonces \u00abclave\u00bb para el buen funcionamiento de los programas de detecci\u00f3n precoz <\/b>del c\u00e1ncer, que en Espa\u00f1a son tres: adem\u00e1s del de c\u00e1ncer de mama, existen el de c\u00e1ncer colorrectal y el de c\u00e9rvix.\u00a0\u00a0<\/h3>\n<p class=\"paragraph text-xl pb-7 w-full text-pretty [&amp;_a]:text-link-normal dark:[&amp;_a]:text-link-dark [&amp;_a]:decoration-1 [&amp;_a:hover]:underline [&amp;_a:hover]:text-link-hover [&amp;_a:hover]:decoration-2 [&amp;_b_a]:text-link-normal dark:[&amp;_b_a]:text-link-dark [&amp;_b_a]:decoration-1 [&amp;_b_a:hover]:underline [&amp;_b_a:hover]:text-link-hover desktop:leading-relaxed break-words font-serif\" style=\"text-align: justify;\" data-original-text-size=\"text-xl\">En ese texto, llamado\u00a0<a title=\"Consulta el documento\" href=\"https:\/\/www.sanidad.gob.es\/areas\/promocionPrevencion\/cribado\/cribadoCancer\/docs\/documento_ConsensoSICC_2025.pdf\" target=\"_blank\" rel=\"nofollow noopener noreferrer\"><i>Documento de consenso del sistema de informaci\u00f3n del programa poblacional de cribado de c\u00e1ncer del sistema nacional de salud<\/i><\/a>, \u00a0se recoge, en efecto, lo siguiente: \u00ab<b>Para el \u00e9xito<\/b> de estos programas de cribado <b>es fundamental poder disponer de un adecuado sistema de informaci\u00f3n<\/b> que permita a nivel auton\u00f3mico y estatal realizar su correcto seguimiento y evaluaci\u00f3n\u00bb.<\/p>\n<div style=\"text-align: justify;\">\n<div class=\"pb-ads pb-ads-intext relative w-full aspect-square justify-center mb-5 desktop:mb-7 desktop:bg-cold-gray-100\/30 desktop:dark:bg-cold-gray-700\/30 [&amp;_*]:z-20\">\n<div id=\"\" data-sc-container=\"smartIntxt\">\n<div data-sc-wrapper-sticky=\"\">\n<div class=\"\" data-sc-sticky=\"\">\n<div id=\"smartIntxt\" data-format=\"multiFormat\" data-size=\"300x600\" data-google-query-id=\"CIb9_O6L25ADFb5SpAQdRjQJDg\">\n<div id=\"google_ads_iframe_\/5555,9573807\/adconion.publico.es\/default-intext\/politica_intext_0__container__\">Este consenso de abril, en el que se recogen en el caso del c\u00e1ncer de mama 22 indicadores a compartir\u00a0<\/div>\n<\/div>\n<\/div>\n<\/div>\n<\/div>\n<\/div>\n<\/div>\n<p class=\"paragraph text-xl pb-7 w-full text-pretty [&amp;_a]:text-link-normal dark:[&amp;_a]:text-link-dark [&amp;_a]:decoration-1 [&amp;_a:hover]:underline [&amp;_a:hover]:text-link-hover [&amp;_a:hover]:decoration-2 [&amp;_b_a]:text-link-normal dark:[&amp;_b_a]:text-link-dark [&amp;_b_a]:decoration-1 [&amp;_b_a:hover]:underline [&amp;_b_a:hover]:text-link-hover desktop:leading-relaxed break-words font-serif\" style=\"text-align: justify;\" data-original-text-size=\"text-xl\">El PP, en lugar de colaborar con el Gobierno en plena crisis, decidi\u00f3 reventar esos pactos y arremeter contra la ministra, a la que acusan de ejercer el cargo con objetivos \u00abpartidistas\u00bb y de manera \u00abautoritaria\u00bb. Primero, <a title=\"El PP revienta el consenso en sanidad en plena crisis de los cribados\" href=\"https:\/\/www.publico.es\/politica\/pp-revienta-consenso-sanidad-plena-crisis-cribados.html\">sus consejeros abandonaron en bloque el \u00faltimo consejo de interterritorial de salud<\/a>, donde Sanidad iba a pedir los datos sobre el cribado.\u00a0<\/p>\n<p class=\"paragraph text-xl pb-7 w-full text-pretty [&amp;_a]:text-link-normal dark:[&amp;_a]:text-link-dark [&amp;_a]:decoration-1 [&amp;_a:hover]:underline [&amp;_a:hover]:text-link-hover [&amp;_a:hover]:decoration-2 [&amp;_b_a]:text-link-normal dark:[&amp;_b_a]:text-link-dark [&amp;_b_a]:decoration-1 [&amp;_b_a:hover]:underline [&amp;_b_a:hover]:text-link-hover desktop:leading-relaxed break-words font-serif\" style=\"text-align: justify;\" data-original-text-size=\"text-xl\">Luego prolongaron esa <i>rebeli\u00f3n<\/i> con su negativa, expuesta por escrito mediante cartas, a aportar los datos solicitados a la administraci\u00f3n sanitaria.\u00a0Este martes, el Gobierno ha iniciado la v\u00eda legal para obtenerlos, seg\u00fan anunci\u00f3 la ministra\u00a0<b>M\u00f3nica Garc\u00eda<\/b>\u00a0(M\u00e1s Madrid). Si en un mes, no los tiene, ir\u00e1 a los tribunales.<\/p>\n<p class=\"paragraph text-xl pb-7 w-full text-pretty [&amp;_a]:text-link-normal dark:[&amp;_a]:text-link-dark [&amp;_a]:decoration-1 [&amp;_a:hover]:underline [&amp;_a:hover]:text-link-hover [&amp;_a:hover]:decoration-2 [&amp;_b_a]:text-link-normal dark:[&amp;_b_a]:text-link-dark [&amp;_b_a]:decoration-1 [&amp;_b_a:hover]:underline [&amp;_b_a:hover]:text-link-hover desktop:leading-relaxed break-words font-serif\" style=\"text-align: justify;\" data-original-text-size=\"text-xl\">Este martes, despu\u00e9s del aviso de la ministra y del env\u00edo del requerimiento a las comunidades aut\u00f3nomas, el consejero andaluz de Sanidad y Presidencia, <b>Antonio Sanz (PP)<\/b>, acus\u00f3 a la ministra de \u00abmentir\u00bb y manifest\u00f3 que su Gobierno no se hab\u00eda \u00abnegado a facilitar los datos, sino a hacerlo de cualquier manera y por canales extraoficiales\u00bb. Sanz asegur\u00f3 que la Junta facilitar\u00e1 ahora los datos \u00ab<b>que s\u00ed est\u00e1n disponibles y son comunes<\/b>, como los de cobertura, participaci\u00f3n y tasa de detecci\u00f3n de los cribados\u00bb.\u00a0<\/p>\n<p class=\"paragraph text-xl pb-7 w-full text-pretty [&amp;_a]:text-link-normal dark:[&amp;_a]:text-link-dark [&amp;_a]:decoration-1 [&amp;_a:hover]:underline [&amp;_a:hover]:text-link-hover [&amp;_a:hover]:decoration-2 [&amp;_b_a]:text-link-normal dark:[&amp;_b_a]:text-link-dark [&amp;_b_a]:decoration-1 [&amp;_b_a:hover]:underline [&amp;_b_a:hover]:text-link-hover desktop:leading-relaxed break-words font-serif\" style=\"text-align: justify;\" data-original-text-size=\"text-xl\"><b>\u00abTodas las dem\u00e1s comunidades que no gobierna el PP han cumplido con su obligaci\u00f3n<\/b>: o bien ya han enviado los datos, o bien han mostrado su voluntad de hacerlo en los pr\u00f3ximos d\u00edas. Estos datos no son de los gobiernos, son de la ciudadan\u00eda. El PP se ampara en excusas de mal gobernante\u00bb, hab\u00eda criticado\u00a0<b>Garc\u00eda\u00a0<\/b>este martes.<\/p>\n<div class=\"related-intext bg-warm-gray-100 px-5 -mx-5 py-5 mb-10 desktop:bg-lightmode desktop:border-t-2 desktop:border-b-2 desktop:border-warm-gray-300 desktop:dark:border-cold-gray-500 desktop:mx-0 desktop:px-1 desktop:mt-6 desktop:mb-12 dark:bg-cold-gray-700 dark:desktop:bg-darkmode\" style=\"text-align: justify;\">\n<div class=\"pb-2 text-xl4 font-serif\">\n<article class=\"flex result-page listing-item\"><a class=\"page-link hidden desktop:block w-28 min-w-28 ml-auto desktop:w-48 desktop:min-w-48\" href=\"https:\/\/www.publico.es\/politica\/gobierno-da-mes-comunidades-pp-envien-datos-cribados-cancer-tribunales.html\"><picture class=\"relative z-10 object-cover aspect-square desktop:aspect-interior\"><img data-recalc-dims=\"1\" loading=\"lazy\" decoding=\"async\" class=\"alignleft\" title=\"Manifestaci\u00f3n contra la gesti\u00f3n de los cribados del c\u00e1ncer de mama en Andaluc\u00eda.\" src=\"https:\/\/i0.wp.com\/www.publico.es\/files\/image_horizontal_mobile\/uploads\/2025\/10\/29\/6902562b50bf7.jpeg?resize=480%2C270&#038;ssl=1\" alt=\"Imagen de la concentraci\u00f3n del pasado domingo.\" width=\"480\" height=\"270\" data-full-src=\"https:\/\/www.publico.es\/uploads\/2025\/10\/29\/6902562b50bf7.jpeg\" \/><\/picture>\n<\/a>Los consejeros del PP, m\u00e1s all\u00e1 de las motivaciones pol\u00edticas, han evitado hasta ahora enviar los indicadores al Ministerio agarr\u00e1ndose a <b>dos argumentos fundamentales<\/b>. Por un lado, a la ausencia de un sistema de informaci\u00f3n espec\u00edfico en el que las comunidades puedan cargar los datos. Y, por otro, la idea de que ese documento de consenso, que fue aprobado por unanimidad, est\u00e1 en este momento \u00aben revisi\u00f3n\u00bb<\/article>\n<\/div>\n<\/div>\n<p class=\"paragraph text-xl pb-7 w-full text-pretty [&amp;_a]:text-link-normal dark:[&amp;_a]:text-link-dark [&amp;_a]:decoration-1 [&amp;_a:hover]:underline [&amp;_a:hover]:text-link-hover [&amp;_a:hover]:decoration-2 [&amp;_b_a]:text-link-normal dark:[&amp;_b_a]:text-link-dark [&amp;_b_a]:decoration-1 [&amp;_b_a:hover]:underline [&amp;_b_a:hover]:text-link-hover desktop:leading-relaxed break-words font-serif\" style=\"text-align: justify;\" data-original-text-size=\"text-xl\">En el documento de consenso se recoge que el Ministerio de Sanidad \u00abdesarrollar\u00e1 [un sistema de informaci\u00f3n], que estar\u00e1 constituido por una aplicaci\u00f3n web de uso privado (sin parte p\u00fablica) con acceso a usuarios identificados por certificado digital\u00bb. Se a\u00f1ade tambi\u00e9n que \u00ab<b>la introducci\u00f3n de los datos ser\u00e1 anual<\/b>, limit\u00e1ndose los m\u00e1rgenes temporales de introducci\u00f3n de datos para garantizar su consolidaci\u00f3n\u00bb.\u00a0<\/p>\n<div class=\"related-intext bg-warm-gray-100 px-5 -mx-5 py-5 mb-10 desktop:bg-lightmode desktop:border-t-2 desktop:border-b-2 desktop:border-warm-gray-300 desktop:dark:border-cold-gray-500 desktop:mx-0 desktop:px-1 desktop:mt-6 desktop:mb-12 dark:bg-cold-gray-700 dark:desktop:bg-darkmode\" style=\"text-align: justify;\">\n<div class=\"pb-2 text-xl4 font-serif\">\n<article class=\"flex result-page listing-item\">\n<div class=\"article-details mr-3 desktop:mr-4\">\n<p class=\"font-sans text-base text-black text-balance dark:text-cold-gray-300\">\u00a0<\/p>\n<\/div>\n<p><a class=\"page-link hidden desktop:block w-28 min-w-28 ml-auto desktop:w-48 desktop:min-w-48\" href=\"https:\/\/www.publico.es\/sociedad\/660-000-personas-contratan-seguro-privado-andalucia-deteriora-sanidad-publica.html\"><picture class=\"relative z-10 object-cover aspect-square desktop:aspect-interior\"><img data-recalc-dims=\"1\" loading=\"lazy\" decoding=\"async\" class=\"alignright\" title=\"EuropaPress_7056920_imagenes_concentracion_convocada_asociacion_amama_26_octubre_2025_sevilla (1)\" src=\"https:\/\/i0.wp.com\/www.publico.es\/files\/image_horizontal_mobile\/uploads\/2025\/10\/31\/6904e9c0855b9.jpeg?resize=480%2C270&#038;ssl=1\" alt=\"Im\u00e1genes de la concentraci\u00f3n convocada por Amama, el 26 de octubre en Sevilla.\" width=\"480\" height=\"270\" data-full-src=\"https:\/\/www.publico.es\/uploads\/2025\/10\/31\/6904e9c0855b9.jpeg\" \/><\/picture><\/a><\/article>\n<\/div>\n<\/div>\n<p class=\"paragraph text-xl pb-7 w-full text-pretty [&amp;_a]:text-link-normal dark:[&amp;_a]:text-link-dark [&amp;_a]:decoration-1 [&amp;_a:hover]:underline [&amp;_a:hover]:text-link-hover [&amp;_a:hover]:decoration-2 [&amp;_b_a]:text-link-normal dark:[&amp;_b_a]:text-link-dark [&amp;_b_a]:decoration-1 [&amp;_b_a:hover]:underline [&amp;_b_a:hover]:text-link-hover desktop:leading-relaxed break-words font-serif\" style=\"text-align: justify;\" data-original-text-size=\"text-xl\">Para el Ministerio, <a title=\"El Gobierno da un mes a las comunidades del PP para que env\u00eden los datos de los cribados de c\u00e1ncer antes de ir a los tribunales\" href=\"https:\/\/www.publico.es\/politica\/gobierno-da-mes-comunidades-pp-envien-datos-cribados-cancer-tribunales.html\">todas las excusas presentadas en este momento de crisis por el PP son \u00abperegrinas\u00bb\u00a0<\/a>y carecen por completo de fundamento desde el momento en que todas las comunidades se disponen a colaborar, excepto las de ese partido, y que los datos, hoy, con la tecnolog\u00eda que existe, se pueden compartir de numerosas maneras.<\/p>\n<p class=\"paragraph text-xl pb-7 w-full text-pretty [&amp;_a]:text-link-normal dark:[&amp;_a]:text-link-dark [&amp;_a]:decoration-1 [&amp;_a:hover]:underline [&amp;_a:hover]:text-link-hover [&amp;_a:hover]:decoration-2 [&amp;_b_a]:text-link-normal dark:[&amp;_b_a]:text-link-dark [&amp;_b_a]:decoration-1 [&amp;_b_a:hover]:underline [&amp;_b_a:hover]:text-link-hover desktop:leading-relaxed break-words font-serif\" style=\"text-align: justify;\" data-original-text-size=\"text-xl\">Sanidad considera que \u00ab<b>la efectividad de los cribados radica en un seguimiento escrupuloso del buen funcionamiento de todos los eslabones de la cadena <\/b>de detecci\u00f3n, alerta y seguimiento\u00bb.\u00a0<\/p>\n<p class=\"paragraph text-xl pb-7 w-full text-pretty [&amp;_a]:text-link-normal dark:[&amp;_a]:text-link-dark [&amp;_a]:decoration-1 [&amp;_a:hover]:underline [&amp;_a:hover]:text-link-hover [&amp;_a:hover]:decoration-2 [&amp;_b_a]:text-link-normal dark:[&amp;_b_a]:text-link-dark [&amp;_b_a]:decoration-1 [&amp;_b_a:hover]:underline [&amp;_b_a:hover]:text-link-hover desktop:leading-relaxed break-words font-serif\" style=\"text-align: justify;\" data-original-text-size=\"text-xl\">Y tambi\u00e9n que, ante la \u00abmagnitud del problema actual en Andaluc\u00eda\u00bb, <b>es necesario exigir \u00abla m\u00e1xima transparencia y coordinaci\u00f3n entre las administraciones <\/b>para poder dar respuesta a las necesidades de la poblaci\u00f3n y garantizar que se ponen en marcha las medidas necesarias para disminuir los posibles efectos que esto haya tenido sobre las mujeres afectadas, a la vez que evitar que esto vuelva a ocurrir nuevamente\u00bb.<\/p>\n<h2 class=\"highlighted pt-5 pb-3 font-sans font-bold text-xl2 text-balance desktop:text-pretty leading-tight break-words\" style=\"text-align: justify;\" data-original-text-size=\"text-xl2\">Cinco razones para compartir los datos<\/h2>\n<p class=\"paragraph text-xl pb-7 w-full text-pretty [&amp;_a]:text-link-normal dark:[&amp;_a]:text-link-dark [&amp;_a]:decoration-1 [&amp;_a:hover]:underline [&amp;_a:hover]:text-link-hover [&amp;_a:hover]:decoration-2 [&amp;_b_a]:text-link-normal dark:[&amp;_b_a]:text-link-dark [&amp;_b_a]:decoration-1 [&amp;_b_a:hover]:underline [&amp;_b_a:hover]:text-link-hover desktop:leading-relaxed break-words font-serif\" style=\"text-align: justify;\" data-original-text-size=\"text-xl\">\u00bfPor qu\u00e9 es importante que el Ministerio de Sanidad tenga los datos de todas las comunidades aut\u00f3nomas sobre los programas de cribado de c\u00e1ncer?<\/p>\n<p class=\"paragraph text-xl pb-7 w-full text-pretty [&amp;_a]:text-link-normal dark:[&amp;_a]:text-link-dark [&amp;_a]:decoration-1 [&amp;_a:hover]:underline [&amp;_a:hover]:text-link-hover [&amp;_a:hover]:decoration-2 [&amp;_b_a]:text-link-normal dark:[&amp;_b_a]:text-link-dark [&amp;_b_a]:decoration-1 [&amp;_b_a:hover]:underline [&amp;_b_a:hover]:text-link-hover desktop:leading-relaxed break-words font-serif\" style=\"text-align: justify;\" data-original-text-size=\"text-xl\">Para <b>Joan Carles March<\/b>, experto en organizaci\u00f3n de sistemas sanitarios y exdirector de la Escuela Andaluza de Salud P\u00fablica, son imprescindibles por<b> cinco razones<\/b>.\u00a0<\/p>\n<p class=\"paragraph text-xl pb-7 w-full text-pretty [&amp;_a]:text-link-normal dark:[&amp;_a]:text-link-dark [&amp;_a]:decoration-1 [&amp;_a:hover]:underline [&amp;_a:hover]:text-link-hover [&amp;_a:hover]:decoration-2 [&amp;_b_a]:text-link-normal dark:[&amp;_b_a]:text-link-dark [&amp;_b_a]:decoration-1 [&amp;_b_a:hover]:underline [&amp;_b_a:hover]:text-link-hover desktop:leading-relaxed break-words font-serif\" style=\"text-align: justify;\" data-original-text-size=\"text-xl\">La <b>primera <\/b>es, expone, \u00abgarantizar la equidad y la cohesi\u00f3n del Sistema Nacional de Salud (SNS): en Espa\u00f1a, las competencias sanitarias est\u00e1n descentralizadas, pero el Ministerio de Sanidad tiene<b> la responsabilidad de asegurar la equidad en el acceso y la calidad <\/b>de los servicios en todo el territorio\u00bb.<\/p>\n<div style=\"text-align: justify;\">\u00a0<\/div>\n<p class=\"paragraph text-xl pb-7 w-full text-pretty [&amp;_a]:text-link-normal dark:[&amp;_a]:text-link-dark [&amp;_a]:decoration-1 [&amp;_a:hover]:underline [&amp;_a:hover]:text-link-hover [&amp;_a:hover]:decoration-2 [&amp;_b_a]:text-link-normal dark:[&amp;_b_a]:text-link-dark [&amp;_b_a]:decoration-1 [&amp;_b_a:hover]:underline [&amp;_b_a:hover]:text-link-hover desktop:leading-relaxed break-words font-serif\" style=\"text-align: justify;\" data-original-text-size=\"text-xl\">As\u00ed, \u00abtener informaci\u00f3n homog\u00e9nea y actualizada de los programas de cribado de c\u00e1ncer permite \u2014razona March\u2014<b>detectar desigualdades regionales<\/b> en cobertura, participaci\u00f3n, tiempos de espera o resultados diagn\u00f3sticos\u00bb.<\/p>\n<p class=\"paragraph text-xl pb-7 w-full text-pretty [&amp;_a]:text-link-normal dark:[&amp;_a]:text-link-dark [&amp;_a]:decoration-1 [&amp;_a:hover]:underline [&amp;_a:hover]:text-link-hover [&amp;_a:hover]:decoration-2 [&amp;_b_a]:text-link-normal dark:[&amp;_b_a]:text-link-dark [&amp;_b_a]:decoration-1 [&amp;_b_a:hover]:underline [&amp;_b_a:hover]:text-link-hover desktop:leading-relaxed break-words font-serif\" style=\"text-align: justify;\" data-original-text-size=\"text-xl\">Sin estos datos, no ser\u00eda posible garantizar que toda la ciudadan\u00eda \u2014con independencia de su comunidad aut\u00f3noma\u2014 reciban \u00abla misma oportunidad de detecci\u00f3n precoz\u00bb.<\/p>\n<p class=\"paragraph text-xl pb-7 w-full text-pretty [&amp;_a]:text-link-normal dark:[&amp;_a]:text-link-dark [&amp;_a]:decoration-1 [&amp;_a:hover]:underline [&amp;_a:hover]:text-link-hover [&amp;_a:hover]:decoration-2 [&amp;_b_a]:text-link-normal dark:[&amp;_b_a]:text-link-dark [&amp;_b_a]:decoration-1 [&amp;_b_a:hover]:underline [&amp;_b_a:hover]:text-link-hover desktop:leading-relaxed break-words font-serif\" style=\"text-align: justify;\" data-original-text-size=\"text-xl\">La <b>segunda <\/b>tiene que ver con la capacidad de \u00ab<b>evaluar la eficacia y eficiencia de los programas<\/b>\u00ab. De este modo, explica March, \u00ablos datos agregados a nivel nacional permiten <b>analizar indicadores clave como la cobertura poblacional<\/b>, la tasa de participaci\u00f3n, la detecci\u00f3n de lesiones precancerosas o tumores en estadios iniciales y el<b> coste-efectividad de los programas<\/b>\u00ab.<\/p>\n<p class=\"paragraph text-xl pb-7 w-full text-pretty [&amp;_a]:text-link-normal dark:[&amp;_a]:text-link-dark [&amp;_a]:decoration-1 [&amp;_a:hover]:underline [&amp;_a:hover]:text-link-hover [&amp;_a:hover]:decoration-2 [&amp;_b_a]:text-link-normal dark:[&amp;_b_a]:text-link-dark [&amp;_b_a]:decoration-1 [&amp;_b_a:hover]:underline [&amp;_b_a:hover]:text-link-hover desktop:leading-relaxed break-words font-serif\" style=\"text-align: justify;\" data-original-text-size=\"text-xl\">En resumen, tener esa informaci\u00f3n \u00abes imprescindible \u2014analiza March\u2014 para <b>evaluar la efectividad real de las estrategias preventivas<\/b>, optimizar recursos y tomar decisiones basadas en evidencia\u00bb.<\/p>\n<p class=\"paragraph text-xl pb-7 w-full text-pretty [&amp;_a]:text-link-normal dark:[&amp;_a]:text-link-dark [&amp;_a]:decoration-1 [&amp;_a:hover]:underline [&amp;_a:hover]:text-link-hover [&amp;_a:hover]:decoration-2 [&amp;_b_a]:text-link-normal dark:[&amp;_b_a]:text-link-dark [&amp;_b_a]:decoration-1 [&amp;_b_a:hover]:underline [&amp;_b_a:hover]:text-link-hover desktop:leading-relaxed break-words font-serif\" style=\"text-align: justify;\" data-original-text-size=\"text-xl\">La<b> tercera<\/b> est\u00e1 relacionada con la vigilancia epidemiol\u00f3gica y la planificaci\u00f3n sanitaria. \u00abContar con una base de datos unificada \u2014plantea el exdirector de la Escuela Andaluza de Salud P\u00fablica\u2014 permite <b>estimar la incidencia y mortalidad evitables gracias al cribado<\/b>, analizar tendencias temporales y geogr\u00e1ficas y planificar recursos diagn\u00f3sticos y terap\u00e9uticos de forma anticipada\u00bb.<\/p>\n<p class=\"paragraph text-xl pb-7 w-full text-pretty [&amp;_a]:text-link-normal dark:[&amp;_a]:text-link-dark [&amp;_a]:decoration-1 [&amp;_a:hover]:underline [&amp;_a:hover]:text-link-hover [&amp;_a:hover]:decoration-2 [&amp;_b_a]:text-link-normal dark:[&amp;_b_a]:text-link-dark [&amp;_b_a]:decoration-1 [&amp;_b_a:hover]:underline [&amp;_b_a:hover]:text-link-hover desktop:leading-relaxed break-words font-serif\" style=\"text-align: justify;\" data-original-text-size=\"text-xl\">Por otra parte, y como <b>cuarto elemento<\/b>, March plantea que de este modo se cumplir\u00eda con los \u00abest\u00e1ndares europeos\u00bb. \u00ab<b>La Comisi\u00f3n Europea y la Organizaci\u00f3n Mundial de la Salud<\/b> recomiendan que los Estados miembros mantengan <b>sistemas de informaci\u00f3n nacionales sobre los programas de cribado poblacional<\/b>, con indicadores armonizados que permitan la comparaci\u00f3n internacional\u00bb, asegura.<\/p>\n<p class=\"paragraph text-xl pb-7 w-full text-pretty [&amp;_a]:text-link-normal dark:[&amp;_a]:text-link-dark [&amp;_a]:decoration-1 [&amp;_a:hover]:underline [&amp;_a:hover]:text-link-hover [&amp;_a:hover]:decoration-2 [&amp;_b_a]:text-link-normal dark:[&amp;_b_a]:text-link-dark [&amp;_b_a]:decoration-1 [&amp;_b_a:hover]:underline [&amp;_b_a:hover]:text-link-hover desktop:leading-relaxed break-words font-serif\" style=\"text-align: justify;\" data-original-text-size=\"text-xl\">\u00abEspa\u00f1a, como Estado miembro, debe remitir datos comparables sobre los cribados de c\u00e1ncer de mama, colorrectal y c\u00e9rvix. El Ministerio de Sanidad act\u00faa, por tanto, como<b> interlocutor y coordinador nacional ante Europa<\/b>\u00ab, agrega.<\/p>\n<p class=\"paragraph text-xl pb-7 w-full text-pretty [&amp;_a]:text-link-normal dark:[&amp;_a]:text-link-dark [&amp;_a]:decoration-1 [&amp;_a:hover]:underline [&amp;_a:hover]:text-link-hover [&amp;_a:hover]:decoration-2 [&amp;_b_a]:text-link-normal dark:[&amp;_b_a]:text-link-dark [&amp;_b_a]:decoration-1 [&amp;_b_a:hover]:underline [&amp;_b_a:hover]:text-link-hover desktop:leading-relaxed break-words font-serif\" style=\"text-align: justify;\" data-original-text-size=\"text-xl\">Y por \u00faltimo, la rendici\u00f3n de cuentas es relevante porque \u00abla recopilaci\u00f3n y publicaci\u00f3n de datos homog\u00e9neos fortalece la transparencia del sistema y <b>permite que investigadores, asociaciones de pacientes y ciudadan\u00eda accedan a informaci\u00f3n objetiva<\/b> sobre la calidad de los programas\u00bb, lo que, seg\u00fan March, \u00abincrementa la confianza p\u00fablica\u00bb.<\/p>\n<h2 class=\"highlighted pt-5 pb-3 font-sans font-bold text-xl2 text-balance desktop:text-pretty leading-tight break-words\" style=\"text-align: justify;\" data-original-text-size=\"text-xl2\">Tres leyes<\/h2>\n<p class=\"paragraph text-xl pb-7 w-full text-pretty [&amp;_a]:text-link-normal dark:[&amp;_a]:text-link-dark [&amp;_a]:decoration-1 [&amp;_a:hover]:underline [&amp;_a:hover]:text-link-hover [&amp;_a:hover]:decoration-2 [&amp;_b_a]:text-link-normal dark:[&amp;_b_a]:text-link-dark [&amp;_b_a]:decoration-1 [&amp;_b_a:hover]:underline [&amp;_b_a:hover]:text-link-hover desktop:leading-relaxed break-words font-serif\" style=\"text-align: justify;\" data-original-text-size=\"text-xl\">Lo que solicita el Ministerio de Sanidad son precisamente los indicadores presentes en ese documento de consenso pactado entre todas las administraciones sanitarias. En el caso de que las comunidades no dispongan en este momento de todos los \u00edndices \u2014esos 22\u2014, <b>el Ministerio pide que se remitan aquellos disponibles<\/b> o aquellos que se utilizan para la evaluaci\u00f3n de los programas de cribado.<\/p>\n<p class=\"paragraph text-xl pb-7 w-full text-pretty [&amp;_a]:text-link-normal dark:[&amp;_a]:text-link-dark [&amp;_a]:decoration-1 [&amp;_a:hover]:underline [&amp;_a:hover]:text-link-hover [&amp;_a:hover]:decoration-2 [&amp;_b_a]:text-link-normal dark:[&amp;_b_a]:text-link-dark [&amp;_b_a]:decoration-1 [&amp;_b_a:hover]:underline [&amp;_b_a:hover]:text-link-hover desktop:leading-relaxed break-words font-serif\" style=\"text-align: justify;\" data-original-text-size=\"text-xl\">El consejero andaluz de Salud, Antonio Sanz afirm\u00f3 a este respecto, despu\u00e9s del aviso del inicio de acciones legales por parte del Gobierno, que Garc\u00eda \u00abahora solo pide los indicadores disponibles\u00bb y reiter\u00f3: \u00abDesde Andaluc\u00eda remitiremos en los pr\u00f3ximos d\u00edas <b>aquellos indicadores incluidos en la Estrategia Nacional de C\u00e1ncer del Sistema Nacional de Salud<\/b>, que no son otros que la cobertura, la participaci\u00f3n y la tasa de detecci\u00f3n de los cribados\u00bb.\u00a0 \u00a0<\/p>\n<p class=\"paragraph text-xl pb-7 w-full text-pretty [&amp;_a]:text-link-normal dark:[&amp;_a]:text-link-dark [&amp;_a]:decoration-1 [&amp;_a:hover]:underline [&amp;_a:hover]:text-link-hover [&amp;_a:hover]:decoration-2 [&amp;_b_a]:text-link-normal dark:[&amp;_b_a]:text-link-dark [&amp;_b_a]:decoration-1 [&amp;_b_a:hover]:underline [&amp;_b_a:hover]:text-link-hover desktop:leading-relaxed break-words font-serif\" style=\"text-align: justify;\" data-original-text-size=\"text-xl\">Este <a title=\"Consulta el documento\" href=\"https:\/\/www.sanidad.gob.es\/areas\/calidadAsistencial\/estrategias\/cancer\/docs\/ESTRATEGIA_EN_CANCER_DEL_SNS.pdf\" target=\"_blank\" rel=\"nofollow noopener noreferrer\">documento al que se refiere Sanz<\/a>, que data del a\u00f1o 2021 y tambi\u00e9n es fruto del consenso, recoge dentro de la l\u00ednea estrat\u00e9gica de prevenci\u00f3n del c\u00e1ncer de mama<b> cuatro indicadores de evaluaci\u00f3n<\/b>, que son: \u00abCobertura anual del programa de detecci\u00f3n precoz del c\u00e1ncer de mama; participaci\u00f3n; tasa de detecci\u00f3n, y porcentaje de mujeres con mamograf\u00eda realizada\u00bb.\u00a0<\/p>\n<p class=\"paragraph text-xl pb-7 w-full text-pretty [&amp;_a]:text-link-normal dark:[&amp;_a]:text-link-dark [&amp;_a]:decoration-1 [&amp;_a:hover]:underline [&amp;_a:hover]:text-link-hover [&amp;_a:hover]:decoration-2 [&amp;_b_a]:text-link-normal dark:[&amp;_b_a]:text-link-dark [&amp;_b_a]:decoration-1 [&amp;_b_a:hover]:underline [&amp;_b_a:hover]:text-link-hover desktop:leading-relaxed break-words font-serif\" style=\"text-align: justify;\" data-original-text-size=\"text-xl\">Sanz agreg\u00f3: \u00abLe instamos a que<b> convoque un consejo interterritorial extraordinario<\/b> [justo el \u00f3rgano que abandonaron en bloque las comunidades del PP]\u00a0con <b>dos puntos en el orden del d\u00eda<\/b>: <b>cerrar<\/b> lo establecido por <b>la Ponencia de Cribados<\/b> y abordar <b>el gran reto del sistema sanitario, que es la falta de profesionales<\/b>\u00ab.<\/p>\n<p class=\"paragraph text-xl pb-7 w-full text-pretty [&amp;_a]:text-link-normal dark:[&amp;_a]:text-link-dark [&amp;_a]:decoration-1 [&amp;_a:hover]:underline [&amp;_a:hover]:text-link-hover [&amp;_a:hover]:decoration-2 [&amp;_b_a]:text-link-normal dark:[&amp;_b_a]:text-link-dark [&amp;_b_a]:decoration-1 [&amp;_b_a:hover]:underline [&amp;_b_a:hover]:text-link-hover desktop:leading-relaxed break-words font-serif\" style=\"text-align: justify;\" data-original-text-size=\"text-xl\">El Gobierno acude a tres leyes para reclamar los datos. Por un lado, la Ley 14\/1986 de 25 de abril, General de Sanidad, que consider\u00f3 \u00abcomo actividad fundamental del sistema sanitario\u00bb la realizaci\u00f3n de los estudios epidemiol\u00f3gicos necesarios para orientar con mayor eficacia la prevenci\u00f3n de los riesgos para la salud, as\u00ed como la \u00abplanificaci\u00f3n y evaluaci\u00f3n sanitaria, debiendo tener como base <b>un sistema organizado de informaci\u00f3n sanitaria, vigilancia y acci\u00f3n epidemiol\u00f3gica<\/b>\u00ab.<\/p>\n<p class=\"paragraph text-xl pb-7 w-full text-pretty [&amp;_a]:text-link-normal dark:[&amp;_a]:text-link-dark [&amp;_a]:decoration-1 [&amp;_a:hover]:underline [&amp;_a:hover]:text-link-hover [&amp;_a:hover]:decoration-2 [&amp;_b_a]:text-link-normal dark:[&amp;_b_a]:text-link-dark [&amp;_b_a]:decoration-1 [&amp;_b_a:hover]:underline [&amp;_b_a:hover]:text-link-hover desktop:leading-relaxed break-words font-serif\" style=\"text-align: justify;\" data-original-text-size=\"text-xl\">Por otro lado, la ley 16\/2003, de 28 de mayo, de cohesi\u00f3n y calidad del Sistema Nacional de Salud, establece en su cap\u00edtulo V que \u00abuno de los elementos esenciales para el funcionamiento cohesionado y con garant\u00edas de calidad del SNS\u00bb, es \u00abla existencia de un verdadero sistema de informaci\u00f3n sanitaria\u00bb. En este sentido, esta norma \u00abencomienda al Ministerio de Sanidad y Consumo el <b>establecimiento de un sistema de informaci\u00f3n sanitaria <\/b>que garantice la disponibilidad de la informaci\u00f3n y la comunicaci\u00f3n rec\u00edprocas entre la Administraci\u00f3n sanitaria del Estado y la de las comunidades aut\u00f3nomas\u00bb.\u00a0<\/p>\n<p class=\"paragraph text-xl pb-7 w-full text-pretty [&amp;_a]:text-link-normal dark:[&amp;_a]:text-link-dark [&amp;_a]:decoration-1 [&amp;_a:hover]:underline [&amp;_a:hover]:text-link-hover [&amp;_a:hover]:decoration-2 [&amp;_b_a]:text-link-normal dark:[&amp;_b_a]:text-link-dark [&amp;_b_a]:decoration-1 [&amp;_b_a:hover]:underline [&amp;_b_a:hover]:text-link-hover desktop:leading-relaxed break-words font-serif\" style=\"text-align: justify;\" data-original-text-size=\"text-xl\">Finalmente, la Ley 33\/2011, de 4 de octubre, General de Salud P\u00fablica, define \u00abla vigilancia en salud p\u00fablica como <b>el conjunto de actividades destinadas a recoger, analizar, interpretar y difundir informaci\u00f3n<\/b> relacionada con el estado de la salud de la poblaci\u00f3n y los factores que la condicionan, con el objeto de fundamentar las actuaciones de salud p\u00fablica y adem\u00e1s, establece la creaci\u00f3n de la Red de Vigilancia en Salud P\u00fablica con el fin de coordinar los diferentes sistemas de vigilancia que la integren\u00bb.<\/p>\n<div class=\"group-content desktop:-mx-5 mb-12 px-5 py-5 bg-warm-gray-100 dark:bg-cold-gray-700 desktop:mx-0\">\n<h2 class=\"highlighted pt-5 pb-3 font-sans font-bold text-xl2 text-balance desktop:text-pretty leading-tight break-words\" style=\"text-align: justify;\" data-original-text-size=\"text-xl2\">Los 22 indicadores que reclama Sanidad a las comunidades del PP para conocer el funcionamiento de los programas de c\u00e1ncer de mama<\/h2>\n<p class=\"paragraph text-xl pb-7 w-full text-pretty [&amp;_a]:text-link-normal dark:[&amp;_a]:text-link-dark [&amp;_a]:decoration-1 [&amp;_a:hover]:underline [&amp;_a:hover]:text-link-hover [&amp;_a:hover]:decoration-2 [&amp;_b_a]:text-link-normal dark:[&amp;_b_a]:text-link-dark [&amp;_b_a]:decoration-1 [&amp;_b_a:hover]:underline [&amp;_b_a:hover]:text-link-hover desktop:leading-relaxed break-words font-serif\" style=\"text-align: justify;\" data-original-text-size=\"text-xl\">1. Cobertura de invitaci\u00f3n\u00a0<\/p>\n<p class=\"paragraph text-xl pb-7 w-full text-pretty [&amp;_a]:text-link-normal dark:[&amp;_a]:text-link-dark [&amp;_a]:decoration-1 [&amp;_a:hover]:underline [&amp;_a:hover]:text-link-hover [&amp;_a:hover]:decoration-2 [&amp;_b_a]:text-link-normal dark:[&amp;_b_a]:text-link-dark [&amp;_b_a]:decoration-1 [&amp;_b_a:hover]:underline [&amp;_b_a:hover]:text-link-hover desktop:leading-relaxed break-words font-serif\" data-original-text-size=\"text-xl\">2. Cobertura de invitaci\u00f3n en poblaci\u00f3n elegible<\/p>\n<p class=\"paragraph text-xl pb-7 w-full text-pretty [&amp;_a]:text-link-normal dark:[&amp;_a]:text-link-dark [&amp;_a]:decoration-1 [&amp;_a:hover]:underline [&amp;_a:hover]:text-link-hover [&amp;_a:hover]:decoration-2 [&amp;_b_a]:text-link-normal dark:[&amp;_b_a]:text-link-dark [&amp;_b_a]:decoration-1 [&amp;_b_a:hover]:underline [&amp;_b_a:hover]:text-link-hover desktop:leading-relaxed break-words font-serif\" data-original-text-size=\"text-xl\">3. Cobertura de examen en el a\u00f1o \u00edndice.<\/p>\n<p class=\"paragraph text-xl pb-7 w-full text-pretty [&amp;_a]:text-link-normal dark:[&amp;_a]:text-link-dark [&amp;_a]:decoration-1 [&amp;_a:hover]:underline [&amp;_a:hover]:text-link-hover [&amp;_a:hover]:decoration-2 [&amp;_b_a]:text-link-normal dark:[&amp;_b_a]:text-link-dark [&amp;_b_a]:decoration-1 [&amp;_b_a:hover]:underline [&amp;_b_a:hover]:text-link-hover desktop:leading-relaxed break-words font-serif\" data-original-text-size=\"text-xl\">4. Cobertura de examen en la ronda de cribado<\/p>\n<p class=\"paragraph text-xl pb-7 w-full text-pretty [&amp;_a]:text-link-normal dark:[&amp;_a]:text-link-dark [&amp;_a]:decoration-1 [&amp;_a:hover]:underline [&amp;_a:hover]:text-link-hover [&amp;_a:hover]:decoration-2 [&amp;_b_a]:text-link-normal dark:[&amp;_b_a]:text-link-dark [&amp;_b_a]:decoration-1 [&amp;_b_a:hover]:underline [&amp;_b_a:hover]:text-link-hover desktop:leading-relaxed break-words font-serif\" data-original-text-size=\"text-xl\">5. Tasa de participaci\u00f3n<\/p>\n<p class=\"paragraph text-xl pb-7 w-full text-pretty [&amp;_a]:text-link-normal dark:[&amp;_a]:text-link-dark [&amp;_a]:decoration-1 [&amp;_a:hover]:underline [&amp;_a:hover]:text-link-hover [&amp;_a:hover]:decoration-2 [&amp;_b_a]:text-link-normal dark:[&amp;_b_a]:text-link-dark [&amp;_b_a]:decoration-1 [&amp;_b_a:hover]:underline [&amp;_b_a:hover]:text-link-hover desktop:leading-relaxed break-words font-serif\" data-original-text-size=\"text-xl\">6. Resultados en prueba de cribado<\/p>\n<p class=\"paragraph text-xl pb-7 w-full text-pretty [&amp;_a]:text-link-normal dark:[&amp;_a]:text-link-dark [&amp;_a]:decoration-1 [&amp;_a:hover]:underline [&amp;_a:hover]:text-link-hover [&amp;_a:hover]:decoration-2 [&amp;_b_a]:text-link-normal dark:[&amp;_b_a]:text-link-dark [&amp;_b_a]:decoration-1 [&amp;_b_a:hover]:underline [&amp;_b_a:hover]:text-link-hover desktop:leading-relaxed break-words font-serif\" data-original-text-size=\"text-xl\">7. Tasa de aceptaci\u00f3n de valoraci\u00f3n adicional<\/p>\n<p class=\"paragraph text-xl pb-7 w-full text-pretty [&amp;_a]:text-link-normal dark:[&amp;_a]:text-link-dark [&amp;_a]:decoration-1 [&amp;_a:hover]:underline [&amp;_a:hover]:text-link-hover [&amp;_a:hover]:decoration-2 [&amp;_b_a]:text-link-normal dark:[&amp;_b_a]:text-link-dark [&amp;_b_a]:decoration-1 [&amp;_b_a:hover]:underline [&amp;_b_a:hover]:text-link-hover desktop:leading-relaxed break-words font-serif\" data-original-text-size=\"text-xl\">8. Tasa de aceptaci\u00f3n de la biopsia<\/p>\n<p class=\"paragraph text-xl pb-7 w-full text-pretty [&amp;_a]:text-link-normal dark:[&amp;_a]:text-link-dark [&amp;_a]:decoration-1 [&amp;_a:hover]:underline [&amp;_a:hover]:text-link-hover [&amp;_a:hover]:decoration-2 [&amp;_b_a]:text-link-normal dark:[&amp;_b_a]:text-link-dark [&amp;_b_a]:decoration-1 [&amp;_b_a:hover]:underline [&amp;_b_a:hover]:text-link-hover desktop:leading-relaxed break-words font-serif\" data-original-text-size=\"text-xl\">9. Tasa de detecci\u00f3n<\/p>\n<p class=\"paragraph text-xl pb-7 w-full text-pretty [&amp;_a]:text-link-normal dark:[&amp;_a]:text-link-dark [&amp;_a]:decoration-1 [&amp;_a:hover]:underline [&amp;_a:hover]:text-link-hover [&amp;_a:hover]:decoration-2 [&amp;_b_a]:text-link-normal dark:[&amp;_b_a]:text-link-dark [&amp;_b_a]:decoration-1 [&amp;_b_a:hover]:underline [&amp;_b_a:hover]:text-link-hover desktop:leading-relaxed break-words font-serif\" data-original-text-size=\"text-xl\">10. Distribuci\u00f3n del estadiaje de los c\u00e1nceres invasivos de mama<\/p>\n<p class=\"paragraph text-xl pb-7 w-full text-pretty [&amp;_a]:text-link-normal dark:[&amp;_a]:text-link-dark [&amp;_a]:decoration-1 [&amp;_a:hover]:underline [&amp;_a:hover]:text-link-hover [&amp;_a:hover]:decoration-2 [&amp;_b_a]:text-link-normal dark:[&amp;_b_a]:text-link-dark [&amp;_b_a]:decoration-1 [&amp;_b_a:hover]:underline [&amp;_b_a:hover]:text-link-hover desktop:leading-relaxed break-words font-serif\" data-original-text-size=\"text-xl\">11. Valor predictivo positivo tras prueba de confirmaci\u00f3n<\/p>\n<p class=\"paragraph text-xl pb-7 w-full text-pretty [&amp;_a]:text-link-normal dark:[&amp;_a]:text-link-dark [&amp;_a]:decoration-1 [&amp;_a:hover]:underline [&amp;_a:hover]:text-link-hover [&amp;_a:hover]:decoration-2 [&amp;_b_a]:text-link-normal dark:[&amp;_b_a]:text-link-dark [&amp;_b_a]:decoration-1 [&amp;_b_a:hover]:underline [&amp;_b_a:hover]:text-link-hover desktop:leading-relaxed break-words font-serif\" data-original-text-size=\"text-xl\">12. Tasa bruta de incidencia<\/p>\n<p class=\"paragraph text-xl pb-7 w-full text-pretty [&amp;_a]:text-link-normal dark:[&amp;_a]:text-link-dark [&amp;_a]:decoration-1 [&amp;_a:hover]:underline [&amp;_a:hover]:text-link-hover [&amp;_a:hover]:decoration-2 [&amp;_b_a]:text-link-normal dark:[&amp;_b_a]:text-link-dark [&amp;_b_a]:decoration-1 [&amp;_b_a:hover]:underline [&amp;_b_a:hover]:text-link-hover desktop:leading-relaxed break-words font-serif\" data-original-text-size=\"text-xl\">13. Tasa de mortalidad por c\u00e1ncer de mama<\/p>\n<p class=\"paragraph text-xl pb-7 w-full text-pretty [&amp;_a]:text-link-normal dark:[&amp;_a]:text-link-dark [&amp;_a]:decoration-1 [&amp;_a:hover]:underline [&amp;_a:hover]:text-link-hover [&amp;_a:hover]:decoration-2 [&amp;_b_a]:text-link-normal dark:[&amp;_b_a]:text-link-dark [&amp;_b_a]:decoration-1 [&amp;_b_a:hover]:underline [&amp;_b_a:hover]:text-link-hover desktop:leading-relaxed break-words font-serif\" data-original-text-size=\"text-xl\">14. Tasa de retenci\u00f3n\u00a0<\/p>\n<p class=\"paragraph text-xl pb-7 w-full text-pretty [&amp;_a]:text-link-normal dark:[&amp;_a]:text-link-dark [&amp;_a]:decoration-1 [&amp;_a:hover]:underline [&amp;_a:hover]:text-link-hover [&amp;_a:hover]:decoration-2 [&amp;_b_a]:text-link-normal dark:[&amp;_b_a]:text-link-dark [&amp;_b_a]:decoration-1 [&amp;_b_a:hover]:underline [&amp;_b_a:hover]:text-link-hover desktop:leading-relaxed break-words font-serif\" data-original-text-size=\"text-xl\">15. Tasa de aceptaci\u00f3n de la reevaluaci\u00f3n temprana<\/p>\n<p class=\"paragraph text-xl pb-7 w-full text-pretty [&amp;_a]:text-link-normal dark:[&amp;_a]:text-link-dark [&amp;_a]:decoration-1 [&amp;_a:hover]:underline [&amp;_a:hover]:text-link-hover [&amp;_a:hover]:decoration-2 [&amp;_b_a]:text-link-normal dark:[&amp;_b_a]:text-link-dark [&amp;_b_a]:decoration-1 [&amp;_b_a:hover]:underline [&amp;_b_a:hover]:text-link-hover desktop:leading-relaxed break-words font-serif\" data-original-text-size=\"text-xl\">16. Tasa de detecci\u00f3n en reevaluaciones tempranas<\/p>\n<p class=\"paragraph text-xl pb-7 w-full text-pretty [&amp;_a]:text-link-normal dark:[&amp;_a]:text-link-dark [&amp;_a]:decoration-1 [&amp;_a:hover]:underline [&amp;_a:hover]:text-link-hover [&amp;_a:hover]:decoration-2 [&amp;_b_a]:text-link-normal dark:[&amp;_b_a]:text-link-dark [&amp;_b_a]:decoration-1 [&amp;_b_a:hover]:underline [&amp;_b_a:hover]:text-link-hover desktop:leading-relaxed break-words font-serif\" data-original-text-size=\"text-xl\">17. Tasa de aceptaci\u00f3n del primer tratamiento<\/p>\n<p class=\"paragraph text-xl pb-7 w-full text-pretty [&amp;_a]:text-link-normal dark:[&amp;_a]:text-link-dark [&amp;_a]:decoration-1 [&amp;_a:hover]:underline [&amp;_a:hover]:text-link-hover [&amp;_a:hover]:decoration-2 [&amp;_b_a]:text-link-normal dark:[&amp;_b_a]:text-link-dark [&amp;_b_a]:decoration-1 [&amp;_b_a:hover]:underline [&amp;_b_a:hover]:text-link-hover desktop:leading-relaxed break-words font-serif\" data-original-text-size=\"text-xl\">18. Complicaciones graves por biopsia<\/p>\n<p class=\"paragraph text-xl pb-7 w-full text-pretty [&amp;_a]:text-link-normal dark:[&amp;_a]:text-link-dark [&amp;_a]:decoration-1 [&amp;_a:hover]:underline [&amp;_a:hover]:text-link-hover [&amp;_a:hover]:decoration-2 [&amp;_b_a]:text-link-normal dark:[&amp;_b_a]:text-link-dark [&amp;_b_a]:decoration-1 [&amp;_b_a:hover]:underline [&amp;_b_a:hover]:text-link-hover desktop:leading-relaxed break-words font-serif\" data-original-text-size=\"text-xl\">19. Porcentaje de falsos positivos<\/p>\n<p class=\"paragraph text-xl pb-7 w-full text-pretty [&amp;_a]:text-link-normal dark:[&amp;_a]:text-link-dark [&amp;_a]:decoration-1 [&amp;_a:hover]:underline [&amp;_a:hover]:text-link-hover [&amp;_a:hover]:decoration-2 [&amp;_b_a]:text-link-normal dark:[&amp;_b_a]:text-link-dark [&amp;_b_a]:decoration-1 [&amp;_b_a:hover]:underline [&amp;_b_a:hover]:text-link-hover desktop:leading-relaxed break-words font-serif\" data-original-text-size=\"text-xl\">20. Sensibilidad<\/p>\n<p class=\"paragraph text-xl pb-7 w-full text-pretty [&amp;_a]:text-link-normal dark:[&amp;_a]:text-link-dark [&amp;_a]:decoration-1 [&amp;_a:hover]:underline [&amp;_a:hover]:text-link-hover [&amp;_a:hover]:decoration-2 [&amp;_b_a]:text-link-normal dark:[&amp;_b_a]:text-link-dark [&amp;_b_a]:decoration-1 [&amp;_b_a:hover]:underline [&amp;_b_a:hover]:text-link-hover desktop:leading-relaxed break-words font-serif\" data-original-text-size=\"text-xl\">21. Tasa de c\u00e1ncer de intervalo<\/p>\n<p class=\"paragraph text-xl pb-7 w-full text-pretty [&amp;_a]:text-link-normal dark:[&amp;_a]:text-link-dark [&amp;_a]:decoration-1 [&amp;_a:hover]:underline [&amp;_a:hover]:text-link-hover [&amp;_a:hover]:decoration-2 [&amp;_b_a]:text-link-normal dark:[&amp;_b_a]:text-link-dark [&amp;_b_a]:decoration-1 [&amp;_b_a:hover]:underline [&amp;_b_a:hover]:text-link-hover desktop:leading-relaxed break-words font-serif\" data-original-text-size=\"text-xl\">22. Porcentaje de mujeres con biopsia realizada en los plazos recomendados desde su derivaci\u00f3n.<\/p>\n<\/div>\n<\/div>\n<\/div>\n<div class=\"author-bio mb-10 w-full\">\n<div class=\"pt-7 border-t border-warm-gray-200 dark:border-cold-gray-600\">\n<p class=\"author-name text-lg pb-1 font-bold text-warm-gray-600 dark:text-cold-gray-400\" data-original-text-size=\"text-lg\"><strong><a title=\"Listado de noticias de Ra\u00fal Bocanegra\" href=\"https:\/\/www.publico.es\/author\/raul-bocanegra\">Ra\u00fal Bocanegra<\/a><\/strong><\/p>\n<p data-original-text-size=\"text-lg\">FOTO: <span class=\"image-description\" title=\"La ministra de Sanidad, M\u00f3nica Garc\u00eda, este martes en el Senado.\">La ministra de Sanidad, M\u00f3nica Garc\u00eda, este martes en el Senado.<\/span><strong class=\"author ml-1.5\" title=\"Europa Press\">Europa Press<\/strong><\/p>\n<p>https:\/\/www.publico.es\/politica\/son-datos-sobre-cribados-sanidad-pedido-comunidades-pp-han-entregado.html<\/p>\n<\/div>\n<\/div>\n","protected":false},"excerpt":{"rendered":"<p>Antes de que estallara la crisis de los cribados en Andaluc\u00eda, en abril de este&#8230;<\/p>\n","protected":false},"author":1,"featured_media":79843,"comment_status":"closed","ping_status":"closed","sticky":false,"template":"","format":"standard","meta":{"_coblocks_attr":"","_coblocks_dimensions":"","_coblocks_responsive_height":"","_coblocks_accordion_ie_support":"","jetpack_post_was_ever_published":false,"_jetpack_newsletter_access":"","_jetpack_dont_email_post_to_subs":false,"_jetpack_newsletter_tier_id":0,"_jetpack_memberships_contains_paywalled_content":false,"_jetpack_memberships_contains_paid_content":false,"footnotes":"","jetpack_publicize_message":"","jetpack_publicize_feature_enabled":true,"jetpack_social_post_already_shared":true,"jetpack_social_options":{"image_generator_settings":{"template":"highway","default_image_id":0,"enabled":false},"version":2}},"categories":[10791,1161,186,44,10805],"tags":[],"class_list":["post-79842","post","type-post","status-publish","format-standard","has-post-thumbnail","hentry","category-andalucia","category-ciudadania","category-instituciones","category-noticias-de-hoy","category-plataforma-por-la-sanidad-de-atarfe"],"jetpack_publicize_connections":[],"jetpack_featured_media_url":"https:\/\/i0.wp.com\/miradordeatarfe.es\/wp-content\/uploads\/2025\/11\/690a35d6a1552.jpeg?fit=990%2C557&ssl=1","jetpack_likes_enabled":true,"jetpack_sharing_enabled":true,"_links":{"self":[{"href":"https:\/\/miradordeatarfe.es\/index.php?rest_route=\/wp\/v2\/posts\/79842","targetHints":{"allow":["GET"]}}],"collection":[{"href":"https:\/\/miradordeatarfe.es\/index.php?rest_route=\/wp\/v2\/posts"}],"about":[{"href":"https:\/\/miradordeatarfe.es\/index.php?rest_route=\/wp\/v2\/types\/post"}],"author":[{"embeddable":true,"href":"https:\/\/miradordeatarfe.es\/index.php?rest_route=\/wp\/v2\/users\/1"}],"replies":[{"embeddable":true,"href":"https:\/\/miradordeatarfe.es\/index.php?rest_route=%2Fwp%2Fv2%2Fcomments&post=79842"}],"version-history":[{"count":2,"href":"https:\/\/miradordeatarfe.es\/index.php?rest_route=\/wp\/v2\/posts\/79842\/revisions"}],"predecessor-version":[{"id":79845,"href":"https:\/\/miradordeatarfe.es\/index.php?rest_route=\/wp\/v2\/posts\/79842\/revisions\/79845"}],"wp:featuredmedia":[{"embeddable":true,"href":"https:\/\/miradordeatarfe.es\/index.php?rest_route=\/wp\/v2\/media\/79843"}],"wp:attachment":[{"href":"https:\/\/miradordeatarfe.es\/index.php?rest_route=%2Fwp%2Fv2%2Fmedia&parent=79842"}],"wp:term":[{"taxonomy":"category","embeddable":true,"href":"https:\/\/miradordeatarfe.es\/index.php?rest_route=%2Fwp%2Fv2%2Fcategories&post=79842"},{"taxonomy":"post_tag","embeddable":true,"href":"https:\/\/miradordeatarfe.es\/index.php?rest_route=%2Fwp%2Fv2%2Ftags&post=79842"}],"curies":[{"name":"wp","href":"https:\/\/api.w.org\/{rel}","templated":true}]}}