{"id":79846,"date":"2025-11-06T10:03:56","date_gmt":"2025-11-06T09:03:56","guid":{"rendered":"https:\/\/miradordeatarfe.es\/?p=79846"},"modified":"2025-11-06T14:21:41","modified_gmt":"2025-11-06T13:21:41","slug":"la-escritora-naira-marco-recibira-el-ii-premio-internacional-de-novela-corta-francisco-ayala-por-su-obra-una-isla-dentro-de-la-isla","status":"publish","type":"post","link":"https:\/\/miradordeatarfe.es\/?p=79846","title":{"rendered":"La escritora Naira Marco recibir\u00e1 el II Premio Internacional de Novela Corta Francisco Ayala por su obra \u00abUna isla dentro de la isla\u00bb"},"content":{"rendered":"<h3 style=\"text-align: justify;\">La entrega del galard\u00f3n tendr\u00e1 lugar el 7 de noviembre en el Palacio Alc\u00e1zar del Genil, en un acto organizado por la Fundaci\u00f3n Sierra Elvira y la Fundaci\u00f3n Francisco Ayala, junto con la editorial Traspi\u00e9s.<\/h3>\n<p>El pr\u00f3ximo viernes 7 de noviembre, a las 19:00 horas, en el Palacio Alc\u00e1zar del Genil, tendr\u00e1 lugar la ceremonia de entrega del II Premio Internacional de Novela Corta \u201cFrancisco Ayala\u201d, convocado por la Fundaci\u00f3n Sierra Elvira en<br \/>\ncolaboraci\u00f3n con la Fundaci\u00f3n Francisco Ayala y la editorial Traspi\u00e9s.<\/p>\n<p>En esta segunda edici\u00f3n, el galard\u00f3n ha reca\u00eddo en la escritora canaria<strong> Naira Marco (La Laguna, 1975)<\/strong> por su obra <strong>Una isla dentro de la isla<\/strong>, que el jurado destac\u00f3 por la \u201cconstrucci\u00f3n de un relato metaficcional a modo de<br \/>\ncajas chinas que reflejan la historia de un fracaso desde un sentido on\u00edrico y beckettiano.\u201d<\/p>\n<p>Una isla dentro de la isla narra la estancia de una escritora novel, a modo de diario, en una isla inh\u00f3spita a la que ha sido invitada misteriosamente con la misi\u00f3n de escribir una novela. La convivencia con sus genuinos habitantes y la observaci\u00f3n de un entorno nada peculiar la llevan a enfrentarse a la obsesi\u00f3n persistente de un amor imposible del pasado, a su crisis creativa y a reflexionar sobre su identidad. Su estilo se caracteriza por una prosa precisa, atm\u00f3sferas sugerentes y un equilibrio entre lo real y lo simb\u00f3lico.<\/p>\n<p>El Premio consiste en un cheque de 6.000 euros y la edici\u00f3n de la obra en la editorial Traspi\u00e9s. Se incorpora, adem\u00e1s, en esta segunda edici\u00f3n la entrega de una obra art\u00edstica conmemorativa dise\u00f1ada por el escultor Balbino Montiano. Esta distinci\u00f3n ser\u00e1 otorgada tambi\u00e9n al ganador de la primera edici\u00f3n, Antonio Tocornal, reconoci\u00e9ndole, asimismo, su contribuci\u00f3n al esp\u00edritu del certamen como prestigioso autor de novela corta ampliamente galardonado.<\/p>\n<p>El propio Antonio Tocornal ser\u00e1, adem\u00e1s, quien presentar\u00e1 la novela ganadora de esta segunda edici\u00f3n como<br \/>\ninvitado especial.<\/p>\n<p>El jurado que otorg\u00f3 el premio estuvo presidido por la decana de la Facultad de Filosof\u00eda y Letras de la Universidad de Granada y catedr\u00e1tica de Literatura Hispanoamericana, Ana Gallego Cui\u00f1as. Completaron el tribunal: Carmen Mar\u00eda Pujante Segura, catedr\u00e1tica de Literatura Espa\u00f1ola de la Universidad de Murcia; Cristina P\u00e9rez Valverde, catedr\u00e1tica de Did\u00e1ctica de la Lengua de la UGR; Miguel \u00c1ngel Contreras, poeta y profesor de Literatura; Pedro Ruiz-Cabello, profesor, escritor y patrono de la Fundaci\u00f3n Sierra Elvira; Miguel \u00c1ngel C\u00e1liz, escritor y editor de Traspi\u00e9s y Manuel G\u00f3mez Ros, director de la Fundaci\u00f3n Francisco Ayala.<\/p>\n<p>Emiti\u00f3 su fallo el pasado 29 de mayo, tras deliberar entre seis novelas finalistas seleccionadas de un total de 800 manuscritos enviados por autores hispanohablantes de 28 pa\u00edses.<\/p>\n<p>Creado en 2023, el Premio Internacional de Novela Corta Francisco Ayala naci\u00f3 con el prop\u00f3sito de dar realce a un g\u00e9nero arriesgado como la novela corta, a camino entre la novela y el cuento, contribuyendo a su fortalecimiento, as\u00ed como al de rendir homenaje al legado del escritor granadino, uno de sus m\u00e1ximos exponentes. Su fundamento se halla en los valores de promoci\u00f3n de la cultura, las artes, las ciencias y la acci\u00f3n social que inspiran la labor del fil\u00e1ntropo Marcos Antonio Lamolda Palacios, fundador de la Fundaci\u00f3n Sierra Elvira.<\/p>\n<p>Convocatoria<\/p>\n<p>I Premio Internacional de Novela Corta \u201cFrancisco Ayala \u201c<\/p>\n<p>Organiza:\u00a0<\/p>\n<p>Fundaci\u00f3n Sierra Elvira. Avenida de Andaluc\u00eda n.\u00ba 139.<br \/>\n18230 Atarfe (Granada)<br \/>\ne-mail: prensa@fundacionsierraelvira.org<br \/>\nTel. 624 29 21 96<\/p>\n<p>Motivo Entrega del II Premio Internacional de Novela Corta \u201cFrancisco\u00a0Ayala\u201d<br \/>\nHora 19:00 h<br \/>\nFecha Viernes 07-11-2025<br \/>\nLugar Sede de la Fundaci\u00f3n Francisco Ayala (Palacete Alc\u00e1zar del Genil.<\/p>\n<p>C\/ Rey Abu Said s\/n 18006-Granada)<\/p>\n","protected":false},"excerpt":{"rendered":"<p>La entrega del galard\u00f3n tendr\u00e1 lugar el 7 de noviembre en el Palacio Alc\u00e1zar del&#8230;<\/p>\n","protected":false},"author":1,"featured_media":79847,"comment_status":"closed","ping_status":"closed","sticky":false,"template":"","format":"standard","meta":{"_coblocks_attr":"","_coblocks_dimensions":"","_coblocks_responsive_height":"","_coblocks_accordion_ie_support":"","jetpack_post_was_ever_published":false,"_jetpack_newsletter_access":"","_jetpack_dont_email_post_to_subs":false,"_jetpack_newsletter_tier_id":0,"_jetpack_memberships_contains_paywalled_content":false,"_jetpack_memberships_contains_paid_content":false,"footnotes":"","jetpack_publicize_message":"","jetpack_publicize_feature_enabled":true,"jetpack_social_post_already_shared":true,"jetpack_social_options":{"image_generator_settings":{"template":"highway","default_image_id":0,"enabled":false},"version":2}},"categories":[10810,186,44],"tags":[],"class_list":["post-79846","post","type-post","status-publish","format-standard","has-post-thumbnail","hentry","category-fundacion-sierra-elvira","category-instituciones","category-noticias-de-hoy"],"jetpack_publicize_connections":[],"jetpack_featured_media_url":"https:\/\/i0.wp.com\/miradordeatarfe.es\/wp-content\/uploads\/2025\/11\/NairaMarco.jpg?fit=1775%2C2410&ssl=1","jetpack_likes_enabled":true,"jetpack_sharing_enabled":true,"_links":{"self":[{"href":"https:\/\/miradordeatarfe.es\/index.php?rest_route=\/wp\/v2\/posts\/79846","targetHints":{"allow":["GET"]}}],"collection":[{"href":"https:\/\/miradordeatarfe.es\/index.php?rest_route=\/wp\/v2\/posts"}],"about":[{"href":"https:\/\/miradordeatarfe.es\/index.php?rest_route=\/wp\/v2\/types\/post"}],"author":[{"embeddable":true,"href":"https:\/\/miradordeatarfe.es\/index.php?rest_route=\/wp\/v2\/users\/1"}],"replies":[{"embeddable":true,"href":"https:\/\/miradordeatarfe.es\/index.php?rest_route=%2Fwp%2Fv2%2Fcomments&post=79846"}],"version-history":[{"count":2,"href":"https:\/\/miradordeatarfe.es\/index.php?rest_route=\/wp\/v2\/posts\/79846\/revisions"}],"predecessor-version":[{"id":79893,"href":"https:\/\/miradordeatarfe.es\/index.php?rest_route=\/wp\/v2\/posts\/79846\/revisions\/79893"}],"wp:featuredmedia":[{"embeddable":true,"href":"https:\/\/miradordeatarfe.es\/index.php?rest_route=\/wp\/v2\/media\/79847"}],"wp:attachment":[{"href":"https:\/\/miradordeatarfe.es\/index.php?rest_route=%2Fwp%2Fv2%2Fmedia&parent=79846"}],"wp:term":[{"taxonomy":"category","embeddable":true,"href":"https:\/\/miradordeatarfe.es\/index.php?rest_route=%2Fwp%2Fv2%2Fcategories&post=79846"},{"taxonomy":"post_tag","embeddable":true,"href":"https:\/\/miradordeatarfe.es\/index.php?rest_route=%2Fwp%2Fv2%2Ftags&post=79846"}],"curies":[{"name":"wp","href":"https:\/\/api.w.org\/{rel}","templated":true}]}}