{"id":79849,"date":"2025-11-07T09:22:15","date_gmt":"2025-11-07T08:22:15","guid":{"rendered":"https:\/\/miradordeatarfe.es\/?p=79849"},"modified":"2025-11-07T12:35:53","modified_gmt":"2025-11-07T11:35:53","slug":"vito-colega-termina-la-carrera","status":"publish","type":"post","link":"https:\/\/miradordeatarfe.es\/?p=79849","title":{"rendered":"\u201cVito colega, termina la carrera\u201d"},"content":{"rendered":"<div id=\"main\">\n<div class=\"item\">\n<div class=\"cols2-2\">\n<div class=\"colA\">\n<div class=\"datos\" style=\"text-align: justify;\">\u00a0<\/div>\n<div class=\"tags\" style=\"text-align: justify;\">\n<div class=\"field field-name-field-taxonomia-politica field-type-taxonomy-term-reference field-label-hidden\">\n<div class=\"field-items\">\n<h3 class=\"field-item even\">Un brillante an\u00e1lisis del periodista Agust\u00edn Mart\u00ednez sobre el show del agitador ultra de extrema derecha por campus universitarios. Imprescindible.<\/h3>\n<\/div>\n<\/div>\n<div class=\"cuerpo\">\n<p>Vito Zoppellari, hijo de padre migrante italiano y madre espa\u00f1ola, m\u00e1s conocido como Vito Quiles, ya se ve\u00eda como un Charlie Kirk hisp\u00e1nico, liderando el neofascismo universitario \u201cmade in Spain\u201d, cuando se encontr\u00f3 de manos a boca con la pancarta m\u00e1s demoledora y fant\u00e1stica que cualquier dem\u00f3crata pudiera imaginar: \u201cVito colega, termina la carrera\u201d\u2026 y se le vino el aparejo a la barriga, como se dice por tierras granadinas<\/p>\n<p>Vito Quiles y quienes financian su \u201cperiodismo\u201d de na\u00fasea, hab\u00edan dise\u00f1ado una gira pseudo-universitaria de choque. Una \u201cgira\u201d (entre comillas) por facultades y auditorios universitarios, con el lema (imagino que concebido por tu equipo de marketing ultra) \u201cEspa\u00f1a Combativa\u201d. De la misma manera que uno se monta un kiosko ambulante y recorre los pueblos, Vito recorre las aulas, provocando altercados y generando titulares.<\/p>\n<p><a href=\"https:\/\/www.elindependientedegranada.es\/politica\/bochorno-plaza-universidad\">En Granada, el show de Vito fue precisamente en su Facultad de Derecho<\/a>, el lugar donde antes de ser asesinado, Federico Garc\u00eda Lorca fue detenido; donde estudi\u00f3 Blas Infante, padre de la Patria Andaluza y un par de presidentes republicanos, algo que seguramente, este individuo y los gorilas que le acompa\u00f1an, desconoc\u00edan por completo. Y aparecieron all\u00ed con su charlotada: meg\u00e1fono, ruido, tensi\u00f3n pol\u00edtica, ultraderecha. S\u00ed, lo s\u00e9: es necesario \u201cdar la cara\u201d, \u201cabrir el debate\u201d, \u201csacudir el establishment\u201d. Pero perm\u00edteme sugerirte algo: Vito, termina la carrera.<\/p>\n<p class=\"sumari\">Seg\u00fan confirma FACUA, a trav\u00e9s de Rub\u00e9n S\u00e1nchez, Vito no tiene el grado de Periodismo. Informaci\u00f3n contrastada con la Universidad Complutense de Madrid, algo que ha pretendido ocultar mientras ment\u00eda a tus seguidores con la frase: \u201cacab\u00e9 de estudiar hace dos a\u00f1os\u201d<\/p>\n<p>Porque resulta que no la ha terminado. Seg\u00fan confirma FACUA, a trav\u00e9s de Rub\u00e9n S\u00e1nchez, Vito no tiene el grado de Periodismo. Informaci\u00f3n contrastada con la Universidad Complutense de Madrid, algo que ha pretendido ocultar mientras ment\u00eda a tus seguidores con la frase: \u201cacab\u00e9 de estudiar hace dos a\u00f1os\u201d. Claro, c\u00f3mo no. Aun as\u00ed, a un agitador ultra se le supone un m\u00ednimo pulso coherente \u2014 y no un cartelito colgado de \u201cacab\u00e9 la carrera\u201d cuando no era as\u00ed.<\/p>\n<p>Ver a semejante fantoche montando charlas en campus universitarios no deja de demostrar el inmenso descaro del personaje, incluso cierta iron\u00eda que raya la pantomima. Porque quien clamaba contra \u201clos perro-falutas\u201d, contra \u201clos payasos\u201d, contra los que ostentan c\u00e1tedras (o \u201cc\u00e1tedras fake\u201d, seg\u00fan \u00e9l mismo) sin t\u00edtulo, hace exactamente lo mismo que criticaba: invadir espacios acad\u00e9micos sin poseer ese respaldo formal.<\/p>\n<p>Pero sin duda su ambici\u00f3n va m\u00e1s all\u00e1: no se contenta con ser un agitador local; aspiras a convertirte en el Charlie Kirk hisp\u00e1nico, ese faro ultraderechista, joven, medi\u00e1tico, pol\u00e9mico, que habla de inmigraci\u00f3n, identidad, nacionalidad. El problema es que visto el papel\u00f3n de sus intervenciones en las universidades visitadas, parece m\u00e1s bien un Charlie Kirk\u2026 de Hacendado. Vamos, una copia barata en el estante de oferta.<\/p>\n<p class=\"sumari\">Si aplic\u00e1ramos su propio axioma, en el pa\u00eds en el que la ultraderecha sue\u00f1a, Vito se quedar\u00eda fuera. Iron\u00eda de las iron\u00edas: el agitador que viene a despojar de derechos a otros, tendr\u00eda si propia nacionalidad en entredicho<\/p>\n<p>Y aqu\u00ed la cosa se pone m\u00e1s gruesa: resulta que si se llegaran a cumplir las pretensiones de la ultraderecha en Espa\u00f1a, quiz\u00e1s Vito no podr\u00eda ser ciudadano espa\u00f1ol. \u00bfPor qu\u00e9? Porque defienden que los hijos de inmigrantes no adquieran la nacionalidad espa\u00f1ola aunque hayan nacido aqu\u00ed. Si aplic\u00e1ramos su propio axioma, en el pa\u00eds en el que la ultraderecha sue\u00f1a, Vito se quedar\u00eda fuera. Iron\u00eda de las iron\u00edas: el agitador que viene a despojar de derechos a otros, tendr\u00eda si propia nacionalidad en entredicho.<\/p>\n<p>Mientras tanto el personaje recorre campus, se mete en aulas de universitarios que se est\u00e1n formando \u2014 algunos con t\u00edtulos, otros en camino de obtenerlos \u2014 y les habla de patriotismo, nacionalismo, identidad pura, \u201cellos\u201d y \u201cnosotros\u201d. Y se vienen a la mente los muros de la universidad, las piedras donde se debat\u00eda, se aprend\u00eda, se ense\u00f1aba pensamiento cr\u00edtico; \u00a1y este cretino all\u00ed, a hombro del gorila de turno, con su meg\u00e1fono!<\/p>\n<p class=\"sumari\">S\u00ed, vuelve a clase, consigue tu t\u00edtulo, concluye la carrera. Porque solo entonces podr\u00e1s hablar con cierta autoridad. O al menos, no te sonrojar\u00e1s cuando te digan: \u201cVito, colega, s\u00e1cate la carrera<\/p>\n<p>As\u00ed que, Vito colega: deja de hacer el rid\u00edculo, guarda el cartel de \u201cacab\u00e9 la carrera\u201d (cuando no es as\u00ed), aparca la ruta de la provocaci\u00f3n y vuelve al aula\u2026 como alumno. S\u00ed, vuelve a clase, consigue tu t\u00edtulo, concluye la carrera. Porque solo entonces podr\u00e1s hablar con cierta autoridad. O al menos, no te sonrojar\u00e1s cuando te digan: \u201cVito, colega, s\u00e1cate la carrera\u201d.<\/p>\n<p>Mientras tanto, seguir\u00e1s siendo el agitador de cabecera de la ultraderecha universitaria, el ni\u00f1ato que va de \u201ctour\u201d por las facultades para montar el pollo. Y es que, incluso en la ultraderecha, la etiqueta de \u201cacad\u00e9mico\u201d lleva algo m\u00e1s que un selfie ante un micr\u00f3fono. Lleva un t\u00edtulo que t\u00fa no tienes. Term\u00ednalo.<\/p>\n<\/div>\n<\/div>\n<\/div>\n<\/div>\n<p style=\"text-align: justify;\"><a href=\"https:\/\/www.elindependientedegranada.es\/tags\/politica\/agustin-martinez\"><strong>Agust\u00edn Mart\u00ednez<\/strong><\/a><\/p>\n<p>FOTO: Seguidores del ultra de extrema derecha le coreaban en la Plaza de la Universidad de Granada.Indegranada<\/p>\n<\/div>\n<p>https:\/\/www.elindependientedegranada.es\/politica\/vito-colega-termina-carrera<\/p>\n<\/div>\n","protected":false},"excerpt":{"rendered":"<p>\u00a0 Un brillante an\u00e1lisis del periodista Agust\u00edn Mart\u00ednez sobre el show del agitador ultra de&#8230;<\/p>\n","protected":false},"author":1,"featured_media":79850,"comment_status":"closed","ping_status":"closed","sticky":false,"template":"","format":"standard","meta":{"_coblocks_attr":"","_coblocks_dimensions":"","_coblocks_responsive_height":"","_coblocks_accordion_ie_support":"","jetpack_post_was_ever_published":false,"_jetpack_newsletter_access":"","_jetpack_dont_email_post_to_subs":false,"_jetpack_newsletter_tier_id":0,"_jetpack_memberships_contains_paywalled_content":false,"_jetpack_memberships_contains_paid_content":false,"footnotes":"","jetpack_publicize_message":"","jetpack_publicize_feature_enabled":true,"jetpack_social_post_already_shared":true,"jetpack_social_options":{"image_generator_settings":{"template":"highway","default_image_id":0,"enabled":false},"version":2}},"categories":[1161,10781,44,7671],"tags":[],"class_list":["post-79849","post","type-post","status-publish","format-standard","has-post-thumbnail","hentry","category-ciudadania","category-granada","category-noticias-de-hoy","category-politica"],"jetpack_publicize_connections":[],"jetpack_featured_media_url":"https:\/\/i0.wp.com\/miradordeatarfe.es\/wp-content\/uploads\/2025\/11\/vito.jpg?fit=650%2C487&ssl=1","jetpack_likes_enabled":true,"jetpack_sharing_enabled":true,"_links":{"self":[{"href":"https:\/\/miradordeatarfe.es\/index.php?rest_route=\/wp\/v2\/posts\/79849","targetHints":{"allow":["GET"]}}],"collection":[{"href":"https:\/\/miradordeatarfe.es\/index.php?rest_route=\/wp\/v2\/posts"}],"about":[{"href":"https:\/\/miradordeatarfe.es\/index.php?rest_route=\/wp\/v2\/types\/post"}],"author":[{"embeddable":true,"href":"https:\/\/miradordeatarfe.es\/index.php?rest_route=\/wp\/v2\/users\/1"}],"replies":[{"embeddable":true,"href":"https:\/\/miradordeatarfe.es\/index.php?rest_route=%2Fwp%2Fv2%2Fcomments&post=79849"}],"version-history":[{"count":1,"href":"https:\/\/miradordeatarfe.es\/index.php?rest_route=\/wp\/v2\/posts\/79849\/revisions"}],"predecessor-version":[{"id":79851,"href":"https:\/\/miradordeatarfe.es\/index.php?rest_route=\/wp\/v2\/posts\/79849\/revisions\/79851"}],"wp:featuredmedia":[{"embeddable":true,"href":"https:\/\/miradordeatarfe.es\/index.php?rest_route=\/wp\/v2\/media\/79850"}],"wp:attachment":[{"href":"https:\/\/miradordeatarfe.es\/index.php?rest_route=%2Fwp%2Fv2%2Fmedia&parent=79849"}],"wp:term":[{"taxonomy":"category","embeddable":true,"href":"https:\/\/miradordeatarfe.es\/index.php?rest_route=%2Fwp%2Fv2%2Fcategories&post=79849"},{"taxonomy":"post_tag","embeddable":true,"href":"https:\/\/miradordeatarfe.es\/index.php?rest_route=%2Fwp%2Fv2%2Ftags&post=79849"}],"curies":[{"name":"wp","href":"https:\/\/api.w.org\/{rel}","templated":true}]}}