{"id":79856,"date":"2025-11-09T10:28:33","date_gmt":"2025-11-09T09:28:33","guid":{"rendered":"https:\/\/miradordeatarfe.es\/?p=79856"},"modified":"2025-11-07T13:04:12","modified_gmt":"2025-11-07T12:04:12","slug":"la-proteccion-de-la-violencia-machista","status":"publish","type":"post","link":"https:\/\/miradordeatarfe.es\/?p=79856","title":{"rendered":"LA PROTECCI\u00d3N DE LA VIOLENCIA MACHISTA"},"content":{"rendered":"<h2 id=\"article-title\" class=\"article-title text-balance desktop:text-pretty leading-tight mb-7 desktop:mb-5 font-serif text-xl8 desktop:text-xxxl\" style=\"text-align: justify;\" data-original-text-size=\"text-xl8:text-xxxl\">M\u00e1s de 54.000 madres de menores cuentan con protecci\u00f3n policial por violencia machista<\/h2>\n<div class=\"text-base desktop:text-xl text-pretty text-neutral-gray-800 dark:text-cold-gray-200 mb-5 desktop:mb-7 [&amp;_ul]:list-disc desktop:[&amp;_ul]:ml-3 [&amp;_li]:marker:text-publico [&amp;_li]:mb-2 [&amp;_a]:text-link-normal dark:[&amp;_a]:text-link-dark [&amp;_a]:underline [&amp;_a:hover]:text-link-hover [&amp;_a:hover]:no-underline [&amp;_a:hover]:dark:text-link-dark-hover\" style=\"text-align: justify;\" data-original-text-size=\"text-lg:text-xl\">\n<p>El ministerio de Interior ha revelado que los casos con protecci\u00f3n por maltrato machista\u00a0han subido un 3,72% en un a\u00f1o, llegando hasta los 104.770.\u00a0<\/p>\n<\/div>\n<div id=\"main-content\" class=\"desktop:flex desktop:justify-between\" style=\"text-align: justify;\">\n<div class=\"desktop:max-w-[670px] desktop:w-full desktop:min-h-[1400px]\">\n<div class=\"main-image image mb-5 relative\">\n<div class=\"composite-image main-image media-container image-zoomin\" data-video-width=\"660\" data-video-height=\"371\">\u00a0<\/div>\n<\/div>\n<\/div>\n<\/div>\n<div id=\"body-modules\" class=\"body-modules w-full\">\n<p class=\"paragraph text-xl pb-7 w-full text-pretty [&amp;_a]:text-link-normal dark:[&amp;_a]:text-link-dark [&amp;_a]:decoration-1 [&amp;_a:hover]:underline [&amp;_a:hover]:text-link-hover [&amp;_a:hover]:decoration-2 [&amp;_b_a]:text-link-normal dark:[&amp;_b_a]:text-link-dark [&amp;_b_a]:decoration-1 [&amp;_b_a:hover]:underline [&amp;_b_a:hover]:text-link-hover desktop:leading-relaxed break-words font-serif\" style=\"text-align: justify;\" data-original-text-size=\"text-xl\">M\u00e1s de la mitad de los <a title=\"Igualdad eleva a 34 las mujeres asesinadas este a\u00f1o por violencia machista tras confirmar el caso de Huelva\" href=\"https:\/\/www.publico.es\/mujer\/violencia-machista\/igualdad-eleva-34-mujeres-asesinadas-ano-violencia-machista-confirmar-caso-huelva.html\">casos de violencia de g\u00e9nero<\/a> con protecci\u00f3n policial en Espa\u00f1a corresponden a v\u00edctimas con hijos e hijas menores de edad a su cargo, 54.088, que<b> son 1.084 m\u00e1s que hace un a\u00f1o<\/b>, un crecimiento del 2%.<\/p>\n<p class=\"paragraph text-xl pb-7 w-full text-pretty [&amp;_a]:text-link-normal dark:[&amp;_a]:text-link-dark [&amp;_a]:decoration-1 [&amp;_a:hover]:underline [&amp;_a:hover]:text-link-hover [&amp;_a:hover]:decoration-2 [&amp;_b_a]:text-link-normal dark:[&amp;_b_a]:text-link-dark [&amp;_b_a]:decoration-1 [&amp;_b_a:hover]:underline [&amp;_b_a:hover]:text-link-hover desktop:leading-relaxed break-words font-serif\" style=\"text-align: justify;\" data-original-text-size=\"text-xl\">El Ministerio del Interior ha hecho p\u00fablica este martes la estad\u00edstica mensual de su sistema de seguimiento policial de la violencia machista <a title=\"Cantabria tiene 1.621 casos activos de violencia de g\u00e9nero en el sistema Viog\u00e9n\" href=\"https:\/\/eldiariocantabria.publico.es\/articulo\/cantabria\/cantabria-tiene-1621-casos-activos-violencia-genero-sistema-viogen\/20251104170827184082.html\" rel=\"nofollow noreferrer\">VioG\u00e9n<\/a>, relativa al 31 de octubre de 2025, en la que se destaca que los casos con protecci\u00f3n por maltrato en el \u00e1mbito de la pareja <b>han subido un 3,72% en un a\u00f1o hasta los 104.770,<\/b> superando en m\u00e1s de 3.000 los casos bajo supervisi\u00f3n de los cuerpos policiales en octubre de 2024. El 51,62% de estos casos activos tienen como v\u00edctima a <b>una mujer con menores a su cargo.<\/b><\/p>\n<p class=\"paragraph text-xl pb-7 w-full text-pretty [&amp;_a]:text-link-normal dark:[&amp;_a]:text-link-dark [&amp;_a]:decoration-1 [&amp;_a:hover]:underline [&amp;_a:hover]:text-link-hover [&amp;_a:hover]:decoration-2 [&amp;_b_a]:text-link-normal dark:[&amp;_b_a]:text-link-dark [&amp;_b_a]:decoration-1 [&amp;_b_a:hover]:underline [&amp;_b_a:hover]:text-link-hover desktop:leading-relaxed break-words font-serif\" style=\"text-align: justify;\" data-original-text-size=\"text-xl\">A finales de octubre hab\u00eda <b>23 mujeres expuestas a un riesgo extremo <\/b>de volver a ser agredidas por su maltratador (riesgo de violencia letal para su vida); 988, a riesgo alto; 14.753, a riesgo medio, y 89.006, a riesgo bajo.<\/p>\n<p class=\"paragraph text-xl pb-7 w-full text-pretty [&amp;_a]:text-link-normal dark:[&amp;_a]:text-link-dark [&amp;_a]:decoration-1 [&amp;_a:hover]:underline [&amp;_a:hover]:text-link-hover [&amp;_a:hover]:decoration-2 [&amp;_b_a]:text-link-normal dark:[&amp;_b_a]:text-link-dark [&amp;_b_a]:decoration-1 [&amp;_b_a:hover]:underline [&amp;_b_a:hover]:text-link-hover desktop:leading-relaxed break-words font-serif\" style=\"text-align: justify;\" data-original-text-size=\"text-xl\">En el radar de la Polic\u00eda Nacional, la Guardia Civil, la Polic\u00eda Foral de Navarra y las polic\u00edas locales figuraban el 31 de octubre <b>1.358 v\u00edctimas menores de edad <\/b>(un 13% m\u00e1s que hace un a\u00f1o) y 2.514 mayores de 65 a\u00f1os (un 6,2% m\u00e1s). Se trata de dos colectivos de especial vulnerabilidad.<\/p>\n<p class=\"paragraph text-xl pb-7 w-full text-pretty [&amp;_a]:text-link-normal dark:[&amp;_a]:text-link-dark [&amp;_a]:decoration-1 [&amp;_a:hover]:underline [&amp;_a:hover]:text-link-hover [&amp;_a:hover]:decoration-2 [&amp;_b_a]:text-link-normal dark:[&amp;_b_a]:text-link-dark [&amp;_b_a]:decoration-1 [&amp;_b_a:hover]:underline [&amp;_b_a:hover]:text-link-hover desktop:leading-relaxed break-words font-serif\" style=\"text-align: justify;\" data-original-text-size=\"text-xl\">En el sistema policial VioG\u00e9n hay registradas <b>un total de 768.453 v\u00edctimas de violencia de g\u00e9nero,<\/b> una cifra un 6,6% superior a la del mismo momento del a\u00f1o anterior. Asociados a estas v\u00edctimas, 897.146 casos (un 7,47% m\u00e1s), 104.770 activos y 766.973 inactivos, lo que quiere decir que actualmente no tienen seguimiento policial.<\/p>\n<p class=\"paragraph text-xl pb-7 w-full text-pretty [&amp;_a]:text-link-normal dark:[&amp;_a]:text-link-dark [&amp;_a]:decoration-1 [&amp;_a:hover]:underline [&amp;_a:hover]:text-link-hover [&amp;_a:hover]:decoration-2 [&amp;_b_a]:text-link-normal dark:[&amp;_b_a]:text-link-dark [&amp;_b_a]:decoration-1 [&amp;_b_a:hover]:underline [&amp;_b_a:hover]:text-link-hover desktop:leading-relaxed break-words font-serif\" style=\"text-align: justify;\" data-original-text-size=\"text-xl\">Adem\u00e1s, el sistema integra 18.160 casos del extranjero y mantiene 6.291 casos con el estatus de supervisados, un estadio previo a la inactivaci\u00f3n asociado a circunstancias que aconsejan dilatar esta medida.<\/p>\n<h2 class=\"highlighted pt-5 pb-3 font-sans font-bold text-xl2 text-balance desktop:text-pretty leading-tight break-words\" style=\"text-align: justify;\" data-original-text-size=\"text-xl2\">Violencia vicaria<\/h2>\n<p class=\"paragraph text-xl pb-7 w-full text-pretty [&amp;_a]:text-link-normal dark:[&amp;_a]:text-link-dark [&amp;_a]:decoration-1 [&amp;_a:hover]:underline [&amp;_a:hover]:text-link-hover [&amp;_a:hover]:decoration-2 [&amp;_b_a]:text-link-normal dark:[&amp;_b_a]:text-link-dark [&amp;_b_a]:decoration-1 [&amp;_b_a:hover]:underline [&amp;_b_a:hover]:text-link-hover desktop:leading-relaxed break-words font-serif\" style=\"text-align: justify;\" data-original-text-size=\"text-xl\">A cierre del mes pasado, 1.434 ni\u00f1os y ni\u00f1as estaban en riesgo de ser agredidos por su padre o la pareja o expareja de sus madres (un 16,18 % menos): 5 en riesgo extremo, 126 en riesgo alto y 1.303, medio. Cada vez que Interior detecta una situaci\u00f3n de riesgo en los menores, alerta a los tribunales y a la fiscal\u00eda con una diligencia autom\u00e1tica que persigue que se impongan medidas urgentes de protecci\u00f3n. <b>Son 5.870 los menores en riesgo de violencia vicaria <\/b>que ha detectado Interior desde marzo de 2019.<\/p>\n<div class=\"related-intext bg-warm-gray-100 px-5 -mx-5 py-5 mb-10 desktop:bg-lightmode desktop:border-t-2 desktop:border-b-2 desktop:border-warm-gray-300 desktop:dark:border-cold-gray-500 desktop:mx-0 desktop:px-1 desktop:mt-6 desktop:mb-12 dark:bg-cold-gray-700 dark:desktop:bg-darkmode\" style=\"text-align: justify;\">\n<div class=\"pb-2 text-xl4 font-serif\">\n<article class=\"flex result-page listing-item\"><a class=\"page-link hidden desktop:block w-28 min-w-28 ml-auto desktop:w-48 desktop:min-w-48\" href=\"https:\/\/eldiariocantabria.publico.es\/articulo\/cantabria\/cantabria-tiene-1621-casos-activos-violencia-genero-sistema-viogen\/20251104170827184082.html\"><picture class=\"relative z-10 object-cover aspect-square desktop:aspect-interior\"><img data-recalc-dims=\"1\" loading=\"lazy\" decoding=\"async\" class=\"alignleft\" title=\"En Cantabria hay m\u00e1s de 1.600 casos activos de v\u00edctimas de violencia de g\u00e9nero\" src=\"https:\/\/i0.wp.com\/www.publico.es\/files\/image_horizontal_mobile\/uploads\/2025\/09\/06\/68bc84bc5cc6f.jpeg?resize=480%2C270&#038;ssl=1\" alt=\"En Cantabria hay m\u00e1s de 1.600 casos activos de v\u00edctimas de violencia de g\u00e9nero\" width=\"480\" height=\"270\" data-full-src=\"https:\/\/www.publico.es\/uploads\/2025\/09\/06\/68bc84bc5cc6f.jpeg\" \/><\/picture><\/a>El sistema VioG\u00e9n persigue evaluar, a trav\u00e9s de un cuestionario que se hace a la v\u00edctima,<\/article>\n<\/div>\n<\/div>\n<div class=\"group-content desktop:-mx-5 mb-12 px-5 py-5 bg-warm-gray-100 dark:bg-cold-gray-700 desktop:mx-0\">\n<p class=\"paragraph text-xl pb-7 w-full text-pretty [&amp;_a]:text-link-normal dark:[&amp;_a]:text-link-dark [&amp;_a]:decoration-1 [&amp;_a:hover]:underline [&amp;_a:hover]:text-link-hover [&amp;_a:hover]:decoration-2 [&amp;_b_a]:text-link-normal dark:[&amp;_b_a]:text-link-dark [&amp;_b_a]:decoration-1 [&amp;_b_a:hover]:underline [&amp;_b_a:hover]:text-link-hover desktop:leading-relaxed break-words font-serif\" style=\"text-align: justify;\" data-original-text-size=\"text-xl\">El Ministerio de Igualdad, a trav\u00e9s de la Delegaci\u00f3n del Gobierno contra la Violencia de G\u00e9nero, dispone del tel\u00e9fono 016, las consultas online a trav\u00e9s del email 016-online@igualdad.gob.es, el canal del WhatsApp en el n\u00famero 600 000 016 y el chat online, accesible desde la p\u00e1gina web violenciagenero.igualdad.gob.es, que funcionan las 24 horas, todos los d\u00edas de la semana.\u00a0<\/p>\n<p class=\"paragraph text-xl pb-7 w-full text-pretty [&amp;_a]:text-link-normal dark:[&amp;_a]:text-link-dark [&amp;_a]:decoration-1 [&amp;_a:hover]:underline [&amp;_a:hover]:text-link-hover [&amp;_a:hover]:decoration-2 [&amp;_b_a]:text-link-normal dark:[&amp;_b_a]:text-link-dark [&amp;_b_a]:decoration-1 [&amp;_b_a:hover]:underline [&amp;_b_a:hover]:text-link-hover desktop:leading-relaxed break-words font-serif\" style=\"text-align: justify;\" data-original-text-size=\"text-xl\">En el 016 se puede pedir asesoramiento sobre los recursos disponibles y los derechos de las v\u00edctimas de todas las formas de violencia contra la mujer. As\u00ed como asesoramiento jur\u00eddico de 8.00 a 22.00 horas todos los d\u00edas de la semana, con atenci\u00f3n en 53 idiomas y un servicio adaptado a posibles situaciones de discapacidad<\/p>\n<\/div>\n<\/div>\n","protected":false},"excerpt":{"rendered":"<p>M\u00e1s de 54.000 madres de menores cuentan con protecci\u00f3n policial por violencia machista El ministerio&#8230;<\/p>\n","protected":false},"author":1,"featured_media":79857,"comment_status":"closed","ping_status":"closed","sticky":false,"template":"","format":"standard","meta":{"_coblocks_attr":"","_coblocks_dimensions":"","_coblocks_responsive_height":"","_coblocks_accordion_ie_support":"","jetpack_post_was_ever_published":false,"_jetpack_newsletter_access":"","_jetpack_dont_email_post_to_subs":false,"_jetpack_newsletter_tier_id":0,"_jetpack_memberships_contains_paywalled_content":false,"_jetpack_memberships_contains_paid_content":false,"footnotes":"","jetpack_publicize_message":"","jetpack_publicize_feature_enabled":true,"jetpack_social_post_already_shared":true,"jetpack_social_options":{"image_generator_settings":{"template":"highway","default_image_id":0,"enabled":false},"version":2}},"categories":[1161,14,44,6937],"tags":[],"class_list":["post-79856","post","type-post","status-publish","format-standard","has-post-thumbnail","hentry","category-ciudadania","category-feminismo","category-noticias-de-hoy","category-sociedad"],"jetpack_publicize_connections":[],"jetpack_featured_media_url":"https:\/\/i0.wp.com\/miradordeatarfe.es\/wp-content\/uploads\/2025\/11\/68bb0a596c108.jpeg?fit=990%2C557&ssl=1","jetpack_likes_enabled":true,"jetpack_sharing_enabled":true,"_links":{"self":[{"href":"https:\/\/miradordeatarfe.es\/index.php?rest_route=\/wp\/v2\/posts\/79856","targetHints":{"allow":["GET"]}}],"collection":[{"href":"https:\/\/miradordeatarfe.es\/index.php?rest_route=\/wp\/v2\/posts"}],"about":[{"href":"https:\/\/miradordeatarfe.es\/index.php?rest_route=\/wp\/v2\/types\/post"}],"author":[{"embeddable":true,"href":"https:\/\/miradordeatarfe.es\/index.php?rest_route=\/wp\/v2\/users\/1"}],"replies":[{"embeddable":true,"href":"https:\/\/miradordeatarfe.es\/index.php?rest_route=%2Fwp%2Fv2%2Fcomments&post=79856"}],"version-history":[{"count":1,"href":"https:\/\/miradordeatarfe.es\/index.php?rest_route=\/wp\/v2\/posts\/79856\/revisions"}],"predecessor-version":[{"id":79858,"href":"https:\/\/miradordeatarfe.es\/index.php?rest_route=\/wp\/v2\/posts\/79856\/revisions\/79858"}],"wp:featuredmedia":[{"embeddable":true,"href":"https:\/\/miradordeatarfe.es\/index.php?rest_route=\/wp\/v2\/media\/79857"}],"wp:attachment":[{"href":"https:\/\/miradordeatarfe.es\/index.php?rest_route=%2Fwp%2Fv2%2Fmedia&parent=79856"}],"wp:term":[{"taxonomy":"category","embeddable":true,"href":"https:\/\/miradordeatarfe.es\/index.php?rest_route=%2Fwp%2Fv2%2Fcategories&post=79856"},{"taxonomy":"post_tag","embeddable":true,"href":"https:\/\/miradordeatarfe.es\/index.php?rest_route=%2Fwp%2Fv2%2Ftags&post=79856"}],"curies":[{"name":"wp","href":"https:\/\/api.w.org\/{rel}","templated":true}]}}