{"id":79863,"date":"2025-11-07T11:16:06","date_gmt":"2025-11-07T10:16:06","guid":{"rendered":"https:\/\/miradordeatarfe.es\/?p=79863"},"modified":"2025-11-07T12:35:04","modified_gmt":"2025-11-07T11:35:04","slug":"atarfe-presentacion-del-comic-madinat-ilbira-el-candil-magico-el-11-11-a-las-17h","status":"publish","type":"post","link":"https:\/\/miradordeatarfe.es\/?p=79863","title":{"rendered":"ATARFE: Presentaci\u00f3n del c\u00f3mic \u201cMadinat Ilbira: El candil m\u00e1gico\u201d el 11\/11 a las 17h"},"content":{"rendered":"<h2>La Alcaldesa de Atarfe, Yolanda Fern\u00e1ndez Morales, y la Concejala de Cultura, Jennifer Garc\u00eda Moreno, tienen el placer de invitaros a la <strong>presentaci\u00f3n del nuevo c\u00f3mic \u201cMadinat Ilbira: El candil m\u00e1gico\u201d, una obra de Juanjo Meg\u00edas<\/strong> creada para acercar el yacimiento de Medina Elvira a los m\u00e1s j\u00f3venes.<\/h2>\n<p dir=\"ltr\"><span class=\"C9DxTc \">Una cita cultural para disfrutar en familia, descubrir nuestra historia y seguir poniendo en valor el gran legado de Medina Elvira, origen de Atarfe.<\/span><\/p>\n<p>Como dice Guillermo Guillermo Garc\u00eda-Contreras Ruiz,\u00a0Director de la C\u00e1tedra G\u00f3mez-Moreno\u00a0para la investigaci\u00f3n y puesta en valor de Medina Elvira\u00a0Universidad de Granada:\u00a0<\/p>\n<p><em>La aventura de Vega que presenta este c\u00f3mic es, en definitiva, una forma distinta de acercarse a Medina Elvira: seria y a la vez entretenida, pensada para j\u00f3venes y no tan j\u00f3venes, capaz de emocionar, intrigar, sorprender y ense\u00f1ar al mismo tiempo. Un peque\u00f1o homenaje que rinde la maestr\u00eda de Juanjo Meg\u00edas a un yacimiento fundamental y a todos los que hacen posible su conocimiento, conservaci\u00f3n y puesta en valor y, sobre todo, una puerta abierta para que todos podamos sentir m\u00e1s cerca nuestra historia compartida.<\/em><\/p>\n<p>Madinat Ilbira es un c\u00f3mic para dar a conocer el Yacimiento de Medina Elvira para todas las edades.<\/p>\n<p>Sum\u00e9rgete en el pasado de esta ciudad con Vega, una arque\u00f3loga algo torpe pero valiente que visitar\u00e1 un lugar en el que le esperan grandes sorpresas. Una aventura m\u00e1gica e inesperada<br \/>\npor el tiempo, en la que conocer\u00e1s a romanos, omeyas e ilustres arque\u00f3logos \u00bfC\u00f3mo podr\u00e1 regresar Vega a nuestra \u00e9poca?<br \/>\n\u00a1Desc\u00fabrelo mientras aprendes la historia de esta gran excavaci\u00f3n!<\/p>\n<p><strong>El COMIC idea original del atarfe\u00f1o\u00a0 Juanjo Meg\u00edas fue planteado por de la Cora de Ilbira y\u00a0 ha sido patrocinado por la Diputaci\u00f3n de Granada y el Ayuntamiento de Atarfe y editado por la Fundaci\u00f3n Sierra Elvira con la colaboraci\u00f3n del grupo ITSMO y la C\u00e1tedra Gomez Moreno de la Universidad de Granada<\/strong><\/p>\n<p class=\"zfr3Q CDt4Ke \" dir=\"ltr\"><strong><span class=\"C9DxTc \">&#x1f4cd; Lugar: Centro Cultural Medina Elvira<\/span><\/strong><\/p>\n<p class=\"zfr3Q CDt4Ke \" dir=\"ltr\"><strong><span class=\"C9DxTc \">&#x1f4c5; Fecha:\u00a0<\/span><span class=\"C9DxTc \">11 de noviembre de 2025<\/span><\/strong><\/p>\n<p class=\"zfr3Q CDt4Ke \" dir=\"ltr\"><strong><span class=\"C9DxTc \">&#x1f554; Hora: 17:00 h<\/span><\/strong><\/p>\n<p dir=\"ltr\"><img data-recalc-dims=\"1\" loading=\"lazy\" decoding=\"async\" class=\"alignnone wp-image-79865 \" src=\"https:\/\/i0.wp.com\/miradordeatarfe.es\/wp-content\/uploads\/2025\/11\/madinatr.jpg?resize=640%2C905&#038;ssl=1\" alt=\"\" width=\"640\" height=\"905\" srcset=\"https:\/\/i0.wp.com\/miradordeatarfe.es\/wp-content\/uploads\/2025\/11\/madinatr.jpg?w=599&amp;ssl=1 599w, https:\/\/i0.wp.com\/miradordeatarfe.es\/wp-content\/uploads\/2025\/11\/madinatr.jpg?resize=212%2C300&amp;ssl=1 212w\" sizes=\"auto, (max-width: 640px) 100vw, 640px\" \/><\/p>\n","protected":false},"excerpt":{"rendered":"<p>La Alcaldesa de Atarfe, Yolanda Fern\u00e1ndez Morales, y la Concejala de Cultura, Jennifer Garc\u00eda Moreno,&#8230;<\/p>\n","protected":false},"author":1,"featured_media":79867,"comment_status":"closed","ping_status":"closed","sticky":false,"template":"","format":"standard","meta":{"_coblocks_attr":"","_coblocks_dimensions":"","_coblocks_responsive_height":"","_coblocks_accordion_ie_support":"","jetpack_post_was_ever_published":false,"_jetpack_newsletter_access":"","_jetpack_dont_email_post_to_subs":false,"_jetpack_newsletter_tier_id":0,"_jetpack_memberships_contains_paywalled_content":false,"_jetpack_memberships_contains_paid_content":false,"footnotes":"","jetpack_publicize_message":"","jetpack_publicize_feature_enabled":true,"jetpack_social_post_already_shared":false,"jetpack_social_options":{"image_generator_settings":{"template":"highway","default_image_id":0,"enabled":false},"version":2}},"categories":[6916,1161,10810,186,9029,44],"tags":[],"class_list":["post-79863","post","type-post","status-publish","format-standard","has-post-thumbnail","hentry","category-ayuntamiento-de-atarfe","category-ciudadania","category-fundacion-sierra-elvira","category-instituciones","category-la-cora-de-ilbira","category-noticias-de-hoy"],"jetpack_publicize_connections":[],"jetpack_featured_media_url":"https:\/\/i0.wp.com\/miradordeatarfe.es\/wp-content\/uploads\/2025\/11\/comic.png?fit=1049%2C771&ssl=1","jetpack_likes_enabled":true,"jetpack_sharing_enabled":true,"_links":{"self":[{"href":"https:\/\/miradordeatarfe.es\/index.php?rest_route=\/wp\/v2\/posts\/79863","targetHints":{"allow":["GET"]}}],"collection":[{"href":"https:\/\/miradordeatarfe.es\/index.php?rest_route=\/wp\/v2\/posts"}],"about":[{"href":"https:\/\/miradordeatarfe.es\/index.php?rest_route=\/wp\/v2\/types\/post"}],"author":[{"embeddable":true,"href":"https:\/\/miradordeatarfe.es\/index.php?rest_route=\/wp\/v2\/users\/1"}],"replies":[{"embeddable":true,"href":"https:\/\/miradordeatarfe.es\/index.php?rest_route=%2Fwp%2Fv2%2Fcomments&post=79863"}],"version-history":[{"count":3,"href":"https:\/\/miradordeatarfe.es\/index.php?rest_route=\/wp\/v2\/posts\/79863\/revisions"}],"predecessor-version":[{"id":79869,"href":"https:\/\/miradordeatarfe.es\/index.php?rest_route=\/wp\/v2\/posts\/79863\/revisions\/79869"}],"wp:featuredmedia":[{"embeddable":true,"href":"https:\/\/miradordeatarfe.es\/index.php?rest_route=\/wp\/v2\/media\/79867"}],"wp:attachment":[{"href":"https:\/\/miradordeatarfe.es\/index.php?rest_route=%2Fwp%2Fv2%2Fmedia&parent=79863"}],"wp:term":[{"taxonomy":"category","embeddable":true,"href":"https:\/\/miradordeatarfe.es\/index.php?rest_route=%2Fwp%2Fv2%2Fcategories&post=79863"},{"taxonomy":"post_tag","embeddable":true,"href":"https:\/\/miradordeatarfe.es\/index.php?rest_route=%2Fwp%2Fv2%2Ftags&post=79863"}],"curies":[{"name":"wp","href":"https:\/\/api.w.org\/{rel}","templated":true}]}}