{"id":7987,"date":"2016-04-05T09:00:00","date_gmt":"2016-04-05T09:00:00","guid":{"rendered":"http:\/\/miradordeatarfe.es\/?p=7987"},"modified":"2016-04-05T14:02:17","modified_gmt":"2016-04-05T14:02:17","slug":"memorias-de-una-historia-inventada-mili-punto-uno-parte-1","status":"publish","type":"post","link":"https:\/\/miradordeatarfe.es\/?p=7987","title":{"rendered":"MEMORIAS DE UNA HISTORIA INVENTADA: MILI. PUNTO UNO (parte 1)por Manuel Sierra"},"content":{"rendered":"<p align=\"JUSTIFY\">Todos los d\u00edas, antes de coger el autob\u00fas, bajo al s\u00f3tano a sacar el coche del garaje para que mi mujer se lo lleve a su trabajo, y a veces hay un momento m\u00e1gico cuando levanto la vista al cielo del oeste, a\u00fan a media luz, evoco recuerdos de un tiempo pasado, porque tambi\u00e9n ten\u00eda que levantarme a sacar otro coche&#8230;<!--more--><\/p>\n<p align=\"JUSTIFY\">&#8211; L\u00f3pez, \u00bfsabe usted conducir? \u00bftiene carn\u00e9?<\/p>\n<p align=\"JUSTIFY\">&#8211; Claro, mi teniente coronel, desde hace tres a\u00f1os.<\/p>\n<p align=\"JUSTIFY\">Mi teniente coronel, sobre un metro ochenta de militar delgado, enjuto y serio, de los de antes, me mir\u00f3 como sopesando si seguir o no. Yo era un chico m\u00e1s bien escu\u00e1lido, m\u00e1s bajo que \u00e9l, aunque bastante despierto, y no deb\u00eda ser muy tonto cuando el comandante, que ese s\u00ed que era un fiera, me hab\u00eda fichado para ser el furriel del cuartel en cuanto llegu\u00e9 al Cristo, debi\u00f3 pensar el militar.<\/p>\n<p align=\"JUSTIFY\">Ver\u00e1, le tengo que pedir un favor -dijo en un tono autoritario, como una orden, porque \u00e9l siempre daba as\u00ed las \u00f3rdenes, lo sab\u00eda desde que le vi la primera vez-,\u2026 y antes de que diga s\u00ed o no quiero que sepa que puede negarse, porque lo entender\u00e9, dijo enarcando una de sus pobladas cejas (ni se me hubiera ocurrido negarme, ya fuese lo que fuese que me pidiera, que por otra parte, del tiempo que lo llevaba conociendo, sab\u00eda que no ser\u00eda ni deshonesto ni ilegal ni desleal). Necesito que desde ma\u00f1ana hasta que acabe el curso, saque mi coche y lo estacione en la puerta de entrada del cuartel. Querr\u00e1 hacerlo? Es muy importante para m\u00ed. El coche lo necesita mi hija para ir a la Facultad y no creo que sea adecuado que entre al cuartel ella a por el coche. La verdad es que yo no necesitaba tanta explicaci\u00f3n.<\/p>\n<p align=\"JUSTIFY\">Por supuesto, mi teniente coronel. Ning\u00fan problema. Desde ma\u00f1ana me har\u00e9 cargo de sacar su coche. A qu\u00e9 hora lo necesita? D\u00f3nde le dejo las llaves?<\/p>\n<p align=\"JUSTIFY\">El bigote abundante pero cuidado de mi teniente coronel hizo un rictus de conformidad. Antes de las 7:05 tiene que estar delante del cuartel. Las llaves puede qued\u00e1rselas porque tengo otro juego. Gracias. Me desped\u00ed con el consabido A sus \u00f3rdenes mi teniente coronel y sal\u00ed del despacho en el convencimiento de que aquello era una oportunidad, como as\u00ed fue. Esa conversaci\u00f3n ocurri\u00f3 en su despacho, a principios de febrero.<\/p>\n<p align=\"JUSTIFY\">Ser el <i>furri<\/i> del acuartelamiento ten\u00eda estas \u201cventajas\u201d que no todo el mundo entend\u00eda como tales, pero para m\u00ed era la posibilidad de escaquearme un rato para comenzar el d\u00eda a gusto, conduciendo, dar un paseo por los alrededores del cuartel, por la carretera a Las Mercedes y Las Canteras, luego un peque\u00f1o rodeo por la parte norte de La Laguna, porque, como le dije al teniente coronel, no era bueno para el coche llevarlo reci\u00e9n arrancado y dejarlo enseguida en la puerta del acuartelamiento, sino que era m\u00e1s fiable y conveniente darle primero un \u201ccorto\u201d paseo para que su hija no tuviera problemas con el motor fr\u00edo. El teniente coronel, que era m\u00e1s que perro viejo, pronto entendi\u00f3 mi inter\u00e9s y la \u00fanica condici\u00f3n que me puso es que estuviera a la hora establecida en la puerta del cuartel, con gasolina suficiente. El coche era un 1500 blanco con unos 15 a\u00f1os, con el techo gris, de gasolina, que todav\u00eda ten\u00eda un cierto repr\u00eds, y que a m\u00ed, acostumbrado al \u00abse\u00edllas\u00bb de mi padre, se me antojaba un BMW.<\/p>\n<p align=\"JUSTIFY\"><a href=\"https:\/\/i0.wp.com\/miradordeatarfe.es\/wp-content\/uploads\/2016\/04\/milipuntouno_coche.jpg?ssl=1\" rel=\"attachment wp-att-7991\"><img data-recalc-dims=\"1\" loading=\"lazy\" decoding=\"async\" class=\"alignnone size-full wp-image-7991\" src=\"https:\/\/i0.wp.com\/miradordeatarfe.es\/wp-content\/uploads\/2016\/04\/milipuntouno_coche.jpg?resize=270%2C186&#038;ssl=1\" alt=\"milipuntouno_coche\" width=\"270\" height=\"186\" \/><\/a><\/p>\n<p align=\"JUSTIFY\">Aquella situaci\u00f3n me permit\u00eda darme unos garbeos por las carreteras de Las Canteras, Las Mercedes y volver al Cristo de La Laguna, en total no m\u00e1s de 15 o 20 minutos, que a m\u00ed me sab\u00edan a gloria por la sensaci\u00f3n de libertad en aquel mundo, el del servicio militar, casi totalmente controlado en su horario y actividades. Y aunque me obligaba a madrugar algo m\u00e1s, el premio lo merec\u00eda, ese rato de libertad era impagable.<\/p>\n<p align=\"JUSTIFY\">Hac\u00eda solo tres meses que sal\u00ed de casa, con mi petate verde lleno a rebosar de ropa de calle (para cuando salgais del cuartel, que digo yo que os dejar\u00e1n aunque sea un rato el fin de semana, justificaba mi madre) y comida, \u00a1ay, la mama!.. Comida para m\u00ed y para medio regimiento. El tren lo cogimos una soleada ma\u00f1ana en la estaci\u00f3n de Granada y nos llev\u00f3 hasta Sevilla. No s\u00e9 d\u00f3nde llegamos, pero al menos iba con mi buen amigo Esteban, antiguo compa\u00f1ero del Instituto, con el que a partir de aquel viaje y del resto del campamento, se continu\u00f3 con aquella buena amistad que hab\u00edamos forjado en la adolescencia, y que el tiempo y los estudios hab\u00edan enfriado un poquito; a ninguno de los que \u00edbamos en aquel tren a servir a la Patria nos dio lugar a pisar m\u00e1s de tres metros de calle en Sevilla antes de que hombres uniformados, con la gorra de PM (Policia Militar) nos metieran en camiones que nos llevaron a unos edificios que, imagino, deb\u00edan ser del Ej\u00e9rcito. Desde all\u00ed, al cabo de dos d\u00edas inacabables e insufribles por el calor, ya que est\u00e1bamos a mediados de septiembre y Sevilla es un horno en esa \u00e9poca, nos subieron en un H\u00e9rcules con direcci\u00f3n a Tenerife. No recuerdo si me dio lugar a cambiarme de ropa, o siquiera a ducharme en condiciones.<\/p>\n<p align=\"JUSTIFY\">Era la primera vez que sub\u00eda a un avi\u00f3n, y estaba algo impresionado, aunque hab\u00eda estudiado y conoc\u00eda apenas Barcelona y Madrid, en fin, que no ten\u00eda mucho mundo. Un muchacho de aspecto serio y triste que ten\u00eda a mi derecha, que se ve que ten\u00eda a\u00fan menos mundo que yo, cada vez que alguien se levantaba pon\u00eda el grito en el cielo <i>\u201cQuillo, no te muevas, \u00bfno has o\u00edo al teniente? Co\u00f1o, no t&#8217;estar\u00e1s meando tanto. Aguanta que s\u00f3lo es un ratillo\u201d, <\/i>con m\u00e1s miedo que verg\u00fcenza. Los dem\u00e1s nos mir\u00e1bamos y nos sonre\u00edamos: el miedo es libre, por supuesto.<\/p>\n<p align=\"JUSTIFY\">Llegamos al aeropuerto del Sur de Tenerife de noche, ser\u00edan las 2 o las 3 de la ma\u00f1ana. Delante nuestra una explanada que podr\u00eda acoger 10 campos de f\u00fatbol, con espacios perfectamente delineados entre docenas de camiones y Land Rover militares.<\/p>\n<p align=\"JUSTIFY\"><a href=\"https:\/\/i0.wp.com\/miradordeatarfe.es\/wp-content\/uploads\/2016\/04\/milipuntouno_hoyafria.jpg?ssl=1\" rel=\"attachment wp-att-7993\"><img data-recalc-dims=\"1\" loading=\"lazy\" decoding=\"async\" class=\"alignnone size-full wp-image-7993\" src=\"https:\/\/i0.wp.com\/miradordeatarfe.es\/wp-content\/uploads\/2016\/04\/milipuntouno_hoyafria.jpg?resize=271%2C186&#038;ssl=1\" alt=\"milipuntouno_hoyafria\" width=\"271\" height=\"186\" \/><\/a><\/p>\n<p align=\"JUSTIFY\">Conforme sal\u00edamos del avi\u00f3n nos fueron formando y cargando en camiones como si fu\u00e9ramos carne, con un destino que nosotros solo conoc\u00edamos de nombre: Hoya Fr\u00eda. Yo no recuerdo si estaba m\u00e1s dormido que asustado o m\u00e1s acojonado que despierto. All\u00ed todo el mundo daba voces y entre el sue\u00f1o, los uniformes, las leyendas de la mili, la verdad es que resultaba exageradamente castrense. Todos los reclutas \u00edbamos vestidos de paisano y los uniformes de los militares que nos esperaban a pie de escalerilla impon\u00edan un respeto que nunca antes hab\u00eda experimentado. Ese respeto se me ha quedado grabado en la mente desde entonces, y cuando veo a alguien uniformado siempre me encuentro algo inc\u00f3modo, da igual que sea militar, polic\u00eda, bombero, m\u00e9dico o lagarterano.<\/p>\n<p align=\"JUSTIFY\">Al llegar al campamento la cosa no empez\u00f3 mal, y en lugar de pelarnos al cero, como en el resto de compa\u00f1\u00edas, en la nuestra nos pelaban a tijera, con lo que la \u201cpeluca\u201d de los de la s\u00e9ptima era un rasgo diferenciador. El resto de reclutas, incluido mi amigo Esteban, nos dec\u00eda, con un mal disimulado sentimiento de sana envidia: Qu\u00e9 suerte, \u00a1est\u00e1s en la s\u00e9ptima!<\/p>\n<p align=\"JUSTIFY\">All\u00ed tuve la suerte de conocer a algunos personajes con los que finalmente compartir\u00eda m\u00e1s tiempo que con muchos amigos de toda la vida en Gran\u00e1. Porque eso s\u00ed, tiempo libre tuve en el campamento para aburrir. Que pena que la cabeza tenga la capacidad que tiene y haya borrado tantos momentos que fueron dulces all\u00ed. <a href=\"https:\/\/i0.wp.com\/miradordeatarfe.es\/wp-content\/uploads\/2016\/04\/milipuntouno_guagua.png?ssl=1\" rel=\"attachment wp-att-7994\"><img data-recalc-dims=\"1\" loading=\"lazy\" decoding=\"async\" class=\"alignnone size-full wp-image-7994\" src=\"https:\/\/i0.wp.com\/miradordeatarfe.es\/wp-content\/uploads\/2016\/04\/milipuntouno_guagua.png?resize=361%2C139&#038;ssl=1\" alt=\"milipuntouno_guagua\" width=\"361\" height=\"139\" srcset=\"https:\/\/i0.wp.com\/miradordeatarfe.es\/wp-content\/uploads\/2016\/04\/milipuntouno_guagua.png?w=361&amp;ssl=1 361w, https:\/\/i0.wp.com\/miradordeatarfe.es\/wp-content\/uploads\/2016\/04\/milipuntouno_guagua.png?resize=300%2C116&amp;ssl=1 300w\" sizes=\"auto, (max-width: 361px) 100vw, 361px\" \/><\/a><\/p>\n<p align=\"JUSTIFY\">Las tardes yendo a la cantina a pedir una cerveza y un bocata, a jugar al ping-pong o al futbol\u00edn, los fines de semana esperando el bus (la guagua en tinerfe\u00f1o) que nos llevaba a Santa Cruz. Tambi\u00e9n recuerdo las sesiones de tiro, y la decepci\u00f3n de descubrir que el magn\u00edfico tirador que hay dentro de m\u00ed estaba solo en mi imaginaci\u00f3n. Sufr\u00ed tambi\u00e9n el t\u00edpico caso del soldado que se vuelve con la metralleta hacia el teniente para decir con voz atolondrada lo de \u201cse m&#8217;ancasquillao\u201d y entonces todos los que est\u00e1bamos en su l\u00ednea de fuego nos tiramos cuerpo a tierra. Al pobre desgraciado le cayeron un par de d\u00edas de castigo, creo recordar.<\/p>\n<p>&nbsp;<\/p>\n","protected":false},"excerpt":{"rendered":"<p>Todos los d\u00edas, antes de coger el autob\u00fas, bajo al s\u00f3tano a sacar el coche&#8230;<\/p>\n","protected":false},"author":1,"featured_media":7996,"comment_status":"closed","ping_status":"closed","sticky":false,"template":"","format":"standard","meta":{"_coblocks_attr":"","_coblocks_dimensions":"","_coblocks_responsive_height":"","_coblocks_accordion_ie_support":"","jetpack_post_was_ever_published":false,"_jetpack_newsletter_access":"","_jetpack_dont_email_post_to_subs":false,"_jetpack_newsletter_tier_id":0,"_jetpack_memberships_contains_paywalled_content":false,"_jetpack_memberships_contains_paid_content":false,"footnotes":"","jetpack_publicize_message":"","jetpack_publicize_feature_enabled":true,"jetpack_social_post_already_shared":false,"jetpack_social_options":{"image_generator_settings":{"template":"highway","default_image_id":0,"enabled":false},"version":2}},"categories":[37,44,15],"tags":[531,2429],"class_list":["post-7987","post","type-post","status-publish","format-standard","has-post-thumbnail","hentry","category-opinion-de-manuel-sierra","category-noticias-de-hoy","category-ultimas-noticias","tag-coche","tag-mili"],"jetpack_publicize_connections":[],"jetpack_featured_media_url":"https:\/\/i0.wp.com\/miradordeatarfe.es\/wp-content\/uploads\/2016\/04\/milipuntouno_cuartel.jpg?fit=285%2C177&ssl=1","jetpack_likes_enabled":true,"jetpack_sharing_enabled":true,"_links":{"self":[{"href":"https:\/\/miradordeatarfe.es\/index.php?rest_route=\/wp\/v2\/posts\/7987","targetHints":{"allow":["GET"]}}],"collection":[{"href":"https:\/\/miradordeatarfe.es\/index.php?rest_route=\/wp\/v2\/posts"}],"about":[{"href":"https:\/\/miradordeatarfe.es\/index.php?rest_route=\/wp\/v2\/types\/post"}],"author":[{"embeddable":true,"href":"https:\/\/miradordeatarfe.es\/index.php?rest_route=\/wp\/v2\/users\/1"}],"replies":[{"embeddable":true,"href":"https:\/\/miradordeatarfe.es\/index.php?rest_route=%2Fwp%2Fv2%2Fcomments&post=7987"}],"version-history":[{"count":4,"href":"https:\/\/miradordeatarfe.es\/index.php?rest_route=\/wp\/v2\/posts\/7987\/revisions"}],"predecessor-version":[{"id":8099,"href":"https:\/\/miradordeatarfe.es\/index.php?rest_route=\/wp\/v2\/posts\/7987\/revisions\/8099"}],"wp:featuredmedia":[{"embeddable":true,"href":"https:\/\/miradordeatarfe.es\/index.php?rest_route=\/wp\/v2\/media\/7996"}],"wp:attachment":[{"href":"https:\/\/miradordeatarfe.es\/index.php?rest_route=%2Fwp%2Fv2%2Fmedia&parent=7987"}],"wp:term":[{"taxonomy":"category","embeddable":true,"href":"https:\/\/miradordeatarfe.es\/index.php?rest_route=%2Fwp%2Fv2%2Fcategories&post=7987"},{"taxonomy":"post_tag","embeddable":true,"href":"https:\/\/miradordeatarfe.es\/index.php?rest_route=%2Fwp%2Fv2%2Ftags&post=7987"}],"curies":[{"name":"wp","href":"https:\/\/api.w.org\/{rel}","templated":true}]}}